{"id":13984,"date":"2024-11-29T11:21:40","date_gmt":"2024-11-29T10:21:40","guid":{"rendered":"https:\/\/www.nouscims.com\/approbation-du-nouveau-reglement-sur-les-etrangers\/"},"modified":"2026-01-22T17:24:53","modified_gmt":"2026-01-22T16:24:53","slug":"approbation-du-nouveau-reglement-sur-les-etrangers","status":"publish","type":"post","link":"https:\/\/www.nouscims.com\/fr\/actualite\/approbation-du-nouveau-reglement-sur-les-etrangers\/","title":{"rendered":"Approbation du nouveau r\u00e8glement sur les \u00e9trangers"},"content":{"rendered":"<div class=\"wpb-content-wrapper\"><p>[vc_row][vc_column width=\u00a0\u00bb1\/2&Prime;][vc_column_text uncode_shortcode_id=\u00a0\u00bb797194&Prime;]<\/p>\n<h4><strong><span style=\"color: #f64943\">APPROBATION DU NOUVEAU REGLEMENT SUR LES ETRANGERS<\/span><\/strong><\/h4>\n<p><em><strong><span style=\"color: #f64943\">Laura Herrando et Marta Torrebadella, chef de projet et technicienne en insertion professionnelle du programme Zing.<\/span><\/strong><\/em><\/p>\n<p><span style=\"color: #000000\">Depuis l&rsquo;adoption de la premi\u00e8re loi sur les droits et libert\u00e9s des migrants en Espagne en 1985, la r\u00e9glementation dans ce domaine a connu des changements substantiels, parall\u00e8lement \u00e0 la croissance spectaculaire des flux migratoires vers l&rsquo;Espagne.<\/span><\/p>\n<p><span style=\"color: #000000\">Le 20 novembre, le nouveau r\u00e8glement sur les \u00e9trangers a \u00e9t\u00e9 approuv\u00e9, incluant d&rsquo;importantes modifications dans les modalit\u00e9s de l'\u00a0\u00bbarraigo\u00a0\u00bb, du regroupement familial et de l&rsquo;acc\u00e8s aux visas et aux autorisations de s\u00e9jour. Il entrera en vigueur le <strong><u>20 mai 2025.<\/u><\/strong> <\/span>[\/vc_column_text][\/vc_column][vc_column width=\u00a0\u00bb1\/2&Prime;][vc_single_image media=\u00a0\u00bb10277&Prime; media_width_percent=\u00a0\u00bb100&Prime; uncode_shortcode_id=\u00a0\u00bb259793&Prime;][\/vc_column][\/vc_row][vc_row][vc_column width=\u00a0\u00bb1\/1&Prime;][vc_column_text uncode_shortcode_id=\u00a0\u00bb374467&Prime;]<span style=\"color: #000000\">Les nouveaut\u00e9s du nouveau r\u00e8glement :<\/span><\/p>\n<p><span style=\"color: #000000\">L&rsquo;une des principales nouveaut\u00e9s de ce r\u00e8glement est la <strong>cr\u00e9ation d&rsquo;un syst\u00e8me plus clair et plus accessible pour les visas et les autorisations de s\u00e9jour<\/strong>. Toutes les autorisations initiales auront une dur\u00e9e d&rsquo;un an, tandis que les renouvellements seront port\u00e9s \u00e0 quatre ans, ce qui apportera de la stabilit\u00e9 tant aux migrants qu&rsquo;aux entreprises. Le visa de demandeur d&#8217;emploi passe de trois mois \u00e0 un an, ce qui facilite la recherche d&rsquo;un emploi adapt\u00e9 au profil professionnel.  <\/span><\/p>\n<p><span style=\"color: #000000\"><strong>De nouvelles cat\u00e9gories d&rsquo;arraigo sont cr\u00e9\u00e9es :<\/strong> <strong>social, socioprofessionnel, familial, socio-formation et<\/strong> une nouvelle cat\u00e9gorie appel\u00e9e <strong>\u00ab\u00a0arraigo de segunda oportunidad\u00a0\u00bb<\/strong>. Les autorisations d\u00e9riv\u00e9es de ces cat\u00e9gories auront une dur\u00e9e initiale d&rsquo;un an, sauf dans le cas des racines familiales, qui auront une dur\u00e9e de cinq ans. En outre, la dur\u00e9e du s\u00e9jour en Espagne est r\u00e9duite de 3 \u00e0 2 ans.  <\/span><\/p>\n<p><span style=\"color: #000000\"><strong>En ce qui concerne le regroupement familial<\/strong>, entre autres nouveaut\u00e9s, l&rsquo;\u00e2ge des enfants regroup\u00e9s est port\u00e9 \u00e0 26 ans (contre 21 ans auparavant) et la possibilit\u00e9 d&rsquo;inclure des partenaires non enregistr\u00e9s qui peuvent prouver une relation analogue est envisag\u00e9e. Le concept de membres de la famille regroup\u00e9s est \u00e9galement \u00e9tendu aux enfants et aux parents des victimes de la traite, de la violence sexuelle ou de la violence fond\u00e9e sur le genre. <\/span><\/p>\n<p><span style=\"color: #000000\"><strong>Les personnes titulaires d&rsquo;un permis d&rsquo;\u00e9tudes<\/strong> pourront travailler jusqu&rsquo;\u00e0 30 heures par semaine pendant leurs \u00e9tudes, et la transition vers un permis de travail \u00e0 la fin de leurs \u00e9tudes sera facilit\u00e9e. Une autorisation sp\u00e9cifique pour les activit\u00e9s saisonni\u00e8res est \u00e9galement cr\u00e9\u00e9e. <\/span><\/p>\n<p><span style=\"color: #000000\">Le r\u00e8glement complet peut \u00eatre consult\u00e9 sur ce lien :<\/span><\/p>\n<p><strong><span style=\"color: #000000\"><a style=\"color: #000000\" href=\"https:\/\/web.icam.es\/wp-content\/uploads\/2024\/11\/RD-1155-24-reglamento-ley-extranjeria.pdf\" target=\"_blank\" rel=\"noopener\">VOIR LE NOUVEAU R\u00c8GLEMENT<\/a><\/span><\/strong><\/p>\n<p><span style=\"color: #000000\">Ce r\u00e8glement, m\u00eame s&rsquo;il am\u00e9liore la situation actuelle, ne r\u00e9soudra pas imm\u00e9diatement la situation d&rsquo;irr\u00e9gularit\u00e9 dans laquelle se trouvent des milliers de personnes. C&rsquo;est pourquoi nous avons besoin de m\u00e9canismes efficaces pour accueillir et accompagner de mani\u00e8re globale les <strong>migrants<\/strong> et les r\u00e9fugi\u00e9s dans leur processus d&rsquo;inclusion.<\/span><\/p>\n<p><span style=\"color: #000000\">Avec la Fondation Camins, nous menons un projet d&rsquo;insertion professionnelle pour des jeunes en situation d&rsquo;irr\u00e9gularit\u00e9 administrative et nous avons constat\u00e9 que la cl\u00e9 pour rendre un projet d&rsquo;insertion professionnelle efficace pour ce groupe est de pouvoir combiner les 3 leviers, essentiels, pour formaliser un contrat qui permette la formation ou l&rsquo;enracinement social.<\/span><\/p>\n<p><span style=\"color: #000000\">Ces leviers sont les suivants<\/span><\/p>\n<ol>\n<li><span style=\"color: #000000\"><strong>Orientation sociale et professionnelle sp\u00e9cifique<\/strong><\/span><\/li>\n<\/ol>\n<p><span style=\"color: #000000\">Nous avons besoin d&rsquo;une approche personnalis\u00e9e avec des professionnels form\u00e9s dans le domaine des \u00e9trangers concepteurs :<\/span><\/p>\n<ul>\n<li><span style=\"color: #000000\"><strong>Diagnostic initial :<\/strong> \u00e9valuez les comp\u00e9tences, les aptitudes, les int\u00e9r\u00eats et les besoins sp\u00e9cifiques de chaque jeune. Identifiez leur niveau d&rsquo;\u00e9ducation, leur exp\u00e9rience professionnelle ant\u00e9rieure (formelle et informelle), leur situation administrative et leurs r\u00e9seaux de soutien. <\/span><\/li>\n<\/ul>\n<p><span style=\"color: #000000\"><strong>Plans individualis\u00e9s :<\/strong> conception d&rsquo;itin\u00e9raires personnalis\u00e9s qui int\u00e8grent la formation, le d\u00e9veloppement de comp\u00e9tences et d&rsquo;objectifs professionnels r\u00e9alisables, les besoins sociaux et l&rsquo;\u00e9panouissement personnel afin de parvenir au d\u00e9veloppement holistique de la personne et de promouvoir son autonomie.  <\/span><\/p>\n<ol start=\"2\">\n<li><span style=\"color: #000000\"><strong>Prospection et interm\u00e9diation du travail<\/strong><\/span><\/li>\n<\/ol>\n<p><span style=\"color: #000000\">Des partenariats devraient \u00eatre cr\u00e9\u00e9s avec des entreprises pour promouvoir un recrutement inclusif et des campagnes de sensibilisation pour lutter contre la discrimination sur le lieu de travail.<\/span><\/p>\n<ol start=\"3\">\n<li><span style=\"color: #000000\"><strong>Conseil juridique  <\/strong><\/span><\/li>\n<\/ol>\n<p><span style=\"color: #000000\">Il est non seulement n\u00e9cessaire d&rsquo;accompagner le jeune dans son processus de r\u00e9gularisation (en l&rsquo;accompagnant dans toutes les petites proc\u00e9dures bureaucratiques complexes)<strong> <\/strong>mais aussi l&rsquo;entreprise dans l&rsquo;ensemble du processus d&#8217;embauche du jeune en raison de la particularit\u00e9 de ce dernier.<\/span><\/p>\n<p><span style=\"color: #000000\">En plus de ces leviers, nous devons faire partie de <strong>r\u00e9seaux communautaires <\/strong>pour encourager leur participation \u00e0 des associations, des ONG et des espaces de soutien qui favorisent leur int\u00e9gration et avec lesquels nous pouvons partager des ressources, des outils et des connaissances.<\/span><\/p>\n<p><span style=\"color: #000000\">Dans notre cas, et avec l&rsquo;\u00e9ducation comme moteur du changement, nous continuons \u00e0 soutenir des bourses pour les jeunes en situation administrative irr\u00e9guli\u00e8re afin qu&rsquo;ils puissent acc\u00e9der \u00e0 la formation post-obligatoire et professionnelle, avec la ferme conviction que, malgr\u00e9 les obstacles qu&rsquo;ils rencontreront pour formaliser un contrat, ils am\u00e9lioreront leur niveau d&#8217;employabilit\u00e9 et quelque chose de non moins important&#8230; ils \u00ab\u00a0rempliront\u00a0\u00bb le temps d&rsquo;attente que l&rsquo;Office de l&rsquo;Immigration indique qu&rsquo;ils doivent \u00eatre enregistr\u00e9s dans le pays (depuis la nouvelle r\u00e9glementation, 2 ans), avec la meilleure des options : \u00e9tudier.<\/span>[\/vc_column_text][\/vc_column][\/vc_row]<\/p>\n<\/div>","protected":false},"excerpt":{"rendered":"<p> APPROBATION DU NOUVEAU REGLEMENT SUR LES ETRANGERS Laura Herrando et Marta Torrebadella, chef de projet et technicienne [&hellip;]<\/p>\n","protected":false},"author":2,"featured_media":10270,"comment_status":"closed","ping_status":"closed","sticky":false,"template":"","format":"standard","meta":{"footnotes":""},"categories":[189],"tags":[],"class_list":["post-13984","post","type-post","status-publish","format-standard","has-post-thumbnail","hentry","category-actualite"],"yoast_head":"<!-- This site is optimized with the Yoast SEO plugin v27.4 - https:\/\/yoast.com\/product\/yoast-seo-wordpress\/ -->\n<title>Approbation du nouveau r\u00e8glement sur les \u00e9trangers - Fundaci\u00f3n Privada Nous Cims<\/title>\n<meta name=\"description\" content=\"Le 20 mai 2025, le nouveau r\u00e8glement sur les \u00e9trangers entrera en vigueur. Il comprendra d&#039;importantes modifications des modalit\u00e9s de l&#039;&quot;arraigo&quot;, du regroupement familial et de l&#039;acc\u00e8s aux visas et aux autorisations de s\u00e9jour.\" \/>\n<meta name=\"robots\" content=\"index, follow, max-snippet:-1, max-image-preview:large, max-video-preview:-1\" \/>\n<link rel=\"canonical\" href=\"https:\/\/www.nouscims.com\/fr\/actualite\/approbation-du-nouveau-reglement-sur-les-etrangers\/\" \/>\n<meta property=\"og:locale\" content=\"fr_FR\" \/>\n<meta property=\"og:type\" content=\"article\" \/>\n<meta property=\"og:title\" content=\"Approbation du nouveau r\u00e8glement sur les \u00e9trangers - Fundaci\u00f3n Privada Nous Cims\" \/>\n<meta property=\"og:description\" content=\"Le 20 mai 2025, le nouveau r\u00e8glement sur les \u00e9trangers entrera en vigueur. Il comprendra d&#039;importantes modifications des modalit\u00e9s de l&#039;&quot;arraigo&quot;, du regroupement familial et de l&#039;acc\u00e8s aux visas et aux autorisations de s\u00e9jour.\" \/>\n<meta property=\"og:url\" content=\"https:\/\/www.nouscims.com\/fr\/actualite\/approbation-du-nouveau-reglement-sur-les-etrangers\/\" \/>\n<meta property=\"og:site_name\" content=\"Fundaci\u00f3n Privada Nous Cims\" \/>\n<meta property=\"article:publisher\" content=\"https:\/\/www.facebook.com\/nouscims\" \/>\n<meta property=\"article:published_time\" content=\"2024-11-29T10:21:40+00:00\" \/>\n<meta property=\"article:modified_time\" content=\"2026-01-22T16:24:53+00:00\" \/>\n<meta property=\"og:image\" content=\"https:\/\/www.nouscims.com\/wp-content\/uploads\/2025\/02\/IMG_0624-scaled.jpg\" \/>\n\t<meta property=\"og:image:width\" content=\"2560\" \/>\n\t<meta property=\"og:image:height\" content=\"1707\" \/>\n\t<meta property=\"og:image:type\" content=\"image\/jpeg\" \/>\n<meta name=\"author\" content=\"Nous Cims\" \/>\n<meta name=\"twitter:card\" content=\"summary_large_image\" \/>\n<meta name=\"twitter:creator\" content=\"@nouscims\" \/>\n<meta name=\"twitter:site\" content=\"@nouscims\" \/>\n<meta name=\"twitter:label1\" content=\"\u00c9crit par\" \/>\n\t<meta name=\"twitter:data1\" content=\"Nous Cims\" \/>\n\t<meta name=\"twitter:label2\" content=\"Dur\u00e9e de lecture estim\u00e9e\" \/>\n\t<meta name=\"twitter:data2\" content=\"4 minutes\" \/>\n<script type=\"application\/ld+json\" class=\"yoast-schema-graph\">{\"@context\":\"https:\\\/\\\/schema.org\",\"@graph\":[{\"@type\":\"Article\",\"@id\":\"https:\\\/\\\/www.nouscims.com\\\/fr\\\/actualite\\\/approbation-du-nouveau-reglement-sur-les-etrangers\\\/#article\",\"isPartOf\":{\"@id\":\"https:\\\/\\\/www.nouscims.com\\\/fr\\\/actualite\\\/approbation-du-nouveau-reglement-sur-les-etrangers\\\/\"},\"author\":{\"name\":\"Nous Cims\",\"@id\":\"https:\\\/\\\/www.nouscims.com\\\/fr\\\/#\\\/schema\\\/person\\\/c49be7fd7667a36f1b39c1c5a2becf99\"},\"headline\":\"Approbation du nouveau r\u00e8glement sur les \u00e9trangers\",\"datePublished\":\"2024-11-29T10:21:40+00:00\",\"dateModified\":\"2026-01-22T16:24:53+00:00\",\"mainEntityOfPage\":{\"@id\":\"https:\\\/\\\/www.nouscims.com\\\/fr\\\/actualite\\\/approbation-du-nouveau-reglement-sur-les-etrangers\\\/\"},\"wordCount\":940,\"image\":{\"@id\":\"https:\\\/\\\/www.nouscims.com\\\/fr\\\/actualite\\\/approbation-du-nouveau-reglement-sur-les-etrangers\\\/#primaryimage\"},\"thumbnailUrl\":\"https:\\\/\\\/www.nouscims.com\\\/wp-content\\\/uploads\\\/2025\\\/02\\\/IMG_0624-scaled.jpg\",\"articleSection\":[\"Actualit\u00e9s\"],\"inLanguage\":\"fr-FR\"},{\"@type\":\"WebPage\",\"@id\":\"https:\\\/\\\/www.nouscims.com\\\/fr\\\/actualite\\\/approbation-du-nouveau-reglement-sur-les-etrangers\\\/\",\"url\":\"https:\\\/\\\/www.nouscims.com\\\/fr\\\/actualite\\\/approbation-du-nouveau-reglement-sur-les-etrangers\\\/\",\"name\":\"Approbation du nouveau r\u00e8glement sur les \u00e9trangers - Fundaci\u00f3n Privada Nous Cims\",\"isPartOf\":{\"@id\":\"https:\\\/\\\/www.nouscims.com\\\/fr\\\/#website\"},\"primaryImageOfPage\":{\"@id\":\"https:\\\/\\\/www.nouscims.com\\\/fr\\\/actualite\\\/approbation-du-nouveau-reglement-sur-les-etrangers\\\/#primaryimage\"},\"image\":{\"@id\":\"https:\\\/\\\/www.nouscims.com\\\/fr\\\/actualite\\\/approbation-du-nouveau-reglement-sur-les-etrangers\\\/#primaryimage\"},\"thumbnailUrl\":\"https:\\\/\\\/www.nouscims.com\\\/wp-content\\\/uploads\\\/2025\\\/02\\\/IMG_0624-scaled.jpg\",\"datePublished\":\"2024-11-29T10:21:40+00:00\",\"dateModified\":\"2026-01-22T16:24:53+00:00\",\"author\":{\"@id\":\"https:\\\/\\\/www.nouscims.com\\\/fr\\\/#\\\/schema\\\/person\\\/c49be7fd7667a36f1b39c1c5a2becf99\"},\"description\":\"Le 20 mai 2025, le nouveau r\u00e8glement sur les \u00e9trangers entrera en vigueur. Il comprendra d'importantes modifications des modalit\u00e9s de l'\\\"arraigo\\\", du regroupement familial et de l'acc\u00e8s aux visas et aux autorisations de s\u00e9jour.\",\"breadcrumb\":{\"@id\":\"https:\\\/\\\/www.nouscims.com\\\/fr\\\/actualite\\\/approbation-du-nouveau-reglement-sur-les-etrangers\\\/#breadcrumb\"},\"inLanguage\":\"fr-FR\",\"potentialAction\":[{\"@type\":\"ReadAction\",\"target\":[\"https:\\\/\\\/www.nouscims.com\\\/fr\\\/actualite\\\/approbation-du-nouveau-reglement-sur-les-etrangers\\\/\"]}]},{\"@type\":\"ImageObject\",\"inLanguage\":\"fr-FR\",\"@id\":\"https:\\\/\\\/www.nouscims.com\\\/fr\\\/actualite\\\/approbation-du-nouveau-reglement-sur-les-etrangers\\\/#primaryimage\",\"url\":\"https:\\\/\\\/www.nouscims.com\\\/wp-content\\\/uploads\\\/2025\\\/02\\\/IMG_0624-scaled.jpg\",\"contentUrl\":\"https:\\\/\\\/www.nouscims.com\\\/wp-content\\\/uploads\\\/2025\\\/02\\\/IMG_0624-scaled.jpg\",\"width\":2560,\"height\":1707},{\"@type\":\"BreadcrumbList\",\"@id\":\"https:\\\/\\\/www.nouscims.com\\\/fr\\\/actualite\\\/approbation-du-nouveau-reglement-sur-les-etrangers\\\/#breadcrumb\",\"itemListElement\":[{\"@type\":\"ListItem\",\"position\":1,\"name\":\"Portada\",\"item\":\"https:\\\/\\\/www.nouscims.com\\\/fr\\\/\"},{\"@type\":\"ListItem\",\"position\":2,\"name\":\"Approbation du nouveau r\u00e8glement sur les \u00e9trangers\"}]},{\"@type\":\"WebSite\",\"@id\":\"https:\\\/\\\/www.nouscims.com\\\/fr\\\/#website\",\"url\":\"https:\\\/\\\/www.nouscims.com\\\/fr\\\/\",\"name\":\"Fundaci\u00f3n Privada Nous Cims\",\"description\":\"Impulsamos y desarrollamos proyectos de innovaci\u00f3n social\",\"potentialAction\":[{\"@type\":\"SearchAction\",\"target\":{\"@type\":\"EntryPoint\",\"urlTemplate\":\"https:\\\/\\\/www.nouscims.com\\\/fr\\\/?s={search_term_string}\"},\"query-input\":{\"@type\":\"PropertyValueSpecification\",\"valueRequired\":true,\"valueName\":\"search_term_string\"}}],\"inLanguage\":\"fr-FR\"},{\"@type\":\"Person\",\"@id\":\"https:\\\/\\\/www.nouscims.com\\\/fr\\\/#\\\/schema\\\/person\\\/c49be7fd7667a36f1b39c1c5a2becf99\",\"name\":\"Nous Cims\",\"image\":{\"@type\":\"ImageObject\",\"inLanguage\":\"fr-FR\",\"@id\":\"https:\\\/\\\/secure.gravatar.com\\\/avatar\\\/1dd42f1cafb4dfa67ddb690263b49eb6dd0b847386b5e1ee729643a318a2de73?s=96&d=mm&r=g\",\"url\":\"https:\\\/\\\/secure.gravatar.com\\\/avatar\\\/1dd42f1cafb4dfa67ddb690263b49eb6dd0b847386b5e1ee729643a318a2de73?s=96&d=mm&r=g\",\"contentUrl\":\"https:\\\/\\\/secure.gravatar.com\\\/avatar\\\/1dd42f1cafb4dfa67ddb690263b49eb6dd0b847386b5e1ee729643a318a2de73?s=96&d=mm&r=g\",\"caption\":\"Nous Cims\"},\"url\":\"https:\\\/\\\/www.nouscims.com\\\/fr\\\/author\\\/edelcampo\\\/\"}]}<\/script>\n<!-- \/ Yoast SEO plugin. -->","yoast_head_json":{"title":"Approbation du nouveau r\u00e8glement sur les \u00e9trangers - Fundaci\u00f3n Privada Nous Cims","description":"Le 20 mai 2025, le nouveau r\u00e8glement sur les \u00e9trangers entrera en vigueur. Il comprendra d'importantes modifications des modalit\u00e9s de l'\"arraigo\", du regroupement familial et de l'acc\u00e8s aux visas et aux autorisations de s\u00e9jour.","robots":{"index":"index","follow":"follow","max-snippet":"max-snippet:-1","max-image-preview":"max-image-preview:large","max-video-preview":"max-video-preview:-1"},"canonical":"https:\/\/www.nouscims.com\/fr\/actualite\/approbation-du-nouveau-reglement-sur-les-etrangers\/","og_locale":"fr_FR","og_type":"article","og_title":"Approbation du nouveau r\u00e8glement sur les \u00e9trangers - Fundaci\u00f3n Privada Nous Cims","og_description":"Le 20 mai 2025, le nouveau r\u00e8glement sur les \u00e9trangers entrera en vigueur. Il comprendra d'importantes modifications des modalit\u00e9s de l'\"arraigo\", du regroupement familial et de l'acc\u00e8s aux visas et aux autorisations de s\u00e9jour.","og_url":"https:\/\/www.nouscims.com\/fr\/actualite\/approbation-du-nouveau-reglement-sur-les-etrangers\/","og_site_name":"Fundaci\u00f3n Privada Nous Cims","article_publisher":"https:\/\/www.facebook.com\/nouscims","article_published_time":"2024-11-29T10:21:40+00:00","article_modified_time":"2026-01-22T16:24:53+00:00","og_image":[{"width":2560,"height":1707,"url":"https:\/\/www.nouscims.com\/wp-content\/uploads\/2025\/02\/IMG_0624-scaled.jpg","type":"image\/jpeg"}],"author":"Nous Cims","twitter_card":"summary_large_image","twitter_creator":"@nouscims","twitter_site":"@nouscims","twitter_misc":{"\u00c9crit par":"Nous Cims","Dur\u00e9e de lecture estim\u00e9e":"4 minutes"},"schema":{"@context":"https:\/\/schema.org","@graph":[{"@type":"Article","@id":"https:\/\/www.nouscims.com\/fr\/actualite\/approbation-du-nouveau-reglement-sur-les-etrangers\/#article","isPartOf":{"@id":"https:\/\/www.nouscims.com\/fr\/actualite\/approbation-du-nouveau-reglement-sur-les-etrangers\/"},"author":{"name":"Nous Cims","@id":"https:\/\/www.nouscims.com\/fr\/#\/schema\/person\/c49be7fd7667a36f1b39c1c5a2becf99"},"headline":"Approbation du nouveau r\u00e8glement sur les \u00e9trangers","datePublished":"2024-11-29T10:21:40+00:00","dateModified":"2026-01-22T16:24:53+00:00","mainEntityOfPage":{"@id":"https:\/\/www.nouscims.com\/fr\/actualite\/approbation-du-nouveau-reglement-sur-les-etrangers\/"},"wordCount":940,"image":{"@id":"https:\/\/www.nouscims.com\/fr\/actualite\/approbation-du-nouveau-reglement-sur-les-etrangers\/#primaryimage"},"thumbnailUrl":"https:\/\/www.nouscims.com\/wp-content\/uploads\/2025\/02\/IMG_0624-scaled.jpg","articleSection":["Actualit\u00e9s"],"inLanguage":"fr-FR"},{"@type":"WebPage","@id":"https:\/\/www.nouscims.com\/fr\/actualite\/approbation-du-nouveau-reglement-sur-les-etrangers\/","url":"https:\/\/www.nouscims.com\/fr\/actualite\/approbation-du-nouveau-reglement-sur-les-etrangers\/","name":"Approbation du nouveau r\u00e8glement sur les \u00e9trangers - Fundaci\u00f3n Privada Nous Cims","isPartOf":{"@id":"https:\/\/www.nouscims.com\/fr\/#website"},"primaryImageOfPage":{"@id":"https:\/\/www.nouscims.com\/fr\/actualite\/approbation-du-nouveau-reglement-sur-les-etrangers\/#primaryimage"},"image":{"@id":"https:\/\/www.nouscims.com\/fr\/actualite\/approbation-du-nouveau-reglement-sur-les-etrangers\/#primaryimage"},"thumbnailUrl":"https:\/\/www.nouscims.com\/wp-content\/uploads\/2025\/02\/IMG_0624-scaled.jpg","datePublished":"2024-11-29T10:21:40+00:00","dateModified":"2026-01-22T16:24:53+00:00","author":{"@id":"https:\/\/www.nouscims.com\/fr\/#\/schema\/person\/c49be7fd7667a36f1b39c1c5a2becf99"},"description":"Le 20 mai 2025, le nouveau r\u00e8glement sur les \u00e9trangers entrera en vigueur. Il comprendra d'importantes modifications des modalit\u00e9s de l'\"arraigo\", du regroupement familial et de l'acc\u00e8s aux visas et aux autorisations de s\u00e9jour.","breadcrumb":{"@id":"https:\/\/www.nouscims.com\/fr\/actualite\/approbation-du-nouveau-reglement-sur-les-etrangers\/#breadcrumb"},"inLanguage":"fr-FR","potentialAction":[{"@type":"ReadAction","target":["https:\/\/www.nouscims.com\/fr\/actualite\/approbation-du-nouveau-reglement-sur-les-etrangers\/"]}]},{"@type":"ImageObject","inLanguage":"fr-FR","@id":"https:\/\/www.nouscims.com\/fr\/actualite\/approbation-du-nouveau-reglement-sur-les-etrangers\/#primaryimage","url":"https:\/\/www.nouscims.com\/wp-content\/uploads\/2025\/02\/IMG_0624-scaled.jpg","contentUrl":"https:\/\/www.nouscims.com\/wp-content\/uploads\/2025\/02\/IMG_0624-scaled.jpg","width":2560,"height":1707},{"@type":"BreadcrumbList","@id":"https:\/\/www.nouscims.com\/fr\/actualite\/approbation-du-nouveau-reglement-sur-les-etrangers\/#breadcrumb","itemListElement":[{"@type":"ListItem","position":1,"name":"Portada","item":"https:\/\/www.nouscims.com\/fr\/"},{"@type":"ListItem","position":2,"name":"Approbation du nouveau r\u00e8glement sur les \u00e9trangers"}]},{"@type":"WebSite","@id":"https:\/\/www.nouscims.com\/fr\/#website","url":"https:\/\/www.nouscims.com\/fr\/","name":"Fundaci\u00f3n Privada Nous Cims","description":"Impulsamos y desarrollamos proyectos de innovaci\u00f3n social","potentialAction":[{"@type":"SearchAction","target":{"@type":"EntryPoint","urlTemplate":"https:\/\/www.nouscims.com\/fr\/?s={search_term_string}"},"query-input":{"@type":"PropertyValueSpecification","valueRequired":true,"valueName":"search_term_string"}}],"inLanguage":"fr-FR"},{"@type":"Person","@id":"https:\/\/www.nouscims.com\/fr\/#\/schema\/person\/c49be7fd7667a36f1b39c1c5a2becf99","name":"Nous Cims","image":{"@type":"ImageObject","inLanguage":"fr-FR","@id":"https:\/\/secure.gravatar.com\/avatar\/1dd42f1cafb4dfa67ddb690263b49eb6dd0b847386b5e1ee729643a318a2de73?s=96&d=mm&r=g","url":"https:\/\/secure.gravatar.com\/avatar\/1dd42f1cafb4dfa67ddb690263b49eb6dd0b847386b5e1ee729643a318a2de73?s=96&d=mm&r=g","contentUrl":"https:\/\/secure.gravatar.com\/avatar\/1dd42f1cafb4dfa67ddb690263b49eb6dd0b847386b5e1ee729643a318a2de73?s=96&d=mm&r=g","caption":"Nous Cims"},"url":"https:\/\/www.nouscims.com\/fr\/author\/edelcampo\/"}]}},"_links":{"self":[{"href":"https:\/\/www.nouscims.com\/fr\/wp-json\/wp\/v2\/posts\/13984","targetHints":{"allow":["GET"]}}],"collection":[{"href":"https:\/\/www.nouscims.com\/fr\/wp-json\/wp\/v2\/posts"}],"about":[{"href":"https:\/\/www.nouscims.com\/fr\/wp-json\/wp\/v2\/types\/post"}],"author":[{"embeddable":true,"href":"https:\/\/www.nouscims.com\/fr\/wp-json\/wp\/v2\/users\/2"}],"replies":[{"embeddable":true,"href":"https:\/\/www.nouscims.com\/fr\/wp-json\/wp\/v2\/comments?post=13984"}],"version-history":[{"count":3,"href":"https:\/\/www.nouscims.com\/fr\/wp-json\/wp\/v2\/posts\/13984\/revisions"}],"predecessor-version":[{"id":14387,"href":"https:\/\/www.nouscims.com\/fr\/wp-json\/wp\/v2\/posts\/13984\/revisions\/14387"}],"wp:featuredmedia":[{"embeddable":true,"href":"https:\/\/www.nouscims.com\/fr\/wp-json\/wp\/v2\/media\/10270"}],"wp:attachment":[{"href":"https:\/\/www.nouscims.com\/fr\/wp-json\/wp\/v2\/media?parent=13984"}],"wp:term":[{"taxonomy":"category","embeddable":true,"href":"https:\/\/www.nouscims.com\/fr\/wp-json\/wp\/v2\/categories?post=13984"},{"taxonomy":"post_tag","embeddable":true,"href":"https:\/\/www.nouscims.com\/fr\/wp-json\/wp\/v2\/tags?post=13984"}],"curies":[{"name":"wp","href":"https:\/\/api.w.org\/{rel}","templated":true}]}}