{"id":13945,"date":"2025-02-06T11:12:59","date_gmt":"2025-02-06T10:12:59","guid":{"rendered":"https:\/\/www.nouscims.com\/pensee-decoloniale-pensee-systemique-et-cooperation-internationale-reflexions-sur-la-possibilite-de-reunir-ces-mondes-grace-a-lapproche-des-zones-modeles\/"},"modified":"2026-01-22T17:23:51","modified_gmt":"2026-01-22T16:23:51","slug":"pensee-decoloniale-pensee-systemique-et-cooperation-internationale-reflexions-sur-la-possibilite-de-reunir-ces-mondes-grace-a-lapproche-des-zones-modeles","status":"publish","type":"post","link":"https:\/\/www.nouscims.com\/fr\/actualite\/pensee-decoloniale-pensee-systemique-et-cooperation-internationale-reflexions-sur-la-possibilite-de-reunir-ces-mondes-grace-a-lapproche-des-zones-modeles\/","title":{"rendered":"Pens\u00e9e d\u00e9coloniale, pens\u00e9e syst\u00e9mique et coop\u00e9ration internationale : r\u00e9flexions sur la possibilit\u00e9 de r\u00e9unir ces mondes gr\u00e2ce \u00e0 l&rsquo;approche des zones mod\u00e8les."},"content":{"rendered":"<div class=\"wpb-content-wrapper\"><p>[vc_row row_height_percent=\u00a0\u00bb0&Prime; overlay_alpha=\u00a0\u00bb50&Prime; gutter_size=\u00a0\u00bb3&Prime; column_width_percent=\u00a0\u00bb100&Prime; shift_y=\u00a0\u00bb0&Prime; z_index=\u00a0\u00bb0&Prime; uncode_shortcode_id=\u00a0\u00bb225615&Prime;][vc_column width=\u00a0\u00bb1\/2&Prime;][vc_column_text uncode_shortcode_id=\u00a0\u00bb188515&Prime;]<\/p>\n<h4><strong><span style=\"color: #f64943\">PENS\u00c9E D\u00c9COLONIALE, PENS\u00c9E SYST\u00c9MIQUE ET COOP\u00c9RATION INTERNATIONALE : R\u00c9FLEXIONS SUR LA POSSIBILIT\u00c9 DE R\u00c9UNIR CES MONDES PAR L&rsquo;APPROCHE DE LA ZONE MOD\u00c8LE<\/span><\/strong><\/h4>\n<p><em><strong><span style=\"color: #f64943\">Carolina Aranzazu Osorio, repr\u00e9sentante de la Fondation Nous Cims en Colombie.<\/span><\/strong><\/em><\/p>\n<p>\u00ab\u00a0<em>Lorsqu&rsquo;un syst\u00e8me est loin de l&rsquo;\u00e9quilibre, de petits \u00eelots de coh\u00e9rence dans une mer de chaos ont la capacit\u00e9 d&rsquo;\u00e9lever le syst\u00e8me \u00e0 un ordre sup\u00e9rieur<\/em>\u00ab\u00a0<a href=\"#_ftn1\" name=\"_ftnref1\">[1].<\/a>[\/vc_column_text][\/vc_column][vc_column column_width_percent=\u00a0\u00bb100&Prime; gutter_size=\u00a0\u00bb3&Prime; overlay_alpha=\u00a0\u00bb50&Prime; shift_x=\u00a0\u00bb0&Prime; shift_y=\u00a0\u00bb0&Prime; shift_y_down=\u00a0\u00bb0&Prime; z_index=\u00a0\u00bb0&Prime; medium_width=\u00a0\u00bb0&Prime; mobile_width=\u00a0\u00bb0&Prime; width=\u00a0\u00bb1\/2&Prime; uncode_shortcode_id=\u00a0\u00bb202615&Prime;][vc_single_image media=\u00a0\u00bb10204&Prime; media_width_percent=\u00a0\u00bb100&Prime; uncode_shortcode_id=\u00a0\u00bb725204&Prime;][\/vc_column][\/vc_row][vc_row][vc_column width=\u00a0\u00bb1\/1&Prime;][vc_column_text uncode_shortcode_id=\u00a0\u00bb863066&Prime;]Adopter une position \u00e9thique en raison d&rsquo;un profond malaise<a href=\"#_ftn2\" name=\"_ftnref2\">[2]<\/a> face au racisme, au classisme et \u00e0 d&rsquo;autres h\u00e9ritages coloniaux, et travailler dans le secteur de la coop\u00e9ration internationale &#8211; que divers points de vue critiques sur le Sud nous font comprendre comme une forme de n\u00e9ocolonialisme &#8211; semble \u00eatre une grande contradiction.<\/p>\n<p>Ainsi, \u00e0 partir de la contradiction, des questions qui me hantent depuis plusieurs ann\u00e9es, comment aborder la tension entre la na\u00efvet\u00e9 et l&rsquo;espoir, ou plut\u00f4t, comment combattre le d\u00e9sespoir appris, je vais maintenant vous proposer quelques r\u00e9flexions, concepts, questions et id\u00e9es sur la mani\u00e8re de parcourir ce chemin.<\/p>\n<p><strong>Le point de d\u00e9part (ou les titres qui r\u00e9sonnent le plus) : un monde en proie au chaos et une coop\u00e9ration internationale qui n&rsquo;a pas g\u00e9n\u00e9r\u00e9 les \u00ab\u00a0impacts\u00a0\u00bb escompt\u00e9s.<\/strong><\/p>\n<p>Repositionnement des droites les plus radicales, in\u00e9galit\u00e9s, polarisation, r\u00e9gression des droits acquis, augmentation des flux migratoires, ce que l&rsquo;on appelle en prospective les wild cards : pand\u00e9mies, guerres, catastrophes environnementales&#8230; Incertitude totale ! <\/p>\n<p>Les pays du Sud sont confront\u00e9s \u00e0 des changements tr\u00e8s acc\u00e9l\u00e9r\u00e9s, sous l&rsquo;impulsion des pays du Nord : la <a href=\"https:\/\/www.fundacioncarolina.es\/catalogo\/la-triple-transicion-visiones-cruzadas-desde-latinoamerica-y-la-union-europea\/\">triple transition<\/a> num\u00e9rique, \u00e9cologique et socio-\u00e9conomique<a href=\"https:\/\/www.fundacioncarolina.es\/wp-content\/uploads\/2023\/07\/LibroFC_Oxfam.pdf\">(Fundaci\u00f3n Carolina et Oxfam Interm\u00f3n, 2022<\/a>). C&rsquo;est ce qu&rsquo;affirme le PNUD dans son Rapport sur le d\u00e9veloppement humain 2020 <em>\u00bf<\/em> <em>Pourquoi, malgr\u00e9 toutes nos richesses et nos technologies, sommes-nous si stagnants ? Est-il possible de mobiliser l&rsquo;action pour relever des d\u00e9fis partag\u00e9s au niveau mondial dans un monde intens\u00e9ment polaris\u00e9 ? <\/em><\/p>\n<p>Dans le sillage de la peur collective g\u00e9n\u00e9r\u00e9e par la pand\u00e9mie de covi-19, le PNUD, dans son rapport sur le d\u00e9veloppement humain 2020, a \u00e9t\u00e9 plus radical et a avanc\u00e9 les pr\u00e9misses suivantes :<\/p>\n<p style=\"padding-left: 40px\"><em>\u00ab\u00a0En fait, les pressions que nous exer\u00e7ons sur la plan\u00e8te sont d\u00e9j\u00e0 si fortes que les scientifiques se demandent si la Terre n&rsquo;est pas entr\u00e9e dans une \u00e8re g\u00e9ologique enti\u00e8rement nouvelle : l&rsquo;Anthropoc\u00e8ne, l&rsquo;\u00e2ge de l&rsquo;homme. Cela signifie que nous sommes les premiers \u00e0 vivre dans une \u00e8re d\u00e9finie par des choix humains, dans laquelle le risque dominant pour notre survie est nous-m\u00eames. <\/em><\/p>\n<p style=\"padding-left: 40px\"><em>Pour survivre et prosp\u00e9rer dans cette nouvelle \u00e8re, nous devons tracer une nouvelle voie de progr\u00e8s qui respecte les destins entrelac\u00e9s des personnes et de la plan\u00e8te, et qui reconnaisse que l&#8217;empreinte mat\u00e9rielle et carbone de ceux qui ont le plus compromet les opportunit\u00e9s de ceux qui ont le moins\u00a0\u00bb.<\/em><\/p>\n<p>En outre (ou pr\u00e9cis\u00e9ment en partie \u00e0 cause de cela ?), la mani\u00e8re dont nous avons proc\u00e9d\u00e9 dans le cadre de la coop\u00e9ration internationale n&rsquo;a pas fonctionn\u00e9. Bien qu&rsquo;il existe de nombreuses exp\u00e9riences pr\u00e9cieuses de changements dans la vie des personnes participant \u00e0 diff\u00e9rents projets, la coop\u00e9ration internationale en tant que syst\u00e8me n&rsquo;a pas \u00e9t\u00e9 en mesure de tenir ses promesses de valeur, ni d&rsquo;avoir un impact collectif ou de changer les structures des \u00c9tats des \u00ab\u00a0pays en d\u00e9veloppement\u00a0\u00bb. Apr\u00e8s des d\u00e9cennies d&rsquo;investissement dans des \u00ab\u00a0projets transformateurs\u00a0\u00bb, la coop\u00e9ration internationale n&rsquo;a pas cess\u00e9 d&rsquo;\u00eatre n\u00e9cessaire&#8230; en d&rsquo;autres termes, elle n&rsquo;a pas favoris\u00e9 le changement structurel.  <\/p>\n<p>Ce mode de fonctionnement syst\u00e9matique du Nord global est reproduit dans le syst\u00e8me mondial de coop\u00e9ration internationale. La cat\u00e9gorisation des \u00ab\u00a0pays d\u00e9velopp\u00e9s\u00a0\u00bb, des \u00ab\u00a0pays du tiers monde\u00a0\u00bb, des \u00ab\u00a0pays en d\u00e9veloppement\u00a0\u00bb, de l'\u00a0\u00bbaide publique au d\u00e9veloppement\u00a0\u00bb sert ce syst\u00e8me et cette vision de sup\u00e9riorit\u00e9. <\/p>\n<p>Comme l&rsquo;a dit le professeur Sergio Calundungo dans le cours sur la d\u00e9colonisation et les ONG (2024)<a href=\"#_ftn3\" name=\"_ftnref3\">[3]<\/a>, <em>\u00ab\u00a0nous faisons partie d&rsquo;une machine coloniale\u00a0\u00bb [] &#8230; Les ONG deviennent des instruments du syst\u00e8me, nous sommes fonctionnels parce que nous mettons des rustines \u00ab\u00a0pour montrer \u00e0 quel point nous sommes bons\u00a0\u00bb.<\/em><\/p>\n<p><a href=\"https:\/\/www.devex.com\/news\/authors\/1774305\">Amitabh Behar<\/a> (2024<a href=\"#_ftn4\" name=\"_ftnref4\">[4]<\/a>), directeur ex\u00e9cutif d&rsquo;Oxfam International, l&rsquo;exprime de mani\u00e8re tr\u00e8s int\u00e9ressante dans son article \u00ab\u00a0How to get from rhetoric to reality in decolonizing development\u00a0\u00bb (Comment passer de la rh\u00e9torique \u00e0 la r\u00e9alit\u00e9 en d\u00e9colonisant le d\u00e9veloppement) :<\/p>\n<p style=\"padding-left: 40px\"><em>Le secteur du d\u00e9veloppement est un miroir et un reflet de la mani\u00e8re dont le pouvoir est concentr\u00e9 au sein de quelques groupes dans l&rsquo;ordre mondial, et ne peut \u00eatre s\u00e9par\u00e9 de l&rsquo;\u00e9conomie politique au sens large.<\/em><\/p>\n<p style=\"padding-left: 40px\"><em>Il est imp\u00e9ratif que le leadership mondial du secteur [de la coop\u00e9ration internationale au d\u00e9veloppement] canalise l&rsquo;\u00e9lan positif vers un changement de pouvoir en d\u00e9colonisant des domaines tels que la conception et la structure organisationnelles, la distribution de l&rsquo;argent et la mani\u00e8re dont les connaissances et les comp\u00e9tences sont \u00e9valu\u00e9es. \u00ab\u00a0Tout effort de d\u00e9colonisation qui n&rsquo;aborde pas la redistribution et la prise de d\u00e9cision \u00e9quitable en mati\u00e8re de ressources financi\u00e8res (argent) restera un effort vide et creux\u00a0\u00bb.   <\/em><\/p>\n<p><em> <\/em>Luciana Peker, f\u00e9ministe et journaliste argentine, nous fait r\u00e9fl\u00e9chir de mani\u00e8re plus crue lorsqu&rsquo;elle analyse le retrait des coop\u00e9rants internationaux des territoires en crise : <em>\u00a0\u00bb \u00eatre colonial et s&rsquo;effacer soi-m\u00eame, c&rsquo;est \u00eatre doublement colonial \u00a0\u00bb []&#8230; \u00a0\u00bb La d\u00e9construction n&rsquo;est pas la destruction, surtout dans les sc\u00e9narios o\u00f9 la pr\u00e9sence coloniale a d\u00e9j\u00e0 \u00e9t\u00e9 exerc\u00e9e et o\u00f9 les territoires sont laiss\u00e9s ravag\u00e9s par la pauvret\u00e9, l&rsquo;in\u00e9galit\u00e9 et le manque de souverainet\u00e9 \u00e9conomique et avec des d\u00e9mocraties faibles \u00ab\u00a0<\/em> (Peker, 2024<a href=\"#_ftn5\" name=\"_ftnref5\">[5]<\/a>).<\/p>\n<p>Dans ce sombre contexte, il semble que nous vivions une crise de civilisation. Comme le dit le ma\u00eetre An\u00edbal Quijano dans son article \u00ab\u00a0Los molinos de viento de Am\u00e9rica Latina\u00a0\u00bb (Les moulins \u00e0 vent de l&rsquo;Am\u00e9rique latine), en adaptant une vieille phrase, \u00ab\u00a0le nouveau n&rsquo;a pas fini de na\u00eetre et l&rsquo;ancien n&rsquo;a pas fini de mourir\u00a0\u00bb[6], <strong><em>\u00ab\u00a0le nouveau n&rsquo;a pas fini de na\u00eetre et l&rsquo;ancien n&rsquo;a pas fini de mourir\u00a0\u00bb<a href=\"#_ftn6\" name=\"_ftnref6\">[6]<\/a>. <\/em><\/strong>  <\/p>\n<p><strong>Des concepts qui m&rsquo;aident \u00e0 probl\u00e9matiser la d\u00e9solation et les malaises, qui apportent en eux-m\u00eames des propositions de transformation : la pens\u00e9e d\u00e9coloniale, les \u00e9pist\u00e9mologies du Sud, la justice \u00e9pist\u00e9mique, la traduction interculturelle et l&rsquo;\u00e9cologie de la connaissance.<\/strong><\/p>\n<p>Au-del\u00e0 des plaintes, nous trouvons heureusement encore des sc\u00e9narios sociaux, acad\u00e9miques et politiques o\u00f9 nous pouvons respirer l&rsquo;espoir et l&rsquo;amour et, surtout, o\u00f9 nous pouvons trouver de nouvelles lentilles non seulement pour probl\u00e9matiser, mais aussi pour penser \u00e0 des solutions possibles. Peut-\u00eatre pas vers des solutions concr\u00e8tes, mais vers d&rsquo;innombrables possibilit\u00e9s d&rsquo;\u00e9voluer dans nos vies et notre travail d&rsquo;une mani\u00e8re plus coh\u00e9rente et plus inspirante. <\/p>\n<p>Par cons\u00e9quent, des cadres de pens\u00e9e tels que la d\u00e9colonialit\u00e9 et la th\u00e9orie de la complexit\u00e9 r\u00e9sonnent dans ma t\u00eate comme les r\u00e9ponses que je cherchais. \u00c0 cet \u00e9gard, Sousa Santos (2018) avance un ensemble de pr\u00e9misses que je trouve absolument \u00e9clairantes : <\/p>\n<ul>\n<li><em>Nous devons \u00eatre conscients du fait que la diversit\u00e9 de l&rsquo;exp\u00e9rience du monde est in\u00e9puisable et ne peut donc pas \u00eatre expliqu\u00e9e par une seule th\u00e9orie globale : <\/em>la vision eurocentrique du fonctionnement de l&rsquo;univers et des soci\u00e9t\u00e9s (ou, pour reprendre les termes de l&rsquo;auteur, les \u00e9pist\u00e9mologies dominantes du Nord global).<\/li>\n<li><em>Du point de vue des \u00e9pist\u00e9mologies du Sud, les \u00e9pist\u00e9mologies du Nord ont apport\u00e9 une contribution d\u00e9cisive en transformant les connaissances scientifiques d\u00e9velopp\u00e9es dans le Nord global en un moyen h\u00e9g\u00e9monique de repr\u00e9senter le monde comme le leur et de le transformer selon leurs propres besoins et aspirations. De cette mani\u00e8re, le savoir scientifique, associ\u00e9 \u00e0 une puissance \u00e9conomique et militaire sup\u00e9rieure, a garanti la domination imp\u00e9riale du Nord sur le monde \u00e0 l&rsquo;\u00e8re moderne, et ce jusqu&rsquo;\u00e0 aujourd&rsquo;hui. <\/em><\/li>\n<li><em>L&rsquo;exp\u00e9rience cognitive du monde est extr\u00eamement diverse et la priorit\u00e9 absolue accord\u00e9e \u00e0 la science moderne a conduit \u00e0 un \u00e9pist\u00e9micide massif (la destruction de savoirs rivaux consid\u00e9r\u00e9s comme non scientifiques), qui demande aujourd&rsquo;hui \u00e0 \u00eatre r\u00e9par\u00e9. Par cons\u00e9quent, <strong>il n&rsquo;y a pas de justice sociale globale sans justice cognitive globale.<\/strong>  <\/em><\/li>\n<li>Il est \u00e9galement n\u00e9cessaire de <strong><em>supposer que notre \u00e9poque est une p\u00e9riode de transition sans pr\u00e9c\u00e9dent dans laquelle nous sommes confront\u00e9s \u00e0 des probl\u00e8mes modernes pour lesquels il n&rsquo;y a pas de solutions modernes.<\/em><\/strong><strong><em>. <\/em><\/strong> <\/li>\n<\/ul>\n<p>Dans ce sc\u00e9nario, le concept d&rsquo;\u00e9pist\u00e9mologies du Sud (\u00e9galement invent\u00e9 par Sousa Santos) prend tout son sens : \u00ab\u00a0Les \u00e9pist\u00e9mologies du Sud se r\u00e9f\u00e8rent \u00e0 la production et \u00e0 la validation de connaissances ancr\u00e9es dans les exp\u00e9riences de r\u00e9sistance de tous les groupes sociaux qui ont syst\u00e9matiquement souffert de l&rsquo;injustice, de l&rsquo;oppression et de la destruction caus\u00e9es par le capitalisme, le colonialisme et le patriarcat. <strong>L&rsquo;objectif des \u00e9pist\u00e9mologies du Sud est de permettre aux groupes sociaux opprim\u00e9s de repr\u00e9senter le monde comme le leur et selon leurs propres termes, <u>car ce n&rsquo;est qu&rsquo;ainsi qu&rsquo;ils pourront le changer selon leurs propres aspirations. <\/u><\/strong> <\/p>\n<p>Parler des \u00e9pist\u00e9mologies du Nord et du Sud conduit in\u00e9vitablement \u00e0 parler de <strong>justice \u00e9pist\u00e9mique<\/strong>. \u00ab\u00a0La justice \u00e9pist\u00e9mique consiste \u00e0 combattre les formes d&rsquo;exclusion et de r\u00e9duction au silence des savoirs non occidentaux et \u00e0 promouvoir un dialogue horizontal entre les diff\u00e9rents savoirs, o\u00f9 aucun savoir n&rsquo;est consid\u00e9r\u00e9 comme sup\u00e9rieur \u00e0 un autre de mani\u00e8re pr\u00e9d\u00e9termin\u00e9e. <strong>La justice \u00e9pist\u00e9mique n&rsquo;est pas seulement une reconnaissance de ces savoirs, mais aussi un effort pour sauver, revitaliser et l\u00e9gitimer les formes de savoir qui ont \u00e9t\u00e9 d\u00e9pouill\u00e9es de leur valeur par les syst\u00e8mes mondiaux de pouvoir\u00a0\u00bb <\/strong>(Sousa Santos, 2014)<strong>.<\/strong> <\/p>\n<p>D&rsquo;autres auteurs, comme Mar\u00eda Lugones et Silvia Rivera, proposent d&rsquo;autres concepts connexes tels que la <strong>colonialit\u00e9 du genre, l&rsquo;<\/strong> <strong>intersectionnalit\u00e9 \u00e9pist\u00e9mique et la pluralit\u00e9 \u00e9pist\u00e9mique<\/strong>, o\u00f9 ils approfondissent l&rsquo;intersection du genre, de la race et de la classe et, par cons\u00e9quent, la valorisation active d&rsquo;autres formes de connaissances produites par les personnes racialis\u00e9es et les femmes, en particulier celles qui sont appauvries, indig\u00e8nes ou afro-descendantes. Ils proposent ensuite de valoriser tout ce qui va des r\u00e9cits oraux aux pratiques spirituelles comme \u00e9tant essentiel \u00e0 la construction d&rsquo;un savoir plus inclusif et plus \u00e9quitable, et de promouvoir ainsi une redistribution du pouvoir de le produire et de le l\u00e9gitimer comme \u00e9tant valide. <\/p>\n<p>De nouvelles questions se posent \u00e0 partir de ce qui pr\u00e9c\u00e8de. Si les \u00e9pist\u00e9mologies du Nord semblent si diff\u00e9rentes et si \u00e9loign\u00e9es des \u00e9pist\u00e9mologies du Sud, comment r\u00e9aliser un processus de traduction, comment construire des ponts pour avoir d&rsquo;autres types de conversations entre \u00ab\u00a0ces mondes oppos\u00e9s\u00a0\u00bb qui m\u00e8nent \u00e0 des actions diff\u00e9rentes ? C&rsquo;est ici qu&rsquo;apparaissent d&rsquo;autres concepts tr\u00e8s pr\u00e9cieux dans cet exercice d&rsquo;analyse \u00e0 la recherche de r\u00e9ponses : la <strong>traduction interculturelle et l&rsquo;\u00e9cologie de la connaissance <\/strong>.     <\/p>\n<p>Sousa Santos (2014) affirme que l&rsquo;\u00e9cologie des connaissances et la traduction interculturelle sont \u00ab\u00a0les outils qui transforment la diversit\u00e9 des connaissances en une ressource puissante en rendant possible l&rsquo;intelligibilit\u00e9 \u00e9largie des contextes d&rsquo;oppression et de r\u00e9sistance\u00a0\u00bb. Mandujano (2017) affirme que la <strong>traduction interculturelle est un outil de justice \u00e9pist\u00e9mique et un moyen de parvenir \u00e0 une \u00e9cologie des savoirs. <\/strong>  <\/p>\n<p>Il est n\u00e9cessaire et urgent de reconna\u00eetre qu&rsquo;il existe d&rsquo;autres syst\u00e8mes de pens\u00e9e, d&rsquo;autres m\u00e9thodologies de recherche et de production de connaissances (ce que Mar\u00eda Lugones appelle la reconnaissance de diff\u00e9rentes <strong>cosmologies<\/strong> ). Il est n\u00e9cessaire d&rsquo;\u00e9veiller les consciences, au sens le plus profond du terme. Nous passons \u00e0 c\u00f4t\u00e9 de l&rsquo;immense beaut\u00e9 et de la richesse du monde en ignorant et en rendant invisibles les connaissances et la sagesse d&rsquo;autres cultures historiquement domin\u00e9es. Face \u00e0 la grande complexit\u00e9 des d\u00e9fis d&rsquo;aujourd&rsquo;hui, ce serait faire preuve de myopie et d&rsquo;imprudence que de ne pas ouvrir nos yeux et nos c\u0153urs pour tisser ensemble le connu et l&rsquo;inconnu afin de r\u00e9aliser des choses diff\u00e9rentes. Construire un sc\u00e9nario o\u00f9 les cosmologies indig\u00e8nes, afro-descendantes, paysannes et urbaines p\u00e9riph\u00e9riques se manifestent \u00e0 leur mani\u00e8re, sans \u00eatre r\u00e9duites \u00e0 des \u00e9v\u00e9nements d\u00e9monstratifs (exotisation de notre culture).    <\/p>\n<p>Une autre reconnaissance importante est que nous avons \u00e9galement besoin de ponts, d&rsquo;outils, d&rsquo;exercices de traduction. Quand je parle de traduction, je ne veux pas dire que \u00ab\u00a0ceux d&rsquo;entre nous qui viennent du Sud\u00a0\u00bb doivent faire l&rsquo;effort de se faire comprendre \u00ab\u00a0par les interlocuteurs du Nord\u00a0\u00bb. Je parle de comprendre et d&rsquo;adopter des dispositifs de <strong>traduction interculturelle <\/strong>qui nous permettent d&rsquo;avancer r\u00e9ellement vers une <strong>\u00e9cologie de la connaissance<\/strong>, si nous r\u00eavons que cela soit possible.  <\/p>\n<p>Encore une fois, \u00e0 partir de la tension entre la na\u00efvet\u00e9 et l&rsquo;espoir, nous ne pouvons pas tomber dans le pi\u00e8ge de l&rsquo;appropriation culturelle, qui devient finalement un outil de domination (Silvia Rivera Cusicanqui).<\/p>\n<p>Comme le dit tr\u00e8s justement Boaventura de Sousa, il ne s&rsquo;agit pas de rechercher des \u00e9quivalences exactes entre les concepts, mais de construire des formes qui permettent la compr\u00e9hension mutuelle d&rsquo;une part, et la coexistence des diff\u00e9rences d&rsquo;autre part. Je consid\u00e8re qu&rsquo;il s&rsquo;agit l\u00e0 d&rsquo;un point essentiel, dans une cl\u00e9 d\u00e9coloniale, nous coexistons, nous cocr\u00e9ons, nous n&rsquo;imposons pas \u00ab\u00a0notre v\u00e9rit\u00e9\u00a0\u00bb comme unique, valable, l\u00e9gitime et universelle. <\/p>\n<p>Et dans ce processus complexe, j&rsquo;insiste pour reconna\u00eetre que nous sommes habit\u00e9s par la contraction. Oui, parce que, bien que nous ayons des id\u00e9aux communs et que nous soyons th\u00e9oriquement d&rsquo;accord sur certaines bases fondamentales (la vie, le BienEstar ou le BuenVivir selon l&rsquo;endroit o\u00f9 nous vivons), notre configuration mentale est travers\u00e9e par la vision occidentale du monde&#8230; notre syst\u00e8me de droit, notre structure d'\u00a0\u00bb\u00c9tat\u00a0\u00bb, notre \u00e9ducation, nos m\u00e9dias de masse. <\/p>\n<p>Il y a un foss\u00e9, une d\u00e9connexion. Tout comme nos corps humains ont le m\u00eame ADN depuis des millions d&rsquo;ann\u00e9es, nos soci\u00e9t\u00e9s (nos syst\u00e8mes) fonctionnent avec un \u00e9tat d&rsquo;esprit similaire depuis le si\u00e8cle dernier. Or, il s&rsquo;av\u00e8re que tant notre corps que nos soci\u00e9t\u00e9s sont confront\u00e9s \u00e0 des menaces, des stimuli, des ph\u00e9nom\u00e8nes, bref, \u00e0 d&rsquo;\u00e9normes d\u00e9fis qui ont mut\u00e9 de mani\u00e8re vertigineuse au cours des dix derni\u00e8res ann\u00e9es.  <\/p>\n<p>Le paradoxe est que nous cherchons \u00e0 traiter notre sant\u00e9, notre bien-\u00eatre et nos plus grands d\u00e9fis sociaux avec les m\u00eames outils et compr\u00e9hensions que ceux issus des mod\u00e8les mentaux d&rsquo;il y a plusieurs centaines d&rsquo;ann\u00e9es. Par cons\u00e9quent, nos propositions de changement doivent apporter d&rsquo;autres cadres de pens\u00e9e, d&rsquo;autres cadres d&rsquo;apprentissage et d&rsquo;autres cadres de mesure. Il ne s&rsquo;agit pas seulement d&rsquo;une question \u00e9pist\u00e9mique (qui est d\u00e9j\u00e0 profond\u00e9ment importante et n\u00e9cessaire), mais surtout d&rsquo;une question ontologique. Les lentilles \u00e0 travers lesquelles nous regardons, comprenons et d\u00e9crivons le monde qui nous entoure d\u00e9terminent tout ce que nous promouvons.   <\/p>\n<p>Cette approche semble plut\u00f4t abstraite, ambitieuse, voire utopique. Mais pour les besoins de cet exercice de r\u00e9flexion, je voudrais proposer quelques id\u00e9es qui, selon moi, peuvent guider le merveilleux d\u00e9fi que repr\u00e9sente la consolidation des zones mod\u00e8les en Colombie et au S\u00e9n\u00e9gal en tant que tentative de pilotage d&rsquo;un prototype d&rsquo;innovation sociale dans la cl\u00e9 de la d\u00e9colonisation. <\/p>\n<p><strong>Le d\u00e9fi des zones mod\u00e8les. Une proposition pour une coop\u00e9ration internationale diff\u00e9rente et un laboratoire pour tester ces hypoth\u00e8ses. <\/strong><\/p>\n<p>La Fondation Nous Cims a opt\u00e9 pour une strat\u00e9gie de concentration g\u00e9ographique dans deux pays : le S\u00e9n\u00e9gal et la Colombie, dans lesquels nous concentrerons nos efforts pour un horizon de pas moins de 10 ans, \u00e0 tour de r\u00f4le, dans deux territoires sp\u00e9cifiques.<\/p>\n<p>Le cadre strat\u00e9gique de la zone de coop\u00e9ration internationale (connue sous le nom de zone de d\u00e9veloppement global) nous lance le d\u00e9fi de consolider quatre \u00ab\u00a0zones mod\u00e8les\u00a0\u00bb, deux dans chaque pays. Les zones mod\u00e8les sont configur\u00e9es comme un axe territorial \u00e0 long terme &#8211; si l&rsquo;on veut parler de macro-programme &#8211; qui propose son propre sch\u00e9ma de gouvernance : des groupes th\u00e9matiques et un groupe moteur compos\u00e9 de divers acteurs, tant publics que sociaux et priv\u00e9s. Il n&rsquo;y a pas de projets ou de lignes d&rsquo;action con\u00e7us a priori ; tout doit \u00e9merger des th\u00e9ories du changement que nous construisons ensemble dans un processus permanent de consultation, de co-cr\u00e9ation et de gestion des connaissances &#8211; ou plut\u00f4t, d&rsquo;\u00e9cologie des connaissances.  <\/p>\n<p>En principe, les fondements sur lesquels repose la strat\u00e9gie de la zone mod\u00e8le sont la pens\u00e9e d\u00e9coloniale et syst\u00e9mique, car elle propose un changement de paradigme dans la mani\u00e8re dont la \u00ab\u00a0coop\u00e9ration internationale au d\u00e9veloppement\u00a0\u00bb est men\u00e9e, car elle cherche \u00e0 renverser la relation historique entre les donateurs et les responsables de la mise en \u0153uvre des projets. En ce sens, elle <strong>propose une redistribution du pouvoir et une implication r\u00e9elle des acteurs locaux dans la prise de d\u00e9cision, dans une logique de coresponsabilit\u00e9 et d&rsquo;agence. <\/strong>  <\/p>\n<p>En reprenant la proposition d&rsquo;<a href=\"https:\/\/www.devex.com\/news\/authors\/1774305\">Amitabh Behar<\/a> (2024) de d\u00e9coloniser la coop\u00e9ration internationale par des changements profonds dans i) la conception et les structures, ii) la distribution de l&rsquo;argent, iii) les connaissances et les comp\u00e9tences et iv) la th\u00e9orie du changement, je trouve int\u00e9ressant de faire un exercice d&rsquo;auto-\u00e9valuation et une analogie avec notre approche de la zone mod\u00e8le :    <\/p>\n<ol>\n<li><strong><em>D\u00e9coloniser la conception et les structures :<\/em><\/strong> Nous proposons une gouvernance sp\u00e9cifique aux zones mod\u00e8les \u00e0 travers des groupes th\u00e9matiques et des groupes moteurs. Il ne s&rsquo;agit pas d&rsquo;une structure purement technique ou op\u00e9rationnelle, mais d&rsquo;un sch\u00e9ma de relations strat\u00e9giques qui dynamise et promeut les outils de traduction interculturelle et d&rsquo;\u00e9cologie des connaissances susmentionn\u00e9s et qui, en fin de compte, contribue \u00e0 faire de l&rsquo;acupuncture dans les syst\u00e8mes locaux. En d&rsquo;autres termes, il contribue \u00e0 g\u00e9n\u00e9rer des changements dans la qualit\u00e9 des relations des syst\u00e8mes qui composent les zones mod\u00e8les.  <\/li>\n<li><strong>D\u00e9coloniser l&rsquo;argent :<\/strong> la mise en \u0153uvre des projets et des actions de dynamisation des zones mod\u00e8les est effectu\u00e9e directement par les organisations sociales. Bien que la Fondation Nous Cims soit l&rsquo;organisme de financement, elle ne met pas en \u0153uvre, mais dynamise et agit comme un conteneur pour soutenir le processus de co-cr\u00e9ation. En outre, les projets s\u00e9lectionn\u00e9s d\u00e9coulent de la th\u00e9orie du changement \u00e9labor\u00e9e par les acteurs locaux qui ont rejoint le processus (par le biais du syst\u00e8me de gouvernance propos\u00e9).  <\/li>\n<li><strong>D\u00e9colonisation des connaissances et des comp\u00e9tences :<\/strong> nous sommes confront\u00e9s au d\u00e9fi de g\u00e9n\u00e9rer un processus simultan\u00e9 de gestion des connaissances qui soit r\u00e9ellement sp\u00e9cifique aux zones mod\u00e8les et aux acteurs impliqu\u00e9s. Par cons\u00e9quent, la r\u00e9flexion sur les m\u00e9thodologies et les outils tels que le dialogue des connaissances, le langage et la communication d\u00e9coloniaux, la documentation graphique et la communication communautaire, entre autres, fait partie de l&rsquo;exercice de suivi et d&rsquo;apprentissage collectif. <\/li>\n<\/ol>\n<p>En outre, les indicateurs qui permettront de cartographier ce suivi seront convenus avec les parties prenantes locales impliqu\u00e9es dans l&rsquo;\u00e9laboration des th\u00e9ories du changement pour chaque zone mod\u00e8le.<\/p>\n<p style=\"padding-left: 40px\">4.<strong> D\u00e9coloniser la th\u00e9orie du changement : \u00ab\u00a0D\u00e9coloniser la th\u00e9orie du changement<\/strong> \u00ab\u00a0.<em>Pour r\u00e9soudre ce probl\u00e8me, il faudrait inverser la dynamique du pouvoir dans le secteur du d\u00e9veloppement en envisageant une \u00ab\u00a0th\u00e9orie du changement\u00a0\u00bb dans laquelle les id\u00e9es, les conceptions et les d\u00e9cisions partent de la base. Ce changement ne peut se produire de mani\u00e8re isol\u00e9e et devrait aller de pair avec les points ci-dessus relatifs \u00e0 la d\u00e9colonisation de l&rsquo;argent, des structures et des connaissances\u00a0\u00bb. <\/em>. Sur ce point en particulier, je vois les zones mod\u00e8les comme un laboratoire \u00e0 cette fin. Avant de mettre en \u0153uvre des projets sp\u00e9cifiques, les acteurs impliqu\u00e9s dans la gouvernance de la zone mod\u00e8le travailleront \u00e0 la fois dans la phase de diagnostic et dans la construction des th\u00e9ories du changement pour chaque axe de travail comme une passerelle vers le syst\u00e8me dans lequel il s&rsquo;ins\u00e8re (nutrition, \u00e9ducation et employabilit\u00e9 et inclusion des jeunes). L&rsquo;\u00e9quipe de la Fondation Nous Cims ne propose pas de cadres logiques a priori. Tout d\u00e9coule de la co-responsabilit\u00e9 et de l&rsquo;implication des membres des groupes th\u00e9matiques et des groupes moteurs.   <\/p>\n<p>Toute cette proposition, qui est tr\u00e8s inspirante par sa nouveaut\u00e9 dans la mani\u00e8re de promouvoir des processus financ\u00e9s par la coop\u00e9ration internationale, soul\u00e8ve \u00e9galement des questions difficiles : comment y parvenir ? comment soutenir ce type de processus dans le temps, avec une approche v\u00e9ritablement participative et d\u00e9coloniale, si l&rsquo;un des h\u00e9ritages de la pens\u00e9e occidentale est pr\u00e9cis\u00e9ment d&rsquo;avoir un mode de pens\u00e9e lin\u00e9aire, acad\u00e9mique et fragment\u00e9 ?  <\/p>\n<p>Il s&rsquo;agit d&rsquo;un d\u00e9fi pour retrouver le sens commun (d\u00e9tenu par les peuples ancestraux dans diff\u00e9rentes parties du Sud) de la <strong>pens\u00e9e syst\u00e9mique <\/strong>et de l&rsquo;interd\u00e9pendance. Une fois de plus, des concepts \u00e9mergent et ouvrent la voie \u00e0 certaines r\u00e9ponses : la <strong>pens\u00e9e syst\u00e9mique et la th\u00e9orie U. <\/strong>  <\/p>\n<p><strong> <\/strong>Bien que ces concepts donnent lieu \u00e0 une r\u00e9flexion beaucoup plus approfondie, peut-\u00eatre pour un autre article et plusieurs th\u00e8ses acad\u00e9miques, dans cette derni\u00e8re partie je tenterai de mentionner les \u00e9l\u00e9ments les plus r\u00e9v\u00e9lateurs pour moi, car ils me sugg\u00e8rent des cadres de pens\u00e9e et de conception totalement transgressifs, utiles pour notre grande t\u00e2che de consolidation des zones mod\u00e8les<a href=\"#_ftn7\" name=\"_ftnref7\">[7] :<\/a><\/p>\n<ul>\n<li><em>La qualit\u00e9 des r\u00e9sultats de tout type de syst\u00e8me est fonction de la qualit\u00e9 des relations entre les parties prenantes qui le composent. Et pour changer la qualit\u00e9 des relations, nous devons changer d&rsquo;\u00e9tat d&rsquo;esprit et passer d&rsquo;une \u00ab\u00a0vision en silo\u00a0\u00bb \u00e0 une vision syst\u00e9mique, nous <strong>devons changer de conscience et passer d&rsquo;une vision centr\u00e9e sur l&rsquo;ego-syst\u00e8me \u00e0 une vision centr\u00e9e sur l&rsquo;\u00e9co-syst\u00e8me <\/strong>.   <\/em><\/li>\n<li><em>En d&rsquo;autres termes, \u00ab\u00a0vous ne pouvez pas changer un <strong>syst\u00e8me<\/strong> tant que vous n&rsquo;avez pas transform\u00e9 la conscience\u00a0\u00bb. En d&rsquo;autres termes, <strong>\u00ab\u00a0vous ne pouvez pas changer un syst\u00e8me tant que vous n&rsquo;avez pas transform\u00e9 la mentalit\u00e9 des personnes qui font de<\/strong> ce syst\u00e8me <strong>une r\u00e9alit\u00e9<\/strong> \u00ab\u00a0.<\/em><\/li>\n<li><strong><em>Le leadership et le changement ont tous deux une dimension invisible. Si nous voulons changer les r\u00e9sultats, nous devons changer la qualit\u00e9 des relations. <\/em><\/strong><em>. Pour parvenir \u00e0 un changement dans les relations (changements de comportement), nous avons besoin d&rsquo;une structure de soutien, d&rsquo;outils pour accompagner le chemin vers cette transformation, pour renforcer la capacit\u00e9 collective.<\/em><\/li>\n<li><em>Le domaine social est la qualit\u00e9 des relations entre les parties prenantes d&rsquo;un syst\u00e8me qui g\u00e9n\u00e8rent collectivement des r\u00e9sultats X ou Y.  <strong>L&rsquo;\u00e9nergie doit donc se concentrer sur la transformation de la qualit\u00e9 du champ social, qui doit passer d&rsquo;un champ toxique \u00e0 un champ co-cr\u00e9atif, d&rsquo;un champ simplement transactionnel \u00e0 un champ transformateur.<\/strong><\/em><\/li>\n<\/ul>\n<p>Compte tenu du r\u00f4le que les zones mod\u00e8les pourraient jouer dans les syst\u00e8mes locaux dans lesquels elles sont ins\u00e9r\u00e9es, elles pourraient effectivement \u00eatre de petites \u00eeles qui contribuent \u00e0 l&rsquo;\u00e9volution de ces syst\u00e8mes vers leur meilleur potentiel futur.<\/p>\n<p>En d\u00e9tournant l&rsquo;attention de la recherche de grands changements et en <strong>ciblant plut\u00f4t de petites r\u00e9alisations strat\u00e9giques<\/strong>, ces agents de changement op\u00e9rant au sein des entreprises [dans notre cas, dans le cadre du processus des zones mod\u00e8les] d\u00e9montrent les possibilit\u00e9s d&rsquo;un avenir meilleur (Forum \u00e9conomique mondial, 2024<a href=\"#_ftn8\" name=\"_ftnref8\">[8]<\/a>). <\/p>\n<p><strong>La th\u00e9orie U <\/strong> est un cadre conceptuel et m\u00e9thodologique assez puissant par son niveau de profondeur, qui pourrait nous aider \u00e0 progresser vers de telles r\u00e9alisations strat\u00e9giques ou la consolidation d&rsquo;un terrain aussi fertile et sain.  <\/p>\n<p><strong> <\/strong><strong>La th\u00e9orie U<\/strong> a \u00e9t\u00e9 d\u00e9velopp\u00e9e par l&rsquo;universitaire Otto Scharmer et vise \u00e0 faciliter les processus de changement et de transformation profonds chez les individus, les organisations et les soci\u00e9t\u00e9s. Cette th\u00e9orie se concentre essentiellement sur la capacit\u00e9 \u00e0 \u00ab\u00a0t\u00e9moigner\u00a0\u00bb et \u00e0 co-cr\u00e9er des futurs \u00e9mergents gr\u00e2ce \u00e0 un processus de connexion avec des sources plus profondes de connaissance et de cr\u00e9ativit\u00e9. <\/p>\n<p>Dans ce voyage de construction collective, il est essentiel d&rsquo;apprendre \u00e0 approfondir les niveaux d&rsquo;\u00e9coute. Il invite \u00e0 g\u00e9n\u00e9rer des dialogues significatifs o\u00f9 les egos et le contr\u00f4le peuvent \u00eatre transcend\u00e9s pour laisser \u00e9merger le nouveau et l&rsquo;inconnu. Avant d&rsquo;agir, il propose de laisser les id\u00e9es et les solutions \u00e9mergentes se manifester et prendre forme. Une fois que les id\u00e9es les plus profondes \u00e9mergent d&rsquo;un syst\u00e8me qui a parcouru la quasi-totalit\u00e9 du chemin de l&rsquo;U (quatre niveaux d&rsquo;\u00e9coute), on passe \u00e0 la phase de co-cr\u00e9ation et de prototypage. Dans notre langage, il s&rsquo;agit de passer \u00e0 la phase des projets concrets dans la zone mod\u00e8le.    <\/p>\n<p>Dans le contexte de la d\u00e9colonisation et de la traduction interculturelle, la th\u00e9orie U peut \u00eatre un outil puissant pour faciliter des dialogues authentiques entre les divers acteurs des groupes th\u00e9matiques et les groupes moteurs des zones mod\u00e8les, afin de surmonter les barri\u00e8res culturelles et de co-cr\u00e9er des solutions qui respectent les diverses perspectives et favorisent une v\u00e9ritable \u00e9cologie de la connaissance.<\/p>\n<p><strong> <\/strong><strong>L&rsquo;appel \u00e0 l&rsquo;action lanc\u00e9 aux acteurs qui font partie de cette strat\u00e9gie est d&rsquo;avoir le courage et de faire preuve d&rsquo;ouverture d&rsquo;esprit et de c\u0153ur pour \u00e9couter \u00e0 des niveaux plus profonds et agir concr\u00e8tement sur des questions qui sont vraiment significatives pour la vie des gens. Pour paraphraser Otto Scharmer, il s&rsquo;agit de <em>diriger \u00e0 partir de l&rsquo;avenir qui \u00e9merge de notre plein potentiel. <\/em>  <\/strong><\/p>\n<p><strong> <\/strong>Enfin, pour nous rappeler de continuer \u00e0 lutter contre le d\u00e9sespoir appris : <strong><em>pour nous rappeler le pouvoir des petites r\u00e9volutions, \u00e0 quel point notre travail peut \u00eatre passionnant en cr\u00e9ant un terrain propice \u00e0 la cr\u00e9ativit\u00e9, \u00e0 l&rsquo;innovation et \u00e0 l&rsquo;entraide pour ceux qui participent au pari collectif \u00e0 long terme. <\/em><\/strong> <\/p>\n<p>&nbsp;<\/p>\n<p><strong>Bibliographie<\/strong><\/p>\n<ul>\n<li>Behar, Amitabh. 2024. \u00ab\u00a0Comment passer de la rh\u00e9torique \u00e0 la r\u00e9alit\u00e9 dans la d\u00e9colonisation du d\u00e9veloppement\u00a0\u00bb. Devex, 14 f\u00e9vrier.   <a href=\"https:\/\/www.devex.com\/news\/opinion-how-to-get-from-rhetoric-to-reality-in-decolonizing-development-107045.\">https:\/\/www.devex.com\/news\/opinion-how-to-get-from-rhetoric-to-reality-in-decolonizing-development-107045.<\/a><\/li>\n<li>Calundungo, Sergio. 2024. \u00ab\u00a0D\u00e9colonisation et cours des ONG\u00a0\u00bb. Clacso et The Sherwood Way. <\/li>\n<li>Forum \u00e9conomique mondial. 2024. \u00ab\u00a03 tendances de l&#8217;emploi\u00a0\u00bb. Bulletin d&rsquo;information hebdomadaire, num\u00e9ro 29.   <a href=\"https:\/\/www.linkedin.com\/pulse\/3-work-trends-issue-29-world-economic-forum-yrzge\/\">https:\/\/www.linkedin.com\/pulse\/3-work-trends-issue-29-world-economic-forum-yrzge\/<\/a><\/li>\n<li>Fundaci\u00f3n Carolina et Oxfam Interm\u00f3n. 2023. La triple transition. Visiones cruzadas desde Latinoam\u00e9rica y la Uni\u00f3n Europea. Madrid : Fundaci\u00f3n Carolina.    <a href=\"https:\/\/www.fundacioncarolina.es\/catalogo\/la-triple-transicion-visiones-cruzadas-desde-latinoamerica-y-la-union-europea-2\/\">https:\/\/www.fundacioncarolina.es\/catalogo\/la-triple-transicion-visiones-cruzadas-desde-latinoamerica-y-la-union-europea-2\/<\/a><\/li>\n<li>Lugones, Mar\u00eda. 2003. \u00ab\u00a0Pilgrimages\/Peregrinages : Th\u00e9orisation de la coalition contre les oppressions multiples\u00a0\u00bb.<\/li>\n<li>Mandujano Estrada, Miguel. 2017. \u00ab\u00a0Justice \u00e9pist\u00e9mique et \u00e9pist\u00e9mologies du Sud\u00a0\u00bb. Oxymora. Revue internationale d&rsquo;\u00e9thique et de politique 10 : 57-76.    <a href=\"https:\/\/revistes.ub.edu\/index.php\/oximora\/article\/view\/18990.\">https:\/\/revistes.ub.edu\/index.php\/oximora\/article\/view\/18990.<\/a><\/li>\n<li>Peker, Luciana. 2024. \u00ab\u00a0F\u00e9minisme et ghostisme\u00a0\u00bb. Cours d&rsquo;introduction D\u00e9colonisation et ONG, cohorte 2024. Clacso et The Sherwood Way.  <\/li>\n<li>PNUD. 2020. La prochaine fronti\u00e8re : le d\u00e9veloppement humain et l&rsquo;anthropoc\u00e8ne. Programme des Nations unies pour le d\u00e9veloppement.   <a href=\"https:\/\/hdr.undp.org\/system\/files\/documents\/hdr2020pdf.pdf.\">https:\/\/hdr.undp.org\/system\/files\/documents\/hdr2020pdf.pdf.<\/a><\/li>\n<li>Rivera Cusicanqui, Silvia. 2010. \u00ab\u00a0Ch&rsquo;ixinakax utxiwa : une r\u00e9flexion sur la d\u00e9colonisation des pratiques et des discours\u00a0\u00bb.<\/li>\n<li>Santos, Boaventura de Sousa. 2014. \u00c9pist\u00e9mologies du Sud : perspectives. Buenos Aires : Siglo XXI. <\/li>\n<li>Santos, Boaventura de Sousa. 2018. \u00c9pist\u00e9mologies du Sud. Madrid : Akal. <\/li>\n<li>Scharmer, Otto. 2016. \u00ab\u00a0Theory U : Leading from the future as it emerges\u00a0\u00bb (Th\u00e9orie U : diriger \u00e0 partir de l&rsquo;avenir tel qu&rsquo;il \u00e9merge). Barcelone : Editorial Eleftheria. <\/li>\n<li>U-lab. 2024-2025. \u00ab\u00a0Diriger \u00e0 partir de l&rsquo;avenir \u00e9mergent\u00a0\u00bb. Cohorte 2024-2025. Institut Presence, d\u00e9velopp\u00e9 et h\u00e9berg\u00e9 sur la plateforme du Massachusetts Institute of Technology &#8211; MIT.  <\/li>\n<\/ul>\n<p>[<a href=\"#_ftnref1\" name=\"_ftn1\">1]<\/a> Ilya Prigozhin, laur\u00e9at du prix Nobel, cit\u00e9 par Otto Scharmer dans le cours U-Lab Leading from the Emerging Future, cohorte 2024.<\/p>\n<p><a href=\"#_ftnref2\" name=\"_ftn2\">[2]<\/a> <em>Je n&rsquo;ai pas \u00e9t\u00e9 directement victime de discrimination ou de violence en raison de la couleur de ma peau ou de mon appartenance ethnique, mais je peux m&rsquo;exprimer \u00e0 partir de ma conscience de classe, en tant que \u00ab\u00a0femme colombienne de la classe inf\u00e9rieure &#8211; aujourd&rsquo;hui, de la classe moyenne \u00e9mergente\u00a0\u00bb qui est parvenue \u00e0 la mobilit\u00e9 sociale gr\u00e2ce \u00e0 l&rsquo;\u00e9ducation publique, \u00e0 de grands efforts personnels et, tr\u00e8s certainement, au soutien de ma m\u00e8re et de beaucoup d&rsquo;autres femmes. <\/em> <\/p>\n<p><a href=\"#_ftnref3\" name=\"_ftn3\">[3]<\/a> Cours d&rsquo;introduction \u00e0 la d\u00e9colonisation et aux ONG, premi\u00e8re cohorte 2024. Promu par le r\u00e9seau AcapaAc\u00e1 (anciennement The Sherwood Way) et Clacso. <\/p>\n<p><a href=\"#_ftnref4\" name=\"_ftn4\">[4]<\/a> Directeur ex\u00e9cutif d&rsquo;Oxfam International. Voir l&rsquo;article complet <a href=\"https:\/\/www.devex.com\/news\/opinion-how-to-get-from-rhetoric-to-reality-in-decolonizing-development-107045\">ici<\/a>. <\/p>\n<p>[<a href=\"#_ftnref5\" name=\"_ftn5\">5]<\/a> Texte lu par l&rsquo;auteur lors du cours d&rsquo;introduction D\u00e9colonisation et ONG, premi\u00e8re cohorte 2024. Promu par le r\u00e9seau AcapaAc\u00e1 (anciennement The Sherwood Way) et Clacso. <\/p>\n<p>[<a href=\"#_ftnref6\" name=\"_ftn6\">6]<\/a> Adapt\u00e9 d&rsquo;une phrase du philosophe et th\u00e9oricien marxiste Antonio Gramsci. Tir\u00e9 de l&rsquo;article Don Quichotte et les moulins \u00e0 vent en Am\u00e9rique latine, Quijano, 2005. <\/p>\n<p>[<a href=\"#_ftnref7\" name=\"_ftn7\">7]<\/a> Extraits du cours U-Lab Leading from the Emerging Future, cohorte 2024, bas\u00e9 sur le livre Theory U du m\u00eame auteur Otto Scharmer.<\/p>\n<p>[<a href=\"#_ftnref8\" name=\"_ftn8\">8]<\/a> Bulletin hebdomadaire \u00ab\u00a03 tendances de l&#8217;emploi\u00a0\u00bb, num\u00e9ro 29.[\/vc_column_text][\/vc_column][\/vc_row]<\/p>\n<\/div>","protected":false},"excerpt":{"rendered":"<p> PENS\u00c9E D\u00c9COLONIALE, PENS\u00c9E SYST\u00c9MIQUE ET COOP\u00c9RATION INTERNATIONALE : R\u00c9FLEXIONS SUR [&hellip;]<\/p>\n","protected":false},"author":2,"featured_media":10197,"comment_status":"closed","ping_status":"closed","sticky":false,"template":"","format":"standard","meta":{"footnotes":""},"categories":[189],"tags":[],"class_list":["post-13945","post","type-post","status-publish","format-standard","has-post-thumbnail","hentry","category-actualite"],"yoast_head":"<!-- This site is optimized with the Yoast SEO plugin v27.4 - https:\/\/yoast.com\/product\/yoast-seo-wordpress\/ -->\n<title>Pens\u00e9e d\u00e9coloniale, pens\u00e9e syst\u00e9mique et coop\u00e9ration internationale : r\u00e9flexions sur la possibilit\u00e9 de r\u00e9unir ces mondes gr\u00e2ce \u00e0 l&#039;approche des zones mod\u00e8les. - Fundaci\u00f3n Privada Nous Cims<\/title>\n<meta name=\"description\" content=\"&quot;Lorsqu&#039;un syst\u00e8me est loin de l&#039;\u00e9quilibre, de petits \u00eelots de coh\u00e9rence dans une mer de chaos ont la capacit\u00e9 d&#039;\u00e9lever le syst\u00e8me \u00e0 un ordre sup\u00e9rieur.\" \/>\n<meta name=\"robots\" content=\"index, follow, max-snippet:-1, max-image-preview:large, max-video-preview:-1\" \/>\n<link rel=\"canonical\" href=\"https:\/\/www.nouscims.com\/fr\/actualite\/pensee-decoloniale-pensee-systemique-et-cooperation-internationale-reflexions-sur-la-possibilite-de-reunir-ces-mondes-grace-a-lapproche-des-zones-modeles\/\" \/>\n<meta property=\"og:locale\" content=\"fr_FR\" \/>\n<meta property=\"og:type\" content=\"article\" \/>\n<meta property=\"og:title\" content=\"Pens\u00e9e d\u00e9coloniale, pens\u00e9e syst\u00e9mique et coop\u00e9ration internationale : r\u00e9flexions sur la possibilit\u00e9 de r\u00e9unir ces mondes gr\u00e2ce \u00e0 l&#039;approche des zones mod\u00e8les. - Fundaci\u00f3n Privada Nous Cims\" \/>\n<meta property=\"og:description\" content=\"&quot;Lorsqu&#039;un syst\u00e8me est loin de l&#039;\u00e9quilibre, de petits \u00eelots de coh\u00e9rence dans une mer de chaos ont la capacit\u00e9 d&#039;\u00e9lever le syst\u00e8me \u00e0 un ordre sup\u00e9rieur.\" \/>\n<meta property=\"og:url\" content=\"https:\/\/www.nouscims.com\/fr\/actualite\/pensee-decoloniale-pensee-systemique-et-cooperation-internationale-reflexions-sur-la-possibilite-de-reunir-ces-mondes-grace-a-lapproche-des-zones-modeles\/\" \/>\n<meta property=\"og:site_name\" content=\"Fundaci\u00f3n Privada Nous Cims\" \/>\n<meta property=\"article:publisher\" content=\"https:\/\/www.facebook.com\/nouscims\" \/>\n<meta property=\"article:published_time\" content=\"2025-02-06T10:12:59+00:00\" \/>\n<meta property=\"article:modified_time\" content=\"2026-01-22T16:23:51+00:00\" \/>\n<meta property=\"og:image\" content=\"https:\/\/www.nouscims.com\/wp-content\/uploads\/2025\/02\/1727097687058.jpg\" \/>\n\t<meta property=\"og:image:width\" content=\"1007\" \/>\n\t<meta property=\"og:image:height\" content=\"721\" \/>\n\t<meta property=\"og:image:type\" content=\"image\/jpeg\" \/>\n<meta name=\"author\" content=\"Nous Cims\" \/>\n<meta name=\"twitter:card\" content=\"summary_large_image\" \/>\n<meta name=\"twitter:creator\" content=\"@nouscims\" \/>\n<meta name=\"twitter:site\" content=\"@nouscims\" \/>\n<meta name=\"twitter:label1\" content=\"\u00c9crit par\" \/>\n\t<meta name=\"twitter:data1\" content=\"Nous Cims\" \/>\n\t<meta name=\"twitter:label2\" content=\"Dur\u00e9e de lecture estim\u00e9e\" \/>\n\t<meta name=\"twitter:data2\" content=\"25 minutes\" \/>\n<script type=\"application\/ld+json\" class=\"yoast-schema-graph\">{\"@context\":\"https:\\\/\\\/schema.org\",\"@graph\":[{\"@type\":\"Article\",\"@id\":\"https:\\\/\\\/www.nouscims.com\\\/fr\\\/actualite\\\/pensee-decoloniale-pensee-systemique-et-cooperation-internationale-reflexions-sur-la-possibilite-de-reunir-ces-mondes-grace-a-lapproche-des-zones-modeles\\\/#article\",\"isPartOf\":{\"@id\":\"https:\\\/\\\/www.nouscims.com\\\/fr\\\/actualite\\\/pensee-decoloniale-pensee-systemique-et-cooperation-internationale-reflexions-sur-la-possibilite-de-reunir-ces-mondes-grace-a-lapproche-des-zones-modeles\\\/\"},\"author\":{\"name\":\"Nous Cims\",\"@id\":\"https:\\\/\\\/www.nouscims.com\\\/fr\\\/#\\\/schema\\\/person\\\/c49be7fd7667a36f1b39c1c5a2becf99\"},\"headline\":\"Pens\u00e9e d\u00e9coloniale, pens\u00e9e syst\u00e9mique et coop\u00e9ration internationale : r\u00e9flexions sur la possibilit\u00e9 de r\u00e9unir ces mondes gr\u00e2ce \u00e0 l&rsquo;approche des zones mod\u00e8les.\",\"datePublished\":\"2025-02-06T10:12:59+00:00\",\"dateModified\":\"2026-01-22T16:23:51+00:00\",\"mainEntityOfPage\":{\"@id\":\"https:\\\/\\\/www.nouscims.com\\\/fr\\\/actualite\\\/pensee-decoloniale-pensee-systemique-et-cooperation-internationale-reflexions-sur-la-possibilite-de-reunir-ces-mondes-grace-a-lapproche-des-zones-modeles\\\/\"},\"wordCount\":5235,\"image\":{\"@id\":\"https:\\\/\\\/www.nouscims.com\\\/fr\\\/actualite\\\/pensee-decoloniale-pensee-systemique-et-cooperation-internationale-reflexions-sur-la-possibilite-de-reunir-ces-mondes-grace-a-lapproche-des-zones-modeles\\\/#primaryimage\"},\"thumbnailUrl\":\"https:\\\/\\\/www.nouscims.com\\\/wp-content\\\/uploads\\\/2025\\\/02\\\/1727097687058.jpg\",\"articleSection\":[\"Actualit\u00e9s\"],\"inLanguage\":\"fr-FR\"},{\"@type\":\"WebPage\",\"@id\":\"https:\\\/\\\/www.nouscims.com\\\/fr\\\/actualite\\\/pensee-decoloniale-pensee-systemique-et-cooperation-internationale-reflexions-sur-la-possibilite-de-reunir-ces-mondes-grace-a-lapproche-des-zones-modeles\\\/\",\"url\":\"https:\\\/\\\/www.nouscims.com\\\/fr\\\/actualite\\\/pensee-decoloniale-pensee-systemique-et-cooperation-internationale-reflexions-sur-la-possibilite-de-reunir-ces-mondes-grace-a-lapproche-des-zones-modeles\\\/\",\"name\":\"Pens\u00e9e d\u00e9coloniale, pens\u00e9e syst\u00e9mique et coop\u00e9ration internationale : r\u00e9flexions sur la possibilit\u00e9 de r\u00e9unir ces mondes gr\u00e2ce \u00e0 l'approche des zones mod\u00e8les. - Fundaci\u00f3n Privada Nous Cims\",\"isPartOf\":{\"@id\":\"https:\\\/\\\/www.nouscims.com\\\/fr\\\/#website\"},\"primaryImageOfPage\":{\"@id\":\"https:\\\/\\\/www.nouscims.com\\\/fr\\\/actualite\\\/pensee-decoloniale-pensee-systemique-et-cooperation-internationale-reflexions-sur-la-possibilite-de-reunir-ces-mondes-grace-a-lapproche-des-zones-modeles\\\/#primaryimage\"},\"image\":{\"@id\":\"https:\\\/\\\/www.nouscims.com\\\/fr\\\/actualite\\\/pensee-decoloniale-pensee-systemique-et-cooperation-internationale-reflexions-sur-la-possibilite-de-reunir-ces-mondes-grace-a-lapproche-des-zones-modeles\\\/#primaryimage\"},\"thumbnailUrl\":\"https:\\\/\\\/www.nouscims.com\\\/wp-content\\\/uploads\\\/2025\\\/02\\\/1727097687058.jpg\",\"datePublished\":\"2025-02-06T10:12:59+00:00\",\"dateModified\":\"2026-01-22T16:23:51+00:00\",\"author\":{\"@id\":\"https:\\\/\\\/www.nouscims.com\\\/fr\\\/#\\\/schema\\\/person\\\/c49be7fd7667a36f1b39c1c5a2becf99\"},\"description\":\"\\\"Lorsqu'un syst\u00e8me est loin de l'\u00e9quilibre, de petits \u00eelots de coh\u00e9rence dans une mer de chaos ont la capacit\u00e9 d'\u00e9lever le syst\u00e8me \u00e0 un ordre sup\u00e9rieur.\",\"breadcrumb\":{\"@id\":\"https:\\\/\\\/www.nouscims.com\\\/fr\\\/actualite\\\/pensee-decoloniale-pensee-systemique-et-cooperation-internationale-reflexions-sur-la-possibilite-de-reunir-ces-mondes-grace-a-lapproche-des-zones-modeles\\\/#breadcrumb\"},\"inLanguage\":\"fr-FR\",\"potentialAction\":[{\"@type\":\"ReadAction\",\"target\":[\"https:\\\/\\\/www.nouscims.com\\\/fr\\\/actualite\\\/pensee-decoloniale-pensee-systemique-et-cooperation-internationale-reflexions-sur-la-possibilite-de-reunir-ces-mondes-grace-a-lapproche-des-zones-modeles\\\/\"]}]},{\"@type\":\"ImageObject\",\"inLanguage\":\"fr-FR\",\"@id\":\"https:\\\/\\\/www.nouscims.com\\\/fr\\\/actualite\\\/pensee-decoloniale-pensee-systemique-et-cooperation-internationale-reflexions-sur-la-possibilite-de-reunir-ces-mondes-grace-a-lapproche-des-zones-modeles\\\/#primaryimage\",\"url\":\"https:\\\/\\\/www.nouscims.com\\\/wp-content\\\/uploads\\\/2025\\\/02\\\/1727097687058.jpg\",\"contentUrl\":\"https:\\\/\\\/www.nouscims.com\\\/wp-content\\\/uploads\\\/2025\\\/02\\\/1727097687058.jpg\",\"width\":1007,\"height\":721},{\"@type\":\"BreadcrumbList\",\"@id\":\"https:\\\/\\\/www.nouscims.com\\\/fr\\\/actualite\\\/pensee-decoloniale-pensee-systemique-et-cooperation-internationale-reflexions-sur-la-possibilite-de-reunir-ces-mondes-grace-a-lapproche-des-zones-modeles\\\/#breadcrumb\",\"itemListElement\":[{\"@type\":\"ListItem\",\"position\":1,\"name\":\"Portada\",\"item\":\"https:\\\/\\\/www.nouscims.com\\\/fr\\\/\"},{\"@type\":\"ListItem\",\"position\":2,\"name\":\"Pens\u00e9e d\u00e9coloniale, pens\u00e9e syst\u00e9mique et coop\u00e9ration internationale : r\u00e9flexions sur la possibilit\u00e9 de r\u00e9unir ces mondes gr\u00e2ce \u00e0 l&rsquo;approche des zones mod\u00e8les.\"}]},{\"@type\":\"WebSite\",\"@id\":\"https:\\\/\\\/www.nouscims.com\\\/fr\\\/#website\",\"url\":\"https:\\\/\\\/www.nouscims.com\\\/fr\\\/\",\"name\":\"Fundaci\u00f3n Privada Nous Cims\",\"description\":\"Impulsamos y desarrollamos proyectos de innovaci\u00f3n social\",\"potentialAction\":[{\"@type\":\"SearchAction\",\"target\":{\"@type\":\"EntryPoint\",\"urlTemplate\":\"https:\\\/\\\/www.nouscims.com\\\/fr\\\/?s={search_term_string}\"},\"query-input\":{\"@type\":\"PropertyValueSpecification\",\"valueRequired\":true,\"valueName\":\"search_term_string\"}}],\"inLanguage\":\"fr-FR\"},{\"@type\":\"Person\",\"@id\":\"https:\\\/\\\/www.nouscims.com\\\/fr\\\/#\\\/schema\\\/person\\\/c49be7fd7667a36f1b39c1c5a2becf99\",\"name\":\"Nous Cims\",\"image\":{\"@type\":\"ImageObject\",\"inLanguage\":\"fr-FR\",\"@id\":\"https:\\\/\\\/secure.gravatar.com\\\/avatar\\\/1dd42f1cafb4dfa67ddb690263b49eb6dd0b847386b5e1ee729643a318a2de73?s=96&d=mm&r=g\",\"url\":\"https:\\\/\\\/secure.gravatar.com\\\/avatar\\\/1dd42f1cafb4dfa67ddb690263b49eb6dd0b847386b5e1ee729643a318a2de73?s=96&d=mm&r=g\",\"contentUrl\":\"https:\\\/\\\/secure.gravatar.com\\\/avatar\\\/1dd42f1cafb4dfa67ddb690263b49eb6dd0b847386b5e1ee729643a318a2de73?s=96&d=mm&r=g\",\"caption\":\"Nous Cims\"},\"url\":\"https:\\\/\\\/www.nouscims.com\\\/fr\\\/author\\\/edelcampo\\\/\"}]}<\/script>\n<!-- \/ Yoast SEO plugin. -->","yoast_head_json":{"title":"Pens\u00e9e d\u00e9coloniale, pens\u00e9e syst\u00e9mique et coop\u00e9ration internationale : r\u00e9flexions sur la possibilit\u00e9 de r\u00e9unir ces mondes gr\u00e2ce \u00e0 l'approche des zones mod\u00e8les. - Fundaci\u00f3n Privada Nous Cims","description":"\"Lorsqu'un syst\u00e8me est loin de l'\u00e9quilibre, de petits \u00eelots de coh\u00e9rence dans une mer de chaos ont la capacit\u00e9 d'\u00e9lever le syst\u00e8me \u00e0 un ordre sup\u00e9rieur.","robots":{"index":"index","follow":"follow","max-snippet":"max-snippet:-1","max-image-preview":"max-image-preview:large","max-video-preview":"max-video-preview:-1"},"canonical":"https:\/\/www.nouscims.com\/fr\/actualite\/pensee-decoloniale-pensee-systemique-et-cooperation-internationale-reflexions-sur-la-possibilite-de-reunir-ces-mondes-grace-a-lapproche-des-zones-modeles\/","og_locale":"fr_FR","og_type":"article","og_title":"Pens\u00e9e d\u00e9coloniale, pens\u00e9e syst\u00e9mique et coop\u00e9ration internationale : r\u00e9flexions sur la possibilit\u00e9 de r\u00e9unir ces mondes gr\u00e2ce \u00e0 l'approche des zones mod\u00e8les. - Fundaci\u00f3n Privada Nous Cims","og_description":"\"Lorsqu'un syst\u00e8me est loin de l'\u00e9quilibre, de petits \u00eelots de coh\u00e9rence dans une mer de chaos ont la capacit\u00e9 d'\u00e9lever le syst\u00e8me \u00e0 un ordre sup\u00e9rieur.","og_url":"https:\/\/www.nouscims.com\/fr\/actualite\/pensee-decoloniale-pensee-systemique-et-cooperation-internationale-reflexions-sur-la-possibilite-de-reunir-ces-mondes-grace-a-lapproche-des-zones-modeles\/","og_site_name":"Fundaci\u00f3n Privada Nous Cims","article_publisher":"https:\/\/www.facebook.com\/nouscims","article_published_time":"2025-02-06T10:12:59+00:00","article_modified_time":"2026-01-22T16:23:51+00:00","og_image":[{"width":1007,"height":721,"url":"https:\/\/www.nouscims.com\/wp-content\/uploads\/2025\/02\/1727097687058.jpg","type":"image\/jpeg"}],"author":"Nous Cims","twitter_card":"summary_large_image","twitter_creator":"@nouscims","twitter_site":"@nouscims","twitter_misc":{"\u00c9crit par":"Nous Cims","Dur\u00e9e de lecture estim\u00e9e":"25 minutes"},"schema":{"@context":"https:\/\/schema.org","@graph":[{"@type":"Article","@id":"https:\/\/www.nouscims.com\/fr\/actualite\/pensee-decoloniale-pensee-systemique-et-cooperation-internationale-reflexions-sur-la-possibilite-de-reunir-ces-mondes-grace-a-lapproche-des-zones-modeles\/#article","isPartOf":{"@id":"https:\/\/www.nouscims.com\/fr\/actualite\/pensee-decoloniale-pensee-systemique-et-cooperation-internationale-reflexions-sur-la-possibilite-de-reunir-ces-mondes-grace-a-lapproche-des-zones-modeles\/"},"author":{"name":"Nous Cims","@id":"https:\/\/www.nouscims.com\/fr\/#\/schema\/person\/c49be7fd7667a36f1b39c1c5a2becf99"},"headline":"Pens\u00e9e d\u00e9coloniale, pens\u00e9e syst\u00e9mique et coop\u00e9ration internationale : r\u00e9flexions sur la possibilit\u00e9 de r\u00e9unir ces mondes gr\u00e2ce \u00e0 l&rsquo;approche des zones mod\u00e8les.","datePublished":"2025-02-06T10:12:59+00:00","dateModified":"2026-01-22T16:23:51+00:00","mainEntityOfPage":{"@id":"https:\/\/www.nouscims.com\/fr\/actualite\/pensee-decoloniale-pensee-systemique-et-cooperation-internationale-reflexions-sur-la-possibilite-de-reunir-ces-mondes-grace-a-lapproche-des-zones-modeles\/"},"wordCount":5235,"image":{"@id":"https:\/\/www.nouscims.com\/fr\/actualite\/pensee-decoloniale-pensee-systemique-et-cooperation-internationale-reflexions-sur-la-possibilite-de-reunir-ces-mondes-grace-a-lapproche-des-zones-modeles\/#primaryimage"},"thumbnailUrl":"https:\/\/www.nouscims.com\/wp-content\/uploads\/2025\/02\/1727097687058.jpg","articleSection":["Actualit\u00e9s"],"inLanguage":"fr-FR"},{"@type":"WebPage","@id":"https:\/\/www.nouscims.com\/fr\/actualite\/pensee-decoloniale-pensee-systemique-et-cooperation-internationale-reflexions-sur-la-possibilite-de-reunir-ces-mondes-grace-a-lapproche-des-zones-modeles\/","url":"https:\/\/www.nouscims.com\/fr\/actualite\/pensee-decoloniale-pensee-systemique-et-cooperation-internationale-reflexions-sur-la-possibilite-de-reunir-ces-mondes-grace-a-lapproche-des-zones-modeles\/","name":"Pens\u00e9e d\u00e9coloniale, pens\u00e9e syst\u00e9mique et coop\u00e9ration internationale : r\u00e9flexions sur la possibilit\u00e9 de r\u00e9unir ces mondes gr\u00e2ce \u00e0 l'approche des zones mod\u00e8les. - Fundaci\u00f3n Privada Nous Cims","isPartOf":{"@id":"https:\/\/www.nouscims.com\/fr\/#website"},"primaryImageOfPage":{"@id":"https:\/\/www.nouscims.com\/fr\/actualite\/pensee-decoloniale-pensee-systemique-et-cooperation-internationale-reflexions-sur-la-possibilite-de-reunir-ces-mondes-grace-a-lapproche-des-zones-modeles\/#primaryimage"},"image":{"@id":"https:\/\/www.nouscims.com\/fr\/actualite\/pensee-decoloniale-pensee-systemique-et-cooperation-internationale-reflexions-sur-la-possibilite-de-reunir-ces-mondes-grace-a-lapproche-des-zones-modeles\/#primaryimage"},"thumbnailUrl":"https:\/\/www.nouscims.com\/wp-content\/uploads\/2025\/02\/1727097687058.jpg","datePublished":"2025-02-06T10:12:59+00:00","dateModified":"2026-01-22T16:23:51+00:00","author":{"@id":"https:\/\/www.nouscims.com\/fr\/#\/schema\/person\/c49be7fd7667a36f1b39c1c5a2becf99"},"description":"\"Lorsqu'un syst\u00e8me est loin de l'\u00e9quilibre, de petits \u00eelots de coh\u00e9rence dans une mer de chaos ont la capacit\u00e9 d'\u00e9lever le syst\u00e8me \u00e0 un ordre sup\u00e9rieur.","breadcrumb":{"@id":"https:\/\/www.nouscims.com\/fr\/actualite\/pensee-decoloniale-pensee-systemique-et-cooperation-internationale-reflexions-sur-la-possibilite-de-reunir-ces-mondes-grace-a-lapproche-des-zones-modeles\/#breadcrumb"},"inLanguage":"fr-FR","potentialAction":[{"@type":"ReadAction","target":["https:\/\/www.nouscims.com\/fr\/actualite\/pensee-decoloniale-pensee-systemique-et-cooperation-internationale-reflexions-sur-la-possibilite-de-reunir-ces-mondes-grace-a-lapproche-des-zones-modeles\/"]}]},{"@type":"ImageObject","inLanguage":"fr-FR","@id":"https:\/\/www.nouscims.com\/fr\/actualite\/pensee-decoloniale-pensee-systemique-et-cooperation-internationale-reflexions-sur-la-possibilite-de-reunir-ces-mondes-grace-a-lapproche-des-zones-modeles\/#primaryimage","url":"https:\/\/www.nouscims.com\/wp-content\/uploads\/2025\/02\/1727097687058.jpg","contentUrl":"https:\/\/www.nouscims.com\/wp-content\/uploads\/2025\/02\/1727097687058.jpg","width":1007,"height":721},{"@type":"BreadcrumbList","@id":"https:\/\/www.nouscims.com\/fr\/actualite\/pensee-decoloniale-pensee-systemique-et-cooperation-internationale-reflexions-sur-la-possibilite-de-reunir-ces-mondes-grace-a-lapproche-des-zones-modeles\/#breadcrumb","itemListElement":[{"@type":"ListItem","position":1,"name":"Portada","item":"https:\/\/www.nouscims.com\/fr\/"},{"@type":"ListItem","position":2,"name":"Pens\u00e9e d\u00e9coloniale, pens\u00e9e syst\u00e9mique et coop\u00e9ration internationale : r\u00e9flexions sur la possibilit\u00e9 de r\u00e9unir ces mondes gr\u00e2ce \u00e0 l&rsquo;approche des zones mod\u00e8les."}]},{"@type":"WebSite","@id":"https:\/\/www.nouscims.com\/fr\/#website","url":"https:\/\/www.nouscims.com\/fr\/","name":"Fundaci\u00f3n Privada Nous Cims","description":"Impulsamos y desarrollamos proyectos de innovaci\u00f3n social","potentialAction":[{"@type":"SearchAction","target":{"@type":"EntryPoint","urlTemplate":"https:\/\/www.nouscims.com\/fr\/?s={search_term_string}"},"query-input":{"@type":"PropertyValueSpecification","valueRequired":true,"valueName":"search_term_string"}}],"inLanguage":"fr-FR"},{"@type":"Person","@id":"https:\/\/www.nouscims.com\/fr\/#\/schema\/person\/c49be7fd7667a36f1b39c1c5a2becf99","name":"Nous Cims","image":{"@type":"ImageObject","inLanguage":"fr-FR","@id":"https:\/\/secure.gravatar.com\/avatar\/1dd42f1cafb4dfa67ddb690263b49eb6dd0b847386b5e1ee729643a318a2de73?s=96&d=mm&r=g","url":"https:\/\/secure.gravatar.com\/avatar\/1dd42f1cafb4dfa67ddb690263b49eb6dd0b847386b5e1ee729643a318a2de73?s=96&d=mm&r=g","contentUrl":"https:\/\/secure.gravatar.com\/avatar\/1dd42f1cafb4dfa67ddb690263b49eb6dd0b847386b5e1ee729643a318a2de73?s=96&d=mm&r=g","caption":"Nous Cims"},"url":"https:\/\/www.nouscims.com\/fr\/author\/edelcampo\/"}]}},"_links":{"self":[{"href":"https:\/\/www.nouscims.com\/fr\/wp-json\/wp\/v2\/posts\/13945","targetHints":{"allow":["GET"]}}],"collection":[{"href":"https:\/\/www.nouscims.com\/fr\/wp-json\/wp\/v2\/posts"}],"about":[{"href":"https:\/\/www.nouscims.com\/fr\/wp-json\/wp\/v2\/types\/post"}],"author":[{"embeddable":true,"href":"https:\/\/www.nouscims.com\/fr\/wp-json\/wp\/v2\/users\/2"}],"replies":[{"embeddable":true,"href":"https:\/\/www.nouscims.com\/fr\/wp-json\/wp\/v2\/comments?post=13945"}],"version-history":[{"count":4,"href":"https:\/\/www.nouscims.com\/fr\/wp-json\/wp\/v2\/posts\/13945\/revisions"}],"predecessor-version":[{"id":14383,"href":"https:\/\/www.nouscims.com\/fr\/wp-json\/wp\/v2\/posts\/13945\/revisions\/14383"}],"wp:featuredmedia":[{"embeddable":true,"href":"https:\/\/www.nouscims.com\/fr\/wp-json\/wp\/v2\/media\/10197"}],"wp:attachment":[{"href":"https:\/\/www.nouscims.com\/fr\/wp-json\/wp\/v2\/media?parent=13945"}],"wp:term":[{"taxonomy":"category","embeddable":true,"href":"https:\/\/www.nouscims.com\/fr\/wp-json\/wp\/v2\/categories?post=13945"},{"taxonomy":"post_tag","embeddable":true,"href":"https:\/\/www.nouscims.com\/fr\/wp-json\/wp\/v2\/tags?post=13945"}],"curies":[{"name":"wp","href":"https:\/\/api.w.org\/{rel}","templated":true}]}}