{"id":13937,"date":"2025-04-24T11:10:29","date_gmt":"2025-04-24T09:10:29","guid":{"rendered":"https:\/\/www.nouscims.com\/les-avantages-du-lien-famille-ecole\/"},"modified":"2026-01-22T17:23:39","modified_gmt":"2026-01-22T16:23:39","slug":"les-avantages-du-lien-famille-ecole","status":"publish","type":"post","link":"https:\/\/www.nouscims.com\/fr\/actualite\/les-avantages-du-lien-famille-ecole\/","title":{"rendered":"Les avantages du lien famille-\u00e9cole"},"content":{"rendered":"<div class=\"wpb-content-wrapper\"><p>[vc_row row_height_percent=\u00a0\u00bb0&Prime; overlay_alpha=\u00a0\u00bb50&Prime; gutter_size=\u00a0\u00bb3&Prime; column_width_percent=\u00a0\u00bb100&Prime; shift_y=\u00a0\u00bb0&Prime; z_index=\u00a0\u00bb0&Prime; uncode_shortcode_id=\u00a0\u00bb225615&Prime;][vc_column width=\u00a0\u00bb1\/2&Prime;][vc_column_text uncode_shortcode_id=\u00a0\u00bb183412&Prime;]<\/p>\n<h4><strong><span style=\"color: #f64943\">LES AVANTAGES DU LIEN FAMILLE-\u00c9COLE<\/span><\/strong><\/h4>\n<p><em><strong><span style=\"color: #f64943\">Anna Fillat et Cristina Morat\u00f3, technicienne du programme KOA et chef de projet du programme Komt\u00fc<\/span><\/strong><\/em><\/p>\n<p><span style=\"color: #000000\">Comment renforcer les liens entre les familles et les enseignants ?<\/span><br \/><span style=\"color: #000000\">Comment les \u00e9quipes \u00e9ducatives per\u00e7oivent-elles l&rsquo;effort et l&rsquo;implication des familles dans l&rsquo;apprentissage de leurs enfants ?<\/span><br \/><span style=\"color: #000000\">Une relation plus \u00e9troite entre la famille et l&rsquo;\u00e9cole peut-elle r\u00e9duire l&rsquo;absent\u00e9isme et am\u00e9liorer la r\u00e9ussite scolaire ?<\/span><\/p>\n<p><span style=\"color: #000000\">Ce sont quelques-unes des questions que nous nous posons dans le cadre du programme Komt\u00fc et du programme KOA de la Fondation Nous Cims, car nous savons que la collaboration entre l&rsquo;\u00e9cole et la famille est essentielle au bien-\u00eatre \u00e9motionnel et scolaire des enfants et des adolescents.<\/span><\/p>\n<p><span style=\"color: #000000\">Cet article vise \u00e0 contextualiser l&rsquo;importance et les avantages du lien entre les enfants et leurs familles, ainsi qu&rsquo;\u00e0 offrir des outils cl\u00e9s pour que les \u00e9coles puissent g\u00e9n\u00e9rer des changements dans leur dynamique et renforcer une relation de plus en plus \u00e9troite avec les familles.<\/span>[\/vc_column_text][\/vc_column][vc_column column_width_percent=\u00a0\u00bb100&Prime; gutter_size=\u00a0\u00bb3&Prime; overlay_alpha=\u00a0\u00bb50&Prime; shift_x=\u00a0\u00bb0&Prime; shift_y=\u00a0\u00bb0&Prime; shift_y_down=\u00a0\u00bb0&Prime; z_index=\u00a0\u00bb0&Prime; medium_width=\u00a0\u00bb0&Prime; mobile_width=\u00a0\u00bb0&Prime; width=\u00a0\u00bb1\/2&Prime; uncode_shortcode_id=\u00a0\u00bb202615&Prime;][vc_single_image media=\u00a0\u00bb13545&Prime; media_width_percent=\u00a0\u00bb100&Prime; uncode_shortcode_id=\u00a0\u00bb202180&Prime;][\/vc_column][\/vc_row][vc_row][vc_column width=\u00a0\u00bb1\/1&Prime;][vc_column_text uncode_shortcode_id=\u00a0\u00bb228710&Prime;]<\/p>\n<h3><span style=\"color: #000000\"><strong>Lien famille-enfant<\/strong><\/span><\/h3>\n<p><span style=\"color: #000000\">Les \u00eatres humains sont des \u00eatres sociaux d\u00e8s leur naissance. La premi\u00e8re relation est le lien affectif que l&rsquo;enfant \u00e9tablit avec sa famille, avec sa m\u00e8re, son p\u00e8re ou la personne qui lui consacre le plus d&rsquo;heures (Ramos et Gonz\u00e1lez, 2017) ; c&rsquo;est gr\u00e2ce \u00e0 elle qu&rsquo;il apprendra ses premiers mots et ses premiers comportements. <\/span><\/p>\n<p><span style=\"color: #000000\">La famille joue un r\u00f4le fondamental dans la formation des valeurs, des attitudes et des habitudes de l&rsquo;enfant. C&rsquo;est dans cet environnement qu&rsquo;il vit ses premi\u00e8res exp\u00e9riences et \u00e9tablit ses premi\u00e8res relations, qui deviendront la base de ses interactions futures. De plus, la famille est le principal transmetteur de la culture et des valeurs. Plus tard, dans une deuxi\u00e8me phase de socialisation, l&rsquo;enfant sera int\u00e9gr\u00e9 dans diff\u00e9rents groupes sociaux et \u00e9tablira des relations constantes avec d&rsquo;autres personnes, car il a besoin de la compagnie et de l&rsquo;interaction avec les autres pour son d\u00e9veloppement. Dans ce processus, d&rsquo;autres agents sociaux interviendront, comme l&rsquo;\u00e9cole ou les pairs, qui assumeront, \u00e0 un degr\u00e9 plus ou moins \u00e9lev\u00e9, une partie de la responsabilit\u00e9 \u00e9ducative qui incombait initialement \u00e0 la famille.    <\/span><\/p>\n<h3><span style=\"color: #000000\"><strong>Les avantages du lien famille-\u00e9cole<\/strong><\/span><\/h3>\n<p><span style=\"color: #000000\">Les liens entre les familles et les \u00e9coles ne sont pas toujours faciles, mais ils partagent un objectif commun : le bien-\u00eatre des enfants. La responsabilit\u00e9 des deux acteurs est fondamentale. Selon Ortiz (2011), cit\u00e9 par De Le\u00f3n (2011, p. 3) : \u00ab\u00a0L&rsquo;\u00e9cole ne peut \u00e0 elle seule satisfaire les besoins de formation des citoyens, mais l&rsquo;organisation du syst\u00e8me \u00e9ducatif doit compter sur la collaboration des parents, en tant qu&rsquo;agents primaires de l&rsquo;\u00e9ducation\u00a0\u00bb.  <\/span><\/p>\n<p><span style=\"color: #000000\">Selon Avvisati et al. (2009), lorsque les conceptions, les exp\u00e9riences et les pratiques au sein de l&rsquo;\u00e9cole laissent de c\u00f4t\u00e9 la division entre les enseignants et les familles, l&rsquo;exp\u00e9rience scolaire s&rsquo;am\u00e9liore consid\u00e9rablement et les r\u00e9sultats scolaires tendent \u00e0 progresser. L&rsquo;\u00e9cole et la famille ne peuvent donc pas exercer leur r\u00f4le \u00e9ducatif de mani\u00e8re isol\u00e9e, mais il est essentiel qu&rsquo;elles travaillent ensemble. <\/span><\/p>\n<p><span style=\"color: #000000\">Jordi Collet et Antoni Tort, dans leur livre \u00ab\u00a0Escuela, familia y comunidad\u00a0\u00bb (2017), d\u00e9crivent cinq barri\u00e8res qui entravent la relation :<\/span><\/p>\n<ol>\n<li><span style=\"color: #000000\">Consid\u00e9rez que les familles et la communaut\u00e9 ne font pas partie de l&rsquo;\u00e9cole.<\/span><\/li>\n<li><span style=\"color: #000000\">Croire que les enseignants d\u00e9tiennent la v\u00e9rit\u00e9 absolue en mati\u00e8re d&rsquo;\u00e9ducation et de communication.<\/span><\/li>\n<li><span style=\"color: #000000\">L&rsquo;absence de prise en compte des diversit\u00e9s culturelles de la famille.<\/span><\/li>\n<li><span style=\"color: #000000\">Ne pas prendre en compte les familles moins communicatives ou moins visibles.<\/span><\/li>\n<li><span style=\"color: #000000\">L&rsquo;incapacit\u00e9 \u00e0 comprendre les in\u00e9galit\u00e9s sociales des familles est un obstacle majeur.<\/span><\/li>\n<\/ol>\n<p><span style=\"color: #000000\">Ces difficult\u00e9s sont une r\u00e9alit\u00e9 dans de nombreuses \u00e9coles et constituent un d\u00e9fi pour les \u00e9coles, qui ont la responsabilit\u00e9 de favoriser une collaboration plus \u00e9troite avec les familles.<\/span><\/p>\n<p><span style=\"color: #000000\">Dans le m\u00eame ordre d&rsquo;id\u00e9es, Gonz\u00e1lez-Pienda et al. (2002) affirment que l&rsquo;implication des familles dans l&rsquo;\u00e9ducation de leurs enfants influence positivement leurs r\u00e9sultats scolaires : \u00ab\u00a0Les enfants dont les familles sont impliqu\u00e9es dans leur \u00e9ducation tendent \u00e0 avoir de meilleurs r\u00e9sultats scolaires, une meilleure estime de soi et une attitude plus positive vis-\u00e0-vis de l&rsquo;apprentissage. Lorsque les familles sont impliqu\u00e9es dans la vie scolaire de leurs enfants, elles envoient un message clair selon lequel l&rsquo;\u00e9ducation est importante et qu&rsquo;elles s&rsquo;engagent \u00e0 assurer la r\u00e9ussite de leurs enfants. Cette implication favorise \u00e9galement l&rsquo;\u00e9tablissement d&rsquo;un lien de confiance\u00a0\u00bb.<\/span><\/p>\n<p><span style=\"color: #000000\">Selon Garcia-Bacete (2003), l&rsquo;implication de la famille \u00e0 l&rsquo;\u00e9cole a un impact direct sur les r\u00e9sultats scolaires des enfants. Dans son \u00e9tude, il est d\u00e9montr\u00e9 que les \u00e9l\u00e8ves qui obtiennent de meilleurs r\u00e9sultats sont ceux qui ont b\u00e9n\u00e9fici\u00e9 d&rsquo;un plus grand soutien familial, ce qui favorise le renforcement des liens entre les familles et les \u00e9coles. <\/span><\/p>\n<p><span style=\"color: #000000\">Il est donc essentiel de sensibiliser les familles et les enseignants \u00e0 l&rsquo;importance de mener \u00e0 bien ce travail de collaboration. C&rsquo;est pourquoi nous proposons une s\u00e9rie d&rsquo;outils, de ressources et d&rsquo;activit\u00e9s qui peuvent \u00eatre mis en \u0153uvre \u00e0 l&rsquo;\u00e9cole, en garantissant des horaires accessibles aux familles ayant des responsabilit\u00e9s professionnelles ou personnelles et en tenant compte de la diversit\u00e9 familiale pr\u00e9sente dans les \u00e9coles. <\/span><\/p>\n<h3><span style=\"color: #000000\"><strong>Outils et ressources pour promouvoir les liens famille-\u00e9cole<\/strong><\/span><\/h3>\n<ol>\n<li><span style=\"color: #000000\"><strong>Accueil et information des familles<\/strong><\/span><\/li>\n<\/ol>\n<ul>\n<li><span style=\"color: #000000\">Int\u00e9grer dans le plan d&rsquo;accueil des <strong>espaces et des actions pour faire conna\u00eetre les canaux de communication et de participation des familles <\/strong>\u00e0 la vie du centre.<\/span><\/li>\n<li><span style=\"color: #000000\"><strong>Faciliter la connaissance du centre <\/strong>par des visites guid\u00e9es, des journ\u00e9es portes ouvertes et des informations sur les projets \u00e9ducatifs.<\/span><\/li>\n<li><span style=\"color: #000000\">Cr\u00e9er un <strong>document d&rsquo;accueil contenant des informations utiles<\/strong> pour les familles, accessible depuis le site web du centre et remis d\u00e8s l&rsquo;arriv\u00e9e.<\/span><\/li>\n<\/ul>\n<ol start=\"2\">\n<li><span style=\"color: #000000\"><strong>  Soutien et orientation des familles nouvellement arriv\u00e9es<\/strong><\/span><\/li>\n<\/ol>\n<ul>\n<li><span style=\"color: #000000\"><strong>Projet de jumelage<\/strong>: assignez une famille exp\u00e9riment\u00e9e \u00e0 des familles nouvellement arriv\u00e9es, de pr\u00e9f\u00e9rence avec des ant\u00e9c\u00e9dents et une langue similaires, afin de faciliter l&rsquo;adaptation.<\/span><\/li>\n<li><span style=\"color: #000000\">Int\u00e9grer des personnes issues de la m\u00eame communaut\u00e9 de migrants comme <strong>points de r\u00e9f\u00e9rence pour les familles et les \u00e9l\u00e8ves nouvellement arriv\u00e9s<\/strong>, en particulier pour expliquer le syst\u00e8me \u00e9ducatif \u00e0 diff\u00e9rents stades et lors des p\u00e9riodes de transition.<\/span><\/li>\n<\/ul>\n<ol start=\"3\">\n<li><span style=\"color: #000000\"><strong>  Espaces de rencontre et d&rsquo;\u00e9change pour les familles<\/strong><\/span><\/li>\n<\/ol>\n<ul>\n<li><span style=\"color: #000000\"><strong>Organiser des ateliers exp\u00e9rientiels <\/strong>o\u00f9 les p\u00e8res et les m\u00e8res peuvent exp\u00e9rimenter, r\u00e9ajuster leurs actions et parler des aspects applicables \u00e0 l&rsquo;\u00e9ducation de leurs enfants. O\u00f9 d\u00e9tecter les \u00e9ventuels besoins et attentes des familles. <\/span><\/li>\n<li><span style=\"color: #000000\"><strong>Cr\u00e9er des espaces d&rsquo;\u00e9change entre les familles<\/strong> pour discuter et partager des strat\u00e9gies \u00e9ducatives, des exp\u00e9riences et des ressources en rapport avec l&rsquo;\u00e9ducation des enfants.<\/span><\/li>\n<li><span style=\"color: #000000\"><strong>Promouvoir des forums et des espaces virtuels d&rsquo;\u00e9change d&rsquo;<\/strong>opinions pour favoriser la communication entre les familles et le centre.<\/span><\/li>\n<\/ul>\n<ol start=\"4\">\n<li><span style=\"color: #000000\"><strong>  Formation et renforcement des capacit\u00e9s des familles<\/strong><\/span><\/li>\n<\/ol>\n<ul>\n<li><span style=\"color: #000000\">Proposer des <strong>conf\u00e9rences et des ateliers de<\/strong> sensibilisation, d&rsquo;information et de r\u00e9flexion sur diff\u00e9rentes questions \u00e9ducatives.<\/span><br \/><span style=\"color: #000000\">&#8211; Promouvoir des <strong>d\u00e9bats sur l&rsquo;\u00e9ducation<\/strong> avec la participation des familles, des enseignants et d&rsquo;autres professionnels dans le domaine de l&rsquo;\u00e9ducation.<\/span><\/li>\n<li><span style=\"color: #000000\">D\u00e9velopper des <strong>programmes de formation pour les familles<\/strong>, en leur donnant des outils pour soutenir l&rsquo;apprentissage et le d\u00e9veloppement de leurs enfants \u00e0 la maison.<\/span><\/li>\n<li><span style=\"color: #000000\">Organiser des <strong>formations<\/strong> pour l&rsquo;ensemble de la communaut\u00e9 \u00e9ducative.<\/span><\/li>\n<li><span style=\"color: #000000\"><strong>Forums<\/strong> dans les espaces <strong>virtuels<\/strong> pour l&rsquo;\u00e9change d&rsquo;opinions.<\/span><\/li>\n<\/ul>\n<p><span style=\"color: #000000\">Nous comprenons que le soutien que les familles re\u00e7oivent de l&rsquo;\u00e9cole par le biais de ces strat\u00e9gies leur permet de d\u00e9velopper le potentiel de leurs enfants et de les stimuler \u00e0 relever de nouveaux d\u00e9fis. Par cons\u00e9quent, les familles doivent pouvoir se sentir impliqu\u00e9es dans le processus d&rsquo;apprentissage de leurs enfants. <\/span><\/p>\n<p><span style=\"color: #000000\">Pour nous, la cl\u00e9 est de commencer \u00e0 g\u00e9n\u00e9rer des liens \u00e0 partir de I3 dans le but d&rsquo;aller dans la m\u00eame direction et de contribuer au d\u00e9veloppement des enfants. La coop\u00e9ration entre l&rsquo;\u00e9cole et la famille est essentielle pour l&rsquo;am\u00e9lioration acad\u00e9mique et personnelle des \u00e9l\u00e8ves. Les strat\u00e9gies mentionn\u00e9es ci-dessus facilitent cette collaboration, mais le succ\u00e8s d\u00e9pend de l&rsquo;engagement mutuel et de la cr\u00e9ation d&rsquo;un espace de dialogue o\u00f9 les contributions de tous les agents \u00e9ducatifs sont valoris\u00e9es.  <\/span><\/p>\n<h4><span style=\"color: #000000\">R\u00e9f\u00e9rences<\/span><\/h4>\n<p><span style=\"color: #000000\">Collet, J. et Tort, A. (2011). <em>Fam\u00edlies, escola i \u00e8xit : millorar els vincles per millorar els resultats<\/em> (Vol. 87). Fondation Jaume Bofill. <\/span><\/p>\n<p><span style=\"color: #000000\">Epstein, J. L. (2011). <em>School, Family, and Community Partnerships : Preparing Educators and Improving Schools<\/em>. Westview Press. <\/span><\/p>\n<p><span style=\"color: #000000\">Gonz\u00e1lez-Pienda, J. A., N\u00fa\u00f1ez, J. C. et Gonz\u00e1lez-Pumariega, S. (2002). <em>Family involvement and school performance<\/em>. Revista de Psicodid\u00e1ctica, 7, 81-94. <\/span><\/p>\n<p><span style=\"color: #000000\">Manjarr\u00e9s Carrizalez, D., Le\u00f3n Gonz\u00e1lez, E. Y., &amp; Gait\u00e1n Luque, A. (2017). <em>Famille et \u00e9cole : opportunit\u00e9 de formation, possibilit\u00e9 d&rsquo;interaction<\/em>. Universit\u00e9 p\u00e9dagogique nationale. <\/span><\/p>\n<p><span style=\"color: #000000\">Mu\u00f1oz, M. C. (2009). L&rsquo;importance de la collaboration famille-\u00e9cole dans l&rsquo;\u00e9ducation.   <em>Innov. Exp. \u00e9duc.  <\/em>, <em>16<\/em>, 1-9.<\/span><\/p>\n<p><span style=\"color: #000000\">Ramos, Y. et Gonz\u00e1lez, M. (2017). Une approche de la fonction \u00e9ducative de la famille. <em>Revue cubaine de m\u00e9decine g\u00e9n\u00e9rale int\u00e9grale<\/em>, 33(1), 100-114. Recuperado de <a style=\"color: #000000\" href=\"http:\/\/scielo.sld.cu\/scielo.php?script=sci_arttext&amp;pid=S0864-21252017000100009\">http:\/\/scielo.sld.cu\/scielo.php?script=sci_arttext&amp;pid=S0864-21252017000100009<\/a>  <\/span><\/p>\n<p><span style=\"color: #000000\">Rivas-Borrell, S. et Ugarte-Artal, C. (2014). Formation des enseignants et culture participative de l&rsquo;\u00e9cole : des cl\u00e9s pour promouvoir la participation famille-\u00e9cole. <\/span><\/p>\n<p><span style=\"color: #000000\">Robles-Moreno, V., Arroyo, A., Mesa, J. (2024). Participation \u00e0 l&rsquo;origine. aFFaC.   https:\/\/affac.cat\/affac\/participacio-origen\/<\/span><\/p>\n<h4><span style=\"color: #000000\">Guides<\/span><\/h4>\n<p><span style=\"color: #000000\"><a style=\"color: #000000\" href=\"https:\/\/xtec.gencat.cat\/web\/.content\/comunitat\/escolaifamilia\/Continguts-Escola-i-Families-Abril-2022.pdf\">https:\/\/xtec.gencat.cat\/web\/.content\/comunitat\/escolaifamilia\/Continguts-Escola-i-Families-Abril-2022.pdf<\/a><\/span><\/p>\n<p><span style=\"color: #000000\"><a style=\"color: #000000\" href=\"https:\/\/ioc.xtec.cat\/materials\/FP\/Recursos\/fp_edi_m01_\/web\/fp_edi_m01_htmlindex\/media\/fp_edi_m01_u4_pdfindex.pdf\">https:\/\/ioc.xtec.cat\/materials\/FP\/Recursos\/fp_edi_m01_\/web\/fp_edi_m01_htmlindex\/media\/fp_edi_m01_u4_pdfindex.pdf<\/a><\/span><\/p>\n<p><span style=\"color: #000000\">Robles-Moreno, V., Arroyo, A., Mesa, J. (2024). Participation \u00e0 l&rsquo;origine. aFFaC.   https:\/\/affac.cat\/affac\/participacio-origen\/<\/span>[\/vc_column_text][\/vc_column][\/vc_row]<\/p>\n<\/div>","protected":false},"excerpt":{"rendered":"<p> LES AVANTAGES DU LIEN FAMILLE-\u00c9COLE Anna Fillat et Cristina Morat\u00f3, [&hellip;]<\/p>\n","protected":false},"author":1,"featured_media":13538,"comment_status":"closed","ping_status":"closed","sticky":false,"template":"","format":"standard","meta":{"footnotes":""},"categories":[189],"tags":[],"class_list":["post-13937","post","type-post","status-publish","format-standard","has-post-thumbnail","hentry","category-actualite"],"yoast_head":"<!-- This site is optimized with the Yoast SEO plugin v27.4 - https:\/\/yoast.com\/product\/yoast-seo-wordpress\/ -->\n<title>Les avantages du lien famille-\u00e9cole - Fundaci\u00f3n Privada Nous Cims<\/title>\n<meta name=\"robots\" content=\"index, follow, max-snippet:-1, max-image-preview:large, max-video-preview:-1\" \/>\n<link rel=\"canonical\" href=\"https:\/\/www.nouscims.com\/fr\/actualite\/les-avantages-du-lien-famille-ecole\/\" \/>\n<meta property=\"og:locale\" content=\"fr_FR\" \/>\n<meta property=\"og:type\" content=\"article\" \/>\n<meta property=\"og:title\" content=\"Les avantages du lien famille-\u00e9cole - Fundaci\u00f3n Privada Nous Cims\" \/>\n<meta property=\"og:description\" content=\"LES AVANTAGES DU LIEN FAMILLE-\u00c9COLE Anna Fillat et Cristina Morat\u00f3, [&hellip;]\" \/>\n<meta property=\"og:url\" content=\"https:\/\/www.nouscims.com\/fr\/actualite\/les-avantages-du-lien-famille-ecole\/\" \/>\n<meta property=\"og:site_name\" content=\"Fundaci\u00f3n Privada Nous Cims\" \/>\n<meta property=\"article:publisher\" content=\"https:\/\/www.facebook.com\/nouscims\" \/>\n<meta property=\"article:published_time\" content=\"2025-04-24T09:10:29+00:00\" \/>\n<meta property=\"article:modified_time\" content=\"2026-01-22T16:23:39+00:00\" \/>\n<meta property=\"og:image\" content=\"https:\/\/www.nouscims.com\/wp-content\/uploads\/2025\/11\/MCH_8989-scaled-e1745416748667.jpg\" \/>\n\t<meta property=\"og:image:width\" content=\"1702\" \/>\n\t<meta property=\"og:image:height\" content=\"2073\" \/>\n\t<meta property=\"og:image:type\" content=\"image\/jpeg\" \/>\n<meta name=\"author\" content=\"nous_admin\" \/>\n<meta name=\"twitter:card\" content=\"summary_large_image\" \/>\n<meta name=\"twitter:creator\" content=\"@nouscims\" \/>\n<meta name=\"twitter:site\" content=\"@nouscims\" \/>\n<meta name=\"twitter:label1\" content=\"\u00c9crit par\" \/>\n\t<meta name=\"twitter:data1\" content=\"nous_admin\" \/>\n\t<meta name=\"twitter:label2\" content=\"Dur\u00e9e de lecture estim\u00e9e\" \/>\n\t<meta name=\"twitter:data2\" content=\"9 minutes\" \/>\n<script type=\"application\/ld+json\" class=\"yoast-schema-graph\">{\"@context\":\"https:\\\/\\\/schema.org\",\"@graph\":[{\"@type\":\"Article\",\"@id\":\"https:\\\/\\\/www.nouscims.com\\\/fr\\\/actualite\\\/les-avantages-du-lien-famille-ecole\\\/#article\",\"isPartOf\":{\"@id\":\"https:\\\/\\\/www.nouscims.com\\\/fr\\\/actualite\\\/les-avantages-du-lien-famille-ecole\\\/\"},\"author\":{\"name\":\"nous_admin\",\"@id\":\"https:\\\/\\\/www.nouscims.com\\\/fr\\\/#\\\/schema\\\/person\\\/98bca0bd4f2210a80be68817b89f5d33\"},\"headline\":\"Les avantages du lien famille-\u00e9cole\",\"datePublished\":\"2025-04-24T09:10:29+00:00\",\"dateModified\":\"2026-01-22T16:23:39+00:00\",\"mainEntityOfPage\":{\"@id\":\"https:\\\/\\\/www.nouscims.com\\\/fr\\\/actualite\\\/les-avantages-du-lien-famille-ecole\\\/\"},\"wordCount\":1760,\"image\":{\"@id\":\"https:\\\/\\\/www.nouscims.com\\\/fr\\\/actualite\\\/les-avantages-du-lien-famille-ecole\\\/#primaryimage\"},\"thumbnailUrl\":\"https:\\\/\\\/www.nouscims.com\\\/wp-content\\\/uploads\\\/2025\\\/11\\\/MCH_8989-scaled-e1745416748667.jpg\",\"articleSection\":[\"Actualit\u00e9s\"],\"inLanguage\":\"fr-FR\"},{\"@type\":\"WebPage\",\"@id\":\"https:\\\/\\\/www.nouscims.com\\\/fr\\\/actualite\\\/les-avantages-du-lien-famille-ecole\\\/\",\"url\":\"https:\\\/\\\/www.nouscims.com\\\/fr\\\/actualite\\\/les-avantages-du-lien-famille-ecole\\\/\",\"name\":\"Les avantages du lien famille-\u00e9cole - Fundaci\u00f3n Privada Nous Cims\",\"isPartOf\":{\"@id\":\"https:\\\/\\\/www.nouscims.com\\\/fr\\\/#website\"},\"primaryImageOfPage\":{\"@id\":\"https:\\\/\\\/www.nouscims.com\\\/fr\\\/actualite\\\/les-avantages-du-lien-famille-ecole\\\/#primaryimage\"},\"image\":{\"@id\":\"https:\\\/\\\/www.nouscims.com\\\/fr\\\/actualite\\\/les-avantages-du-lien-famille-ecole\\\/#primaryimage\"},\"thumbnailUrl\":\"https:\\\/\\\/www.nouscims.com\\\/wp-content\\\/uploads\\\/2025\\\/11\\\/MCH_8989-scaled-e1745416748667.jpg\",\"datePublished\":\"2025-04-24T09:10:29+00:00\",\"dateModified\":\"2026-01-22T16:23:39+00:00\",\"author\":{\"@id\":\"https:\\\/\\\/www.nouscims.com\\\/fr\\\/#\\\/schema\\\/person\\\/98bca0bd4f2210a80be68817b89f5d33\"},\"breadcrumb\":{\"@id\":\"https:\\\/\\\/www.nouscims.com\\\/fr\\\/actualite\\\/les-avantages-du-lien-famille-ecole\\\/#breadcrumb\"},\"inLanguage\":\"fr-FR\",\"potentialAction\":[{\"@type\":\"ReadAction\",\"target\":[\"https:\\\/\\\/www.nouscims.com\\\/fr\\\/actualite\\\/les-avantages-du-lien-famille-ecole\\\/\"]}]},{\"@type\":\"ImageObject\",\"inLanguage\":\"fr-FR\",\"@id\":\"https:\\\/\\\/www.nouscims.com\\\/fr\\\/actualite\\\/les-avantages-du-lien-famille-ecole\\\/#primaryimage\",\"url\":\"https:\\\/\\\/www.nouscims.com\\\/wp-content\\\/uploads\\\/2025\\\/11\\\/MCH_8989-scaled-e1745416748667.jpg\",\"contentUrl\":\"https:\\\/\\\/www.nouscims.com\\\/wp-content\\\/uploads\\\/2025\\\/11\\\/MCH_8989-scaled-e1745416748667.jpg\",\"width\":1702,\"height\":2073},{\"@type\":\"BreadcrumbList\",\"@id\":\"https:\\\/\\\/www.nouscims.com\\\/fr\\\/actualite\\\/les-avantages-du-lien-famille-ecole\\\/#breadcrumb\",\"itemListElement\":[{\"@type\":\"ListItem\",\"position\":1,\"name\":\"Portada\",\"item\":\"https:\\\/\\\/www.nouscims.com\\\/fr\\\/\"},{\"@type\":\"ListItem\",\"position\":2,\"name\":\"Les avantages du lien famille-\u00e9cole\"}]},{\"@type\":\"WebSite\",\"@id\":\"https:\\\/\\\/www.nouscims.com\\\/fr\\\/#website\",\"url\":\"https:\\\/\\\/www.nouscims.com\\\/fr\\\/\",\"name\":\"Fundaci\u00f3n Privada Nous Cims\",\"description\":\"Impulsamos y desarrollamos proyectos de innovaci\u00f3n social\",\"potentialAction\":[{\"@type\":\"SearchAction\",\"target\":{\"@type\":\"EntryPoint\",\"urlTemplate\":\"https:\\\/\\\/www.nouscims.com\\\/fr\\\/?s={search_term_string}\"},\"query-input\":{\"@type\":\"PropertyValueSpecification\",\"valueRequired\":true,\"valueName\":\"search_term_string\"}}],\"inLanguage\":\"fr-FR\"},{\"@type\":\"Person\",\"@id\":\"https:\\\/\\\/www.nouscims.com\\\/fr\\\/#\\\/schema\\\/person\\\/98bca0bd4f2210a80be68817b89f5d33\",\"name\":\"nous_admin\",\"image\":{\"@type\":\"ImageObject\",\"inLanguage\":\"fr-FR\",\"@id\":\"https:\\\/\\\/secure.gravatar.com\\\/avatar\\\/7b0df6bab50c1a7b72afa5353b411cf571c19c3f0c19733e684b0ef25d0b347e?s=96&d=mm&r=g\",\"url\":\"https:\\\/\\\/secure.gravatar.com\\\/avatar\\\/7b0df6bab50c1a7b72afa5353b411cf571c19c3f0c19733e684b0ef25d0b347e?s=96&d=mm&r=g\",\"contentUrl\":\"https:\\\/\\\/secure.gravatar.com\\\/avatar\\\/7b0df6bab50c1a7b72afa5353b411cf571c19c3f0c19733e684b0ef25d0b347e?s=96&d=mm&r=g\",\"caption\":\"nous_admin\"},\"url\":\"https:\\\/\\\/www.nouscims.com\\\/fr\\\/author\\\/nous_admin\\\/\"}]}<\/script>\n<!-- \/ Yoast SEO plugin. -->","yoast_head_json":{"title":"Les avantages du lien famille-\u00e9cole - Fundaci\u00f3n Privada Nous Cims","robots":{"index":"index","follow":"follow","max-snippet":"max-snippet:-1","max-image-preview":"max-image-preview:large","max-video-preview":"max-video-preview:-1"},"canonical":"https:\/\/www.nouscims.com\/fr\/actualite\/les-avantages-du-lien-famille-ecole\/","og_locale":"fr_FR","og_type":"article","og_title":"Les avantages du lien famille-\u00e9cole - Fundaci\u00f3n Privada Nous Cims","og_description":"LES AVANTAGES DU LIEN FAMILLE-\u00c9COLE Anna Fillat et Cristina Morat\u00f3, [&hellip;]","og_url":"https:\/\/www.nouscims.com\/fr\/actualite\/les-avantages-du-lien-famille-ecole\/","og_site_name":"Fundaci\u00f3n Privada Nous Cims","article_publisher":"https:\/\/www.facebook.com\/nouscims","article_published_time":"2025-04-24T09:10:29+00:00","article_modified_time":"2026-01-22T16:23:39+00:00","og_image":[{"width":1702,"height":2073,"url":"https:\/\/www.nouscims.com\/wp-content\/uploads\/2025\/11\/MCH_8989-scaled-e1745416748667.jpg","type":"image\/jpeg"}],"author":"nous_admin","twitter_card":"summary_large_image","twitter_creator":"@nouscims","twitter_site":"@nouscims","twitter_misc":{"\u00c9crit par":"nous_admin","Dur\u00e9e de lecture estim\u00e9e":"9 minutes"},"schema":{"@context":"https:\/\/schema.org","@graph":[{"@type":"Article","@id":"https:\/\/www.nouscims.com\/fr\/actualite\/les-avantages-du-lien-famille-ecole\/#article","isPartOf":{"@id":"https:\/\/www.nouscims.com\/fr\/actualite\/les-avantages-du-lien-famille-ecole\/"},"author":{"name":"nous_admin","@id":"https:\/\/www.nouscims.com\/fr\/#\/schema\/person\/98bca0bd4f2210a80be68817b89f5d33"},"headline":"Les avantages du lien famille-\u00e9cole","datePublished":"2025-04-24T09:10:29+00:00","dateModified":"2026-01-22T16:23:39+00:00","mainEntityOfPage":{"@id":"https:\/\/www.nouscims.com\/fr\/actualite\/les-avantages-du-lien-famille-ecole\/"},"wordCount":1760,"image":{"@id":"https:\/\/www.nouscims.com\/fr\/actualite\/les-avantages-du-lien-famille-ecole\/#primaryimage"},"thumbnailUrl":"https:\/\/www.nouscims.com\/wp-content\/uploads\/2025\/11\/MCH_8989-scaled-e1745416748667.jpg","articleSection":["Actualit\u00e9s"],"inLanguage":"fr-FR"},{"@type":"WebPage","@id":"https:\/\/www.nouscims.com\/fr\/actualite\/les-avantages-du-lien-famille-ecole\/","url":"https:\/\/www.nouscims.com\/fr\/actualite\/les-avantages-du-lien-famille-ecole\/","name":"Les avantages du lien famille-\u00e9cole - Fundaci\u00f3n Privada Nous Cims","isPartOf":{"@id":"https:\/\/www.nouscims.com\/fr\/#website"},"primaryImageOfPage":{"@id":"https:\/\/www.nouscims.com\/fr\/actualite\/les-avantages-du-lien-famille-ecole\/#primaryimage"},"image":{"@id":"https:\/\/www.nouscims.com\/fr\/actualite\/les-avantages-du-lien-famille-ecole\/#primaryimage"},"thumbnailUrl":"https:\/\/www.nouscims.com\/wp-content\/uploads\/2025\/11\/MCH_8989-scaled-e1745416748667.jpg","datePublished":"2025-04-24T09:10:29+00:00","dateModified":"2026-01-22T16:23:39+00:00","author":{"@id":"https:\/\/www.nouscims.com\/fr\/#\/schema\/person\/98bca0bd4f2210a80be68817b89f5d33"},"breadcrumb":{"@id":"https:\/\/www.nouscims.com\/fr\/actualite\/les-avantages-du-lien-famille-ecole\/#breadcrumb"},"inLanguage":"fr-FR","potentialAction":[{"@type":"ReadAction","target":["https:\/\/www.nouscims.com\/fr\/actualite\/les-avantages-du-lien-famille-ecole\/"]}]},{"@type":"ImageObject","inLanguage":"fr-FR","@id":"https:\/\/www.nouscims.com\/fr\/actualite\/les-avantages-du-lien-famille-ecole\/#primaryimage","url":"https:\/\/www.nouscims.com\/wp-content\/uploads\/2025\/11\/MCH_8989-scaled-e1745416748667.jpg","contentUrl":"https:\/\/www.nouscims.com\/wp-content\/uploads\/2025\/11\/MCH_8989-scaled-e1745416748667.jpg","width":1702,"height":2073},{"@type":"BreadcrumbList","@id":"https:\/\/www.nouscims.com\/fr\/actualite\/les-avantages-du-lien-famille-ecole\/#breadcrumb","itemListElement":[{"@type":"ListItem","position":1,"name":"Portada","item":"https:\/\/www.nouscims.com\/fr\/"},{"@type":"ListItem","position":2,"name":"Les avantages du lien famille-\u00e9cole"}]},{"@type":"WebSite","@id":"https:\/\/www.nouscims.com\/fr\/#website","url":"https:\/\/www.nouscims.com\/fr\/","name":"Fundaci\u00f3n Privada Nous Cims","description":"Impulsamos y desarrollamos proyectos de innovaci\u00f3n social","potentialAction":[{"@type":"SearchAction","target":{"@type":"EntryPoint","urlTemplate":"https:\/\/www.nouscims.com\/fr\/?s={search_term_string}"},"query-input":{"@type":"PropertyValueSpecification","valueRequired":true,"valueName":"search_term_string"}}],"inLanguage":"fr-FR"},{"@type":"Person","@id":"https:\/\/www.nouscims.com\/fr\/#\/schema\/person\/98bca0bd4f2210a80be68817b89f5d33","name":"nous_admin","image":{"@type":"ImageObject","inLanguage":"fr-FR","@id":"https:\/\/secure.gravatar.com\/avatar\/7b0df6bab50c1a7b72afa5353b411cf571c19c3f0c19733e684b0ef25d0b347e?s=96&d=mm&r=g","url":"https:\/\/secure.gravatar.com\/avatar\/7b0df6bab50c1a7b72afa5353b411cf571c19c3f0c19733e684b0ef25d0b347e?s=96&d=mm&r=g","contentUrl":"https:\/\/secure.gravatar.com\/avatar\/7b0df6bab50c1a7b72afa5353b411cf571c19c3f0c19733e684b0ef25d0b347e?s=96&d=mm&r=g","caption":"nous_admin"},"url":"https:\/\/www.nouscims.com\/fr\/author\/nous_admin\/"}]}},"_links":{"self":[{"href":"https:\/\/www.nouscims.com\/fr\/wp-json\/wp\/v2\/posts\/13937","targetHints":{"allow":["GET"]}}],"collection":[{"href":"https:\/\/www.nouscims.com\/fr\/wp-json\/wp\/v2\/posts"}],"about":[{"href":"https:\/\/www.nouscims.com\/fr\/wp-json\/wp\/v2\/types\/post"}],"author":[{"embeddable":true,"href":"https:\/\/www.nouscims.com\/fr\/wp-json\/wp\/v2\/users\/1"}],"replies":[{"embeddable":true,"href":"https:\/\/www.nouscims.com\/fr\/wp-json\/wp\/v2\/comments?post=13937"}],"version-history":[{"count":3,"href":"https:\/\/www.nouscims.com\/fr\/wp-json\/wp\/v2\/posts\/13937\/revisions"}],"predecessor-version":[{"id":13940,"href":"https:\/\/www.nouscims.com\/fr\/wp-json\/wp\/v2\/posts\/13937\/revisions\/13940"}],"wp:featuredmedia":[{"embeddable":true,"href":"https:\/\/www.nouscims.com\/fr\/wp-json\/wp\/v2\/media\/13538"}],"wp:attachment":[{"href":"https:\/\/www.nouscims.com\/fr\/wp-json\/wp\/v2\/media?parent=13937"}],"wp:term":[{"taxonomy":"category","embeddable":true,"href":"https:\/\/www.nouscims.com\/fr\/wp-json\/wp\/v2\/categories?post=13937"},{"taxonomy":"post_tag","embeddable":true,"href":"https:\/\/www.nouscims.com\/fr\/wp-json\/wp\/v2\/tags?post=13937"}],"curies":[{"name":"wp","href":"https:\/\/api.w.org\/{rel}","templated":true}]}}