{"id":13917,"date":"2025-12-04T11:01:58","date_gmt":"2025-12-04T10:01:58","guid":{"rendered":"https:\/\/www.nouscims.com\/le-conflit-comme-opportunite-4-ateliers-pour-transformer-notre-regard-sur-le-conflit\/"},"modified":"2026-01-22T17:23:12","modified_gmt":"2026-01-22T16:23:12","slug":"le-conflit-comme-opportunite-4-ateliers-pour-transformer-notre-regard-sur-le-conflit","status":"publish","type":"post","link":"https:\/\/www.nouscims.com\/fr\/actualite\/le-conflit-comme-opportunite-4-ateliers-pour-transformer-notre-regard-sur-le-conflit\/","title":{"rendered":"Le conflit comme opportunit\u00e9 : 4 ateliers pour transformer notre regard sur le conflit"},"content":{"rendered":"<div class=\"wpb-content-wrapper\"><p>[vc_row row_height_percent=\u00a0\u00bb0&Prime; overlay_alpha=\u00a0\u00bb50&Prime; gutter_size=\u00a0\u00bb3&Prime; column_width_percent=\u00a0\u00bb100&Prime; shift_y=\u00a0\u00bb0&Prime; z_index=\u00a0\u00bb0&Prime; uncode_shortcode_id=\u00a0\u00bb225615&Prime;][vc_column width=\u00a0\u00bb1\/2&Prime;][vc_column_text uncode_shortcode_id=\u00a0\u00bb156767&Prime;]<\/p>\n<h4><strong><span style=\"color: #f64943\"><span class=\"TextRun SCXW43011414 BCX0\" lang=\"ES-ES\" xml:lang=\"ES-ES\" data-contrast=\"auto\"><span class=\"NormalTextRun SCXW43011414 BCX0\">LE CONFLIT COMME OPPORTUNIT\u00c9 : 4 ATELIERS POUR TRANSFORMER NOTRE REGARD SUR LE CONFLIT<\/span><\/span><\/span><\/strong><\/h4>\n<p><em><strong><span style=\"color: #f64943\">Ana Caruezo Carnero, communicatrice scientifique et sociale.<\/span><\/strong><\/em><\/p>\n<p><span style=\"color: #000000\"><span class=\"TextRun SCXW263943335 BCX0\" lang=\"ES-ES\" xml:lang=\"ES-ES\" data-contrast=\"auto\"><span class=\"NormalTextRun SCXW263943335 BCX0\">Les conflits sont pr\u00e9sents dans la vie quotidienne de toute communaut\u00e9 \u00e9ducative. Loin d&rsquo;\u00eatre consid\u00e9r\u00e9 uniquement comme un obstacle, il peut devenir un moteur de croissance, de coh\u00e9sion et d&rsquo;apprentissage lorsqu&rsquo;il est abord\u00e9 avec soin et conscience. <\/span><\/span><\/span><\/p>\n<p><span style=\"color: #000000\">C&rsquo;est dans cette optique que la conf\u00e9rence du KOA \u00ab\u00a0L&rsquo;opportunit\u00e9 du conflit : s&rsquo;ouvrir \u00e0 l&rsquo;autre et construire \u00e0 partir d&rsquo;un espace de rencontre\u00a0\u00bb a r\u00e9uni des professionnels dans un espace exp\u00e9rientiel con\u00e7u pour approfondir de nouveaux outils, strat\u00e9gies et modes de relation dans des situations de tension.<\/span><\/p>\n<p><span style=\"color: #000000\">Tout au long de la session, quatre ateliers ont \u00e9t\u00e9 propos\u00e9s, con\u00e7us pour fournir des ressources pratiques, ouvrir des espaces de r\u00e9flexion et accompagner les professionnels dans la construction d&rsquo;environnements plus s\u00fbrs, plus connect\u00e9s et plus collaboratifs. Ci-dessous, nous partageons la dynamique et les principaux enseignements de chacun d&rsquo;entre eux. <\/span>[\/vc_column_text][\/vc_column][vc_column column_width_percent=\u00a0\u00bb100&Prime; gutter_size=\u00a0\u00bb3&Prime; overlay_alpha=\u00a0\u00bb50&Prime; shift_x=\u00a0\u00bb0&Prime; shift_y=\u00a0\u00bb0&Prime; shift_y_down=\u00a0\u00bb0&Prime; z_index=\u00a0\u00bb0&Prime; medium_width=\u00a0\u00bb0&Prime; mobile_width=\u00a0\u00bb0&Prime; width=\u00a0\u00bb1\/2&Prime; uncode_shortcode_id=\u00a0\u00bb202615&Prime;][vc_single_image media=\u00a0\u00bb13794&Prime; media_width_percent=\u00a0\u00bb100&Prime; uncode_shortcode_id=\u00a0\u00bb171911&Prime;][\/vc_column][\/vc_row][vc_row][vc_column width=\u00a0\u00bb1\/1&Prime;][vc_column_text uncode_shortcode_id=\u00a0\u00bb142712&Prime;]<\/p>\n<h3><span style=\"color: #000000\"><b>1. des outils pour une nouvelle perspective (The Elder Way)<\/b><\/span><\/h3>\n<p><span style=\"color: #000000\">Cet atelier avait un objectif clair : permettre aux participants d&rsquo;acqu\u00e9rir des outils pratiques pour travailler avec le conflit comme une opportunit\u00e9 de connexion et de croissance. La session a commenc\u00e9 par une dynamique d&rsquo;identification des diff\u00e9rents r\u00f4les qui apparaissent lors d&rsquo;un conflit, permettant \u00e0 chacun de reconna\u00eetre sa propre tendance.   <\/span><\/p>\n<p><span style=\"color: #000000\">Ensuite, des \u00e9tudes de cas ont \u00e9t\u00e9 travaill\u00e9es en petits groupes. \u00c0 l&rsquo;aide d&rsquo;une feuille de travail, les professionnels ont analys\u00e9 un conflit, ce qui a facilit\u00e9 la supervision guid\u00e9e. Les r\u00e9flexions ont \u00e9t\u00e9 partag\u00e9es en groupes, enrichies par les commentaires des animateurs, et se sont termin\u00e9es par des conclusions qui ont contribu\u00e9 \u00e0 consolider l&rsquo;apprentissage. L&rsquo;essentiel \u00e9tait de passer de la th\u00e9orie \u00e0 la pratique, en dotant les professionnels d&rsquo;une m\u00e9thode applicable \u00e0 leur r\u00e9alit\u00e9 quotidienne.     <\/span><\/p>\n<h3><span style=\"color: #000000\"><strong>2. atelier de facilitation des conflits (Marina Caireta)<\/strong><\/span><\/h3>\n<p><span style=\"color: #000000\">Dynamique pratique pour repr\u00e9senter et r\u00e9fl\u00e9chir \u00e0 la r\u00e9alit\u00e9 d&rsquo;un conflit et aux strat\u00e9gies que nous utilisons pour parvenir \u00e0 des accords et les r\u00e9soudre de mani\u00e8re exp\u00e9rimentale.<\/span><\/p>\n<p><span style=\"color: #000000\">La dynamique consiste \u00e0 :  <\/span><\/p>\n<p><span style=\"color: #000000\">Une volontaire quitte l&rsquo;espace et l&rsquo;animateur lui indique qu&rsquo;elle doit s&rsquo;asseoir sur une chaise et qu&rsquo;elle ne peut pas se lever, quoi qu&rsquo;il arrive. Il n&rsquo;y a pas d&rsquo;autres instructions.  L&rsquo;animatrice revient vers le groupe et, avant que le volontaire n&rsquo;entre, elle dit au groupe que son objectif est que tous les membres du groupe s&rsquo;assoient sur la chaise \u00e0 un moment ou \u00e0 un autre. Il n&rsquo;y a pas d&rsquo;autres indications. L&rsquo;id\u00e9e est que, avec des objectifs diff\u00e9rents, toutes les parties atteignent leur but.    <\/span><\/p>\n<p><span style=\"color: #000000\">L&rsquo;animateur doit noter sur une feuille de papier les strat\u00e9gies utilis\u00e9es (conciliation, attaque, d\u00e9fense, chantage, etc.) afin que l&rsquo;objectif des deux parties soit atteint et qu&rsquo;elles puissent revenir dans le groupe pour encourager la r\u00e9flexion. Pendant la dynamique, vous devez intervenir le moins possible. Si des questions vous sont pos\u00e9es, vous ne devez pas faciliter une conciliation rapide, car plus vous restez, plus des strat\u00e9gies et des ressources peuvent \u00eatre mises en \u00e9vidence pour \u00eatre travaill\u00e9es ult\u00e9rieurement. La dynamique peut durer aussi longtemps que vous le souhaitez, mais une fois que vous avez r\u00e9ussi \u00e0 convaincre le volontaire de laisser un membre du groupe s&rsquo;asseoir, vous pouvez y mettre fin, en fonction du temps dont vous disposez. Cette partie peut prendre environ 20 \u00e0 30 minutes.      <\/span><\/p>\n<p><span style=\"color: #000000\">Ensuite, la dynamique peut \u00eatre cl\u00f4tur\u00e9e par diff\u00e9rentes r\u00e9flexions, telles que le pouvoir dans les relations (qui peut varier et avoir une grande influence sur la r\u00e9alisation ou non de l&rsquo;objectif), la matrice de conflit peut \u00eatre augment\u00e9e, ce qui d\u00e9pend de la qualit\u00e9 des relations (elle d\u00e9pend de la confiance et de la coop\u00e9ration), de la communication, etc.  <\/span><\/p>\n<h3><b style=\"color: #000000\">3. La communication non violente (CNV) avec la girafe et le chacal (Carme Pujol et Julia Peris)<\/b><\/h3>\n<p><span style=\"color: #000000\">Dans cet atelier sur la communication non violente, les m\u00e9taphores de la girafe et du chacal, cr\u00e9\u00e9es par Marshall Rosenberg, ont \u00e9t\u00e9 utilis\u00e9es. Le chacal repr\u00e9sente le langage critique et le jugement, tandis que la girafe symbolise la communication empathique et respectueuse.   <\/span><\/p>\n<p><span style=\"color: #000000\">\u00c0 travers ces deux animaux en peluche et des exemples concrets, les animateurs ont expliqu\u00e9 les \u00e9tapes de base pour transformer notre fa\u00e7on de communiquer. Ils ont propos\u00e9 une dynamique pratique dans laquelle les participants, en petits groupes, ont travaill\u00e9 pour transformer un langage \u00ab\u00a0chacal\u00a0\u00bb en un langage \u00ab\u00a0girafe\u00a0\u00bb. L&rsquo;objectif \u00e9tait de favoriser le respect de soi et des autres, en apprenant \u00e0 exprimer ses besoins et ses \u00e9motions de mani\u00e8re claire et constructive, sans attaquer ni juger.    <\/span><\/p>\n<h3><b style=\"color: #000000\">4. Pratiques r\u00e9paratrices avec des cartes projectives (\u00d2scar Negredo)<\/b><\/h3>\n<p><span style=\"color: #000000\">Cette session a pr\u00e9sent\u00e9 l&rsquo;utilisation de cartes projectives comme outil pour faciliter les espaces d&rsquo;introspection et accompagner l&rsquo;identification des \u00e9tats \u00e9motionnels chez les adolescents. Ces cartes peuvent \u00eatre utilis\u00e9es \u00e0 diff\u00e9rents moments d&rsquo;une session afin que chaque personne puisse se connecter \u00e0 ses \u00e9motions et les exprimer.   <\/span><\/p>\n<p><span style=\"color: #000000\">La dynamique consistait \u00e0 disperser les cartes sur le sol et \u00e0 poser une question ouverte, telle que \u00ab\u00a0Qu&rsquo;attendez-vous de ce cours\u00a0\u00bb ou \u00ab\u00a0De quoi avez-vous besoin pour vous sentir \u00e0 l&rsquo;aise dans cet espace ? Les participants se d\u00e9pla\u00e7aient, regardaient les images et choisissaient celle qui repr\u00e9sentait le mieux leur r\u00e9ponse. Enfin, dans le cadre d&rsquo;une discussion \u00e0 tour de r\u00f4le, chacun a expliqu\u00e9 les raisons de son choix.    <\/span><\/p>\n<p><span style=\"color: #000000\">\u00d2scar a donn\u00e9 quelques conseils pour rendre l&rsquo;activit\u00e9 plus dynamique :  <\/span><\/p>\n<ul>\n<li data-leveltext=\"\u00b7\" data-font=\"Symbol\" data-listid=\"1\" data-aria-posinset=\"1\" data-aria-level=\"1\"><span style=\"color: #000000\">Cr\u00e9ez un climat de confiance et de s\u00e9curit\u00e9.  <\/span><\/li>\n<\/ul>\n<ul>\n<li data-leveltext=\"\u00b7\" data-font=\"Symbol\" data-listid=\"1\" data-aria-posinset=\"2\" data-aria-level=\"1\"><span style=\"color: #000000\">Posez des questions ouvertes qui invitent \u00e0 la r\u00e9flexion.  <\/span><\/li>\n<\/ul>\n<ul>\n<li data-leveltext=\"\u00b7\" data-font=\"Symbol\" data-listid=\"1\" data-aria-posinset=\"3\" data-aria-level=\"1\"><span style=\"color: #000000\">Rappelez-vous qu&rsquo;il n&rsquo;y a pas de bonnes r\u00e9ponses, mais seulement des points de vue personnels.  <\/span><\/li>\n<\/ul>\n<ul>\n<li data-leveltext=\"\u00b7\" data-font=\"Symbol\" data-listid=\"1\" data-aria-posinset=\"4\" data-aria-level=\"1\"><span style=\"color: #000000\">Validez toutes les contributions pour renforcer la participation.  <\/span><\/li>\n<\/ul>\n<p><span style=\"color: #000000\">Cet atelier a offert une ressource tr\u00e8s visuelle et cr\u00e9ative pour favoriser les espaces d&rsquo;expression o\u00f9 toutes les personnes impliqu\u00e9es dans un conflit peuvent s&rsquo;exprimer.  <\/span><\/p>\n<h3><span style=\"color: #000000\"><b>Vers une gestion constructive des conflits<\/b> <\/span><\/h3>\n<p><span style=\"color: #000000\">Ces quatre ateliers ont d\u00e9montr\u00e9 qu&rsquo;une approche constructive des conflits est possible. Avec les bons outils, les professionnels peuvent transformer les moments de tension en opportunit\u00e9s pour renforcer les liens, favoriser la connaissance de soi et accompagner les adolescents dans leur d\u00e9veloppement \u00e9motionnel et social.   <\/span><\/p>\n<p><span style=\"color: #000000\">Si vous \u00eates int\u00e9ress\u00e9 par ce type de ressources pour rendre vos sessions avec les adolescents plus dynamiques, vous pouvez consulter l&rsquo;espace num\u00e9rique gratuit du KOA. <a href=\"https:\/\/learnings.nouscims.com\/login\/index.php\"><b>espace num\u00e9rique gratuit du KOA<\/b><\/a> vous en trouverez beaucoup d&rsquo;autres !  <\/span>[\/vc_column_text][\/vc_column][\/vc_row]<\/p>\n<\/div>","protected":false},"excerpt":{"rendered":"<p> LE CONFLIT COMME OPPORTUNIT\u00c9 : 4 ATELIERS POUR TRANSFORMER NOTRE [&hellip;]<\/p>\n","protected":false},"author":2,"featured_media":13787,"comment_status":"closed","ping_status":"closed","sticky":false,"template":"","format":"standard","meta":{"footnotes":""},"categories":[189],"tags":[],"class_list":["post-13917","post","type-post","status-publish","format-standard","has-post-thumbnail","hentry","category-actualite"],"yoast_head":"<!-- This site is optimized with the Yoast SEO plugin v27.4 - https:\/\/yoast.com\/product\/yoast-seo-wordpress\/ -->\n<title>Le conflit comme opportunit\u00e9 : 4 ateliers pour transformer notre regard sur le conflit - Fundaci\u00f3n Privada Nous Cims<\/title>\n<meta name=\"description\" content=\"Le conflit est pr\u00e9sent dans la vie quotidienne de toute communaut\u00e9 \u00e9ducative. Il peut devenir un moteur de croissance et de coh\u00e9sion.\" \/>\n<meta name=\"robots\" content=\"index, follow, max-snippet:-1, max-image-preview:large, max-video-preview:-1\" \/>\n<link rel=\"canonical\" href=\"https:\/\/www.nouscims.com\/fr\/actualite\/le-conflit-comme-opportunite-4-ateliers-pour-transformer-notre-regard-sur-le-conflit\/\" \/>\n<meta property=\"og:locale\" content=\"fr_FR\" \/>\n<meta property=\"og:type\" content=\"article\" \/>\n<meta property=\"og:title\" content=\"Le conflit comme opportunit\u00e9 : 4 ateliers pour transformer notre regard sur le conflit - Fundaci\u00f3n Privada Nous Cims\" \/>\n<meta property=\"og:description\" content=\"Le conflit est pr\u00e9sent dans la vie quotidienne de toute communaut\u00e9 \u00e9ducative. Il peut devenir un moteur de croissance et de coh\u00e9sion.\" \/>\n<meta property=\"og:url\" content=\"https:\/\/www.nouscims.com\/fr\/actualite\/le-conflit-comme-opportunite-4-ateliers-pour-transformer-notre-regard-sur-le-conflit\/\" \/>\n<meta property=\"og:site_name\" content=\"Fundaci\u00f3n Privada Nous Cims\" \/>\n<meta property=\"article:publisher\" content=\"https:\/\/www.facebook.com\/nouscims\" \/>\n<meta property=\"article:published_time\" content=\"2025-12-04T10:01:58+00:00\" \/>\n<meta property=\"article:modified_time\" content=\"2026-01-22T16:23:12+00:00\" \/>\n<meta property=\"og:image\" content=\"https:\/\/www.nouscims.com\/wp-content\/uploads\/2025\/12\/P9170868-scaled.jpg\" \/>\n\t<meta property=\"og:image:width\" content=\"2560\" \/>\n\t<meta property=\"og:image:height\" content=\"1920\" \/>\n\t<meta property=\"og:image:type\" content=\"image\/jpeg\" \/>\n<meta name=\"author\" content=\"Nous Cims\" \/>\n<meta name=\"twitter:card\" content=\"summary_large_image\" \/>\n<meta name=\"twitter:creator\" content=\"@nouscims\" \/>\n<meta name=\"twitter:site\" content=\"@nouscims\" \/>\n<meta name=\"twitter:label1\" content=\"\u00c9crit par\" \/>\n\t<meta name=\"twitter:data1\" content=\"Nous Cims\" \/>\n\t<meta name=\"twitter:label2\" content=\"Dur\u00e9e de lecture estim\u00e9e\" \/>\n\t<meta name=\"twitter:data2\" content=\"6 minutes\" \/>\n<script type=\"application\/ld+json\" class=\"yoast-schema-graph\">{\"@context\":\"https:\\\/\\\/schema.org\",\"@graph\":[{\"@type\":\"Article\",\"@id\":\"https:\\\/\\\/www.nouscims.com\\\/fr\\\/actualite\\\/le-conflit-comme-opportunite-4-ateliers-pour-transformer-notre-regard-sur-le-conflit\\\/#article\",\"isPartOf\":{\"@id\":\"https:\\\/\\\/www.nouscims.com\\\/fr\\\/actualite\\\/le-conflit-comme-opportunite-4-ateliers-pour-transformer-notre-regard-sur-le-conflit\\\/\"},\"author\":{\"name\":\"Nous Cims\",\"@id\":\"https:\\\/\\\/www.nouscims.com\\\/fr\\\/#\\\/schema\\\/person\\\/c49be7fd7667a36f1b39c1c5a2becf99\"},\"headline\":\"Le conflit comme opportunit\u00e9 : 4 ateliers pour transformer notre regard sur le conflit\",\"datePublished\":\"2025-12-04T10:01:58+00:00\",\"dateModified\":\"2026-01-22T16:23:12+00:00\",\"mainEntityOfPage\":{\"@id\":\"https:\\\/\\\/www.nouscims.com\\\/fr\\\/actualite\\\/le-conflit-comme-opportunite-4-ateliers-pour-transformer-notre-regard-sur-le-conflit\\\/\"},\"wordCount\":1233,\"image\":{\"@id\":\"https:\\\/\\\/www.nouscims.com\\\/fr\\\/actualite\\\/le-conflit-comme-opportunite-4-ateliers-pour-transformer-notre-regard-sur-le-conflit\\\/#primaryimage\"},\"thumbnailUrl\":\"https:\\\/\\\/www.nouscims.com\\\/wp-content\\\/uploads\\\/2025\\\/12\\\/P9170868-scaled.jpg\",\"articleSection\":[\"Actualit\u00e9s\"],\"inLanguage\":\"fr-FR\"},{\"@type\":\"WebPage\",\"@id\":\"https:\\\/\\\/www.nouscims.com\\\/fr\\\/actualite\\\/le-conflit-comme-opportunite-4-ateliers-pour-transformer-notre-regard-sur-le-conflit\\\/\",\"url\":\"https:\\\/\\\/www.nouscims.com\\\/fr\\\/actualite\\\/le-conflit-comme-opportunite-4-ateliers-pour-transformer-notre-regard-sur-le-conflit\\\/\",\"name\":\"Le conflit comme opportunit\u00e9 : 4 ateliers pour transformer notre regard sur le conflit - Fundaci\u00f3n Privada Nous Cims\",\"isPartOf\":{\"@id\":\"https:\\\/\\\/www.nouscims.com\\\/fr\\\/#website\"},\"primaryImageOfPage\":{\"@id\":\"https:\\\/\\\/www.nouscims.com\\\/fr\\\/actualite\\\/le-conflit-comme-opportunite-4-ateliers-pour-transformer-notre-regard-sur-le-conflit\\\/#primaryimage\"},\"image\":{\"@id\":\"https:\\\/\\\/www.nouscims.com\\\/fr\\\/actualite\\\/le-conflit-comme-opportunite-4-ateliers-pour-transformer-notre-regard-sur-le-conflit\\\/#primaryimage\"},\"thumbnailUrl\":\"https:\\\/\\\/www.nouscims.com\\\/wp-content\\\/uploads\\\/2025\\\/12\\\/P9170868-scaled.jpg\",\"datePublished\":\"2025-12-04T10:01:58+00:00\",\"dateModified\":\"2026-01-22T16:23:12+00:00\",\"author\":{\"@id\":\"https:\\\/\\\/www.nouscims.com\\\/fr\\\/#\\\/schema\\\/person\\\/c49be7fd7667a36f1b39c1c5a2becf99\"},\"description\":\"Le conflit est pr\u00e9sent dans la vie quotidienne de toute communaut\u00e9 \u00e9ducative. Il peut devenir un moteur de croissance et de coh\u00e9sion.\",\"breadcrumb\":{\"@id\":\"https:\\\/\\\/www.nouscims.com\\\/fr\\\/actualite\\\/le-conflit-comme-opportunite-4-ateliers-pour-transformer-notre-regard-sur-le-conflit\\\/#breadcrumb\"},\"inLanguage\":\"fr-FR\",\"potentialAction\":[{\"@type\":\"ReadAction\",\"target\":[\"https:\\\/\\\/www.nouscims.com\\\/fr\\\/actualite\\\/le-conflit-comme-opportunite-4-ateliers-pour-transformer-notre-regard-sur-le-conflit\\\/\"]}]},{\"@type\":\"ImageObject\",\"inLanguage\":\"fr-FR\",\"@id\":\"https:\\\/\\\/www.nouscims.com\\\/fr\\\/actualite\\\/le-conflit-comme-opportunite-4-ateliers-pour-transformer-notre-regard-sur-le-conflit\\\/#primaryimage\",\"url\":\"https:\\\/\\\/www.nouscims.com\\\/wp-content\\\/uploads\\\/2025\\\/12\\\/P9170868-scaled.jpg\",\"contentUrl\":\"https:\\\/\\\/www.nouscims.com\\\/wp-content\\\/uploads\\\/2025\\\/12\\\/P9170868-scaled.jpg\",\"width\":2560,\"height\":1920,\"caption\":\"jornada koa taller\"},{\"@type\":\"BreadcrumbList\",\"@id\":\"https:\\\/\\\/www.nouscims.com\\\/fr\\\/actualite\\\/le-conflit-comme-opportunite-4-ateliers-pour-transformer-notre-regard-sur-le-conflit\\\/#breadcrumb\",\"itemListElement\":[{\"@type\":\"ListItem\",\"position\":1,\"name\":\"Portada\",\"item\":\"https:\\\/\\\/www.nouscims.com\\\/fr\\\/\"},{\"@type\":\"ListItem\",\"position\":2,\"name\":\"Le conflit comme opportunit\u00e9 : 4 ateliers pour transformer notre regard sur le conflit\"}]},{\"@type\":\"WebSite\",\"@id\":\"https:\\\/\\\/www.nouscims.com\\\/fr\\\/#website\",\"url\":\"https:\\\/\\\/www.nouscims.com\\\/fr\\\/\",\"name\":\"Fundaci\u00f3n Privada Nous Cims\",\"description\":\"Impulsamos y desarrollamos proyectos de innovaci\u00f3n social\",\"potentialAction\":[{\"@type\":\"SearchAction\",\"target\":{\"@type\":\"EntryPoint\",\"urlTemplate\":\"https:\\\/\\\/www.nouscims.com\\\/fr\\\/?s={search_term_string}\"},\"query-input\":{\"@type\":\"PropertyValueSpecification\",\"valueRequired\":true,\"valueName\":\"search_term_string\"}}],\"inLanguage\":\"fr-FR\"},{\"@type\":\"Person\",\"@id\":\"https:\\\/\\\/www.nouscims.com\\\/fr\\\/#\\\/schema\\\/person\\\/c49be7fd7667a36f1b39c1c5a2becf99\",\"name\":\"Nous Cims\",\"image\":{\"@type\":\"ImageObject\",\"inLanguage\":\"fr-FR\",\"@id\":\"https:\\\/\\\/secure.gravatar.com\\\/avatar\\\/1dd42f1cafb4dfa67ddb690263b49eb6dd0b847386b5e1ee729643a318a2de73?s=96&d=mm&r=g\",\"url\":\"https:\\\/\\\/secure.gravatar.com\\\/avatar\\\/1dd42f1cafb4dfa67ddb690263b49eb6dd0b847386b5e1ee729643a318a2de73?s=96&d=mm&r=g\",\"contentUrl\":\"https:\\\/\\\/secure.gravatar.com\\\/avatar\\\/1dd42f1cafb4dfa67ddb690263b49eb6dd0b847386b5e1ee729643a318a2de73?s=96&d=mm&r=g\",\"caption\":\"Nous Cims\"},\"url\":\"https:\\\/\\\/www.nouscims.com\\\/fr\\\/author\\\/edelcampo\\\/\"}]}<\/script>\n<!-- \/ Yoast SEO plugin. -->","yoast_head_json":{"title":"Le conflit comme opportunit\u00e9 : 4 ateliers pour transformer notre regard sur le conflit - Fundaci\u00f3n Privada Nous Cims","description":"Le conflit est pr\u00e9sent dans la vie quotidienne de toute communaut\u00e9 \u00e9ducative. Il peut devenir un moteur de croissance et de coh\u00e9sion.","robots":{"index":"index","follow":"follow","max-snippet":"max-snippet:-1","max-image-preview":"max-image-preview:large","max-video-preview":"max-video-preview:-1"},"canonical":"https:\/\/www.nouscims.com\/fr\/actualite\/le-conflit-comme-opportunite-4-ateliers-pour-transformer-notre-regard-sur-le-conflit\/","og_locale":"fr_FR","og_type":"article","og_title":"Le conflit comme opportunit\u00e9 : 4 ateliers pour transformer notre regard sur le conflit - Fundaci\u00f3n Privada Nous Cims","og_description":"Le conflit est pr\u00e9sent dans la vie quotidienne de toute communaut\u00e9 \u00e9ducative. Il peut devenir un moteur de croissance et de coh\u00e9sion.","og_url":"https:\/\/www.nouscims.com\/fr\/actualite\/le-conflit-comme-opportunite-4-ateliers-pour-transformer-notre-regard-sur-le-conflit\/","og_site_name":"Fundaci\u00f3n Privada Nous Cims","article_publisher":"https:\/\/www.facebook.com\/nouscims","article_published_time":"2025-12-04T10:01:58+00:00","article_modified_time":"2026-01-22T16:23:12+00:00","og_image":[{"width":2560,"height":1920,"url":"https:\/\/www.nouscims.com\/wp-content\/uploads\/2025\/12\/P9170868-scaled.jpg","type":"image\/jpeg"}],"author":"Nous Cims","twitter_card":"summary_large_image","twitter_creator":"@nouscims","twitter_site":"@nouscims","twitter_misc":{"\u00c9crit par":"Nous Cims","Dur\u00e9e de lecture estim\u00e9e":"6 minutes"},"schema":{"@context":"https:\/\/schema.org","@graph":[{"@type":"Article","@id":"https:\/\/www.nouscims.com\/fr\/actualite\/le-conflit-comme-opportunite-4-ateliers-pour-transformer-notre-regard-sur-le-conflit\/#article","isPartOf":{"@id":"https:\/\/www.nouscims.com\/fr\/actualite\/le-conflit-comme-opportunite-4-ateliers-pour-transformer-notre-regard-sur-le-conflit\/"},"author":{"name":"Nous Cims","@id":"https:\/\/www.nouscims.com\/fr\/#\/schema\/person\/c49be7fd7667a36f1b39c1c5a2becf99"},"headline":"Le conflit comme opportunit\u00e9 : 4 ateliers pour transformer notre regard sur le conflit","datePublished":"2025-12-04T10:01:58+00:00","dateModified":"2026-01-22T16:23:12+00:00","mainEntityOfPage":{"@id":"https:\/\/www.nouscims.com\/fr\/actualite\/le-conflit-comme-opportunite-4-ateliers-pour-transformer-notre-regard-sur-le-conflit\/"},"wordCount":1233,"image":{"@id":"https:\/\/www.nouscims.com\/fr\/actualite\/le-conflit-comme-opportunite-4-ateliers-pour-transformer-notre-regard-sur-le-conflit\/#primaryimage"},"thumbnailUrl":"https:\/\/www.nouscims.com\/wp-content\/uploads\/2025\/12\/P9170868-scaled.jpg","articleSection":["Actualit\u00e9s"],"inLanguage":"fr-FR"},{"@type":"WebPage","@id":"https:\/\/www.nouscims.com\/fr\/actualite\/le-conflit-comme-opportunite-4-ateliers-pour-transformer-notre-regard-sur-le-conflit\/","url":"https:\/\/www.nouscims.com\/fr\/actualite\/le-conflit-comme-opportunite-4-ateliers-pour-transformer-notre-regard-sur-le-conflit\/","name":"Le conflit comme opportunit\u00e9 : 4 ateliers pour transformer notre regard sur le conflit - Fundaci\u00f3n Privada Nous Cims","isPartOf":{"@id":"https:\/\/www.nouscims.com\/fr\/#website"},"primaryImageOfPage":{"@id":"https:\/\/www.nouscims.com\/fr\/actualite\/le-conflit-comme-opportunite-4-ateliers-pour-transformer-notre-regard-sur-le-conflit\/#primaryimage"},"image":{"@id":"https:\/\/www.nouscims.com\/fr\/actualite\/le-conflit-comme-opportunite-4-ateliers-pour-transformer-notre-regard-sur-le-conflit\/#primaryimage"},"thumbnailUrl":"https:\/\/www.nouscims.com\/wp-content\/uploads\/2025\/12\/P9170868-scaled.jpg","datePublished":"2025-12-04T10:01:58+00:00","dateModified":"2026-01-22T16:23:12+00:00","author":{"@id":"https:\/\/www.nouscims.com\/fr\/#\/schema\/person\/c49be7fd7667a36f1b39c1c5a2becf99"},"description":"Le conflit est pr\u00e9sent dans la vie quotidienne de toute communaut\u00e9 \u00e9ducative. Il peut devenir un moteur de croissance et de coh\u00e9sion.","breadcrumb":{"@id":"https:\/\/www.nouscims.com\/fr\/actualite\/le-conflit-comme-opportunite-4-ateliers-pour-transformer-notre-regard-sur-le-conflit\/#breadcrumb"},"inLanguage":"fr-FR","potentialAction":[{"@type":"ReadAction","target":["https:\/\/www.nouscims.com\/fr\/actualite\/le-conflit-comme-opportunite-4-ateliers-pour-transformer-notre-regard-sur-le-conflit\/"]}]},{"@type":"ImageObject","inLanguage":"fr-FR","@id":"https:\/\/www.nouscims.com\/fr\/actualite\/le-conflit-comme-opportunite-4-ateliers-pour-transformer-notre-regard-sur-le-conflit\/#primaryimage","url":"https:\/\/www.nouscims.com\/wp-content\/uploads\/2025\/12\/P9170868-scaled.jpg","contentUrl":"https:\/\/www.nouscims.com\/wp-content\/uploads\/2025\/12\/P9170868-scaled.jpg","width":2560,"height":1920,"caption":"jornada koa taller"},{"@type":"BreadcrumbList","@id":"https:\/\/www.nouscims.com\/fr\/actualite\/le-conflit-comme-opportunite-4-ateliers-pour-transformer-notre-regard-sur-le-conflit\/#breadcrumb","itemListElement":[{"@type":"ListItem","position":1,"name":"Portada","item":"https:\/\/www.nouscims.com\/fr\/"},{"@type":"ListItem","position":2,"name":"Le conflit comme opportunit\u00e9 : 4 ateliers pour transformer notre regard sur le conflit"}]},{"@type":"WebSite","@id":"https:\/\/www.nouscims.com\/fr\/#website","url":"https:\/\/www.nouscims.com\/fr\/","name":"Fundaci\u00f3n Privada Nous Cims","description":"Impulsamos y desarrollamos proyectos de innovaci\u00f3n social","potentialAction":[{"@type":"SearchAction","target":{"@type":"EntryPoint","urlTemplate":"https:\/\/www.nouscims.com\/fr\/?s={search_term_string}"},"query-input":{"@type":"PropertyValueSpecification","valueRequired":true,"valueName":"search_term_string"}}],"inLanguage":"fr-FR"},{"@type":"Person","@id":"https:\/\/www.nouscims.com\/fr\/#\/schema\/person\/c49be7fd7667a36f1b39c1c5a2becf99","name":"Nous Cims","image":{"@type":"ImageObject","inLanguage":"fr-FR","@id":"https:\/\/secure.gravatar.com\/avatar\/1dd42f1cafb4dfa67ddb690263b49eb6dd0b847386b5e1ee729643a318a2de73?s=96&d=mm&r=g","url":"https:\/\/secure.gravatar.com\/avatar\/1dd42f1cafb4dfa67ddb690263b49eb6dd0b847386b5e1ee729643a318a2de73?s=96&d=mm&r=g","contentUrl":"https:\/\/secure.gravatar.com\/avatar\/1dd42f1cafb4dfa67ddb690263b49eb6dd0b847386b5e1ee729643a318a2de73?s=96&d=mm&r=g","caption":"Nous Cims"},"url":"https:\/\/www.nouscims.com\/fr\/author\/edelcampo\/"}]}},"_links":{"self":[{"href":"https:\/\/www.nouscims.com\/fr\/wp-json\/wp\/v2\/posts\/13917","targetHints":{"allow":["GET"]}}],"collection":[{"href":"https:\/\/www.nouscims.com\/fr\/wp-json\/wp\/v2\/posts"}],"about":[{"href":"https:\/\/www.nouscims.com\/fr\/wp-json\/wp\/v2\/types\/post"}],"author":[{"embeddable":true,"href":"https:\/\/www.nouscims.com\/fr\/wp-json\/wp\/v2\/users\/2"}],"replies":[{"embeddable":true,"href":"https:\/\/www.nouscims.com\/fr\/wp-json\/wp\/v2\/comments?post=13917"}],"version-history":[{"count":10,"href":"https:\/\/www.nouscims.com\/fr\/wp-json\/wp\/v2\/posts\/13917\/revisions"}],"predecessor-version":[{"id":14381,"href":"https:\/\/www.nouscims.com\/fr\/wp-json\/wp\/v2\/posts\/13917\/revisions\/14381"}],"wp:featuredmedia":[{"embeddable":true,"href":"https:\/\/www.nouscims.com\/fr\/wp-json\/wp\/v2\/media\/13787"}],"wp:attachment":[{"href":"https:\/\/www.nouscims.com\/fr\/wp-json\/wp\/v2\/media?parent=13917"}],"wp:term":[{"taxonomy":"category","embeddable":true,"href":"https:\/\/www.nouscims.com\/fr\/wp-json\/wp\/v2\/categories?post=13917"},{"taxonomy":"post_tag","embeddable":true,"href":"https:\/\/www.nouscims.com\/fr\/wp-json\/wp\/v2\/tags?post=13917"}],"curies":[{"name":"wp","href":"https:\/\/api.w.org\/{rel}","templated":true}]}}