{"id":9993,"date":"2024-07-08T14:59:25","date_gmt":"2024-07-08T12:59:25","guid":{"rendered":"https:\/\/www.nouscims.com\/?p=9626"},"modified":"2025-02-11T13:48:18","modified_gmt":"2025-02-11T12:48:18","slug":"una-avaluacio-holistica-dels-acompanyaments-de-mentoria","status":"publish","type":"post","link":"https:\/\/www.nouscims.com\/ca\/actualitat\/una-avaluacio-holistica-dels-acompanyaments-de-mentoria\/","title":{"rendered":"Una avaluaci\u00f3 hol\u00edstica dels acompanyaments de mentoria"},"content":{"rendered":"<div class=\"wpb-content-wrapper\"><p>[vc_row][vc_column width=&#8221;1\/2&#8243;][vc_column_text uncode_shortcode_id=&#8221;150103&#8243;]<\/p>\n<h4><strong><span style=\"color: #f64943\">UNA AVALUACI\u00d3 HOL\u00cdSTICA DELS ACOMPANYAMENTS DE MENTORIA<\/span><\/strong><\/h4>\n<p><em><strong><span style=\"color: #f64943\">Alba L\u00f3pez Mart\u00ednez i V\u00edctor Gonz\u00e1lez N\u00fa\u00f1ez, T\u00e8cnica de mentoria i Coordinador de l&#8217;Eix d&#8217;Acompanyament.<\/span><\/strong><\/em><\/p>\n<p><span style=\"color: #000000\">La mentoria socioeducativa ha emergit com una eina poderosa, per\u00f2 fins a l&#8217;actualitat el seu impacte ha estat poc avaluat i contrastat pels diferents projectes que la duen a terme. <\/span>[\/vc_column_text][\/vc_column][vc_column width=&#8221;1\/2&#8243;][vc_single_image media=&#8221;10391&#8243; media_width_percent=&#8221;100&#8243; uncode_shortcode_id=&#8221;189153&#8243;][\/vc_column][\/vc_row][vc_row][vc_column width=&#8221;1\/1&#8243;][vc_column_text uncode_shortcode_id=&#8221;107547&#8243;]<span style=\"color: #000000\">Com vam argumentar al primer Congr\u00e9s de la Xarxa Iberoamericana de Mentoria (RIME), l&#8217;avaluaci\u00f3 t\u00e9 un paper fonamental per a aix\u00ed analitzar l&#8217;impacte real i no basar-se en conclusions i intu\u00efcions poc emp\u00edriques (Gonz\u00e1lez N\u00fa\u00f1ez, 2023)<a style=\"color: #000000\" href=\"#_ftn1\" name=\"_ftnref1\"><sup>[1]<\/sup><\/a>. Tamb\u00e9 durant el congr\u00e9s, vam poder reflexionar sobre la import\u00e0ncia d&#8217;avaluar els processos no sols per a mesurar l&#8217;impacte, sin\u00f3 per afegir valor i aix\u00ed cada vegada oferir als participants una versi\u00f3 millorada (L\u00f3pez Mart\u00ednez, 2023)<a style=\"color: #000000\" href=\"#_ftn2\" name=\"_ftnref2\"><sup>[2]<\/sup><\/a>.<\/span><\/p>\n<p><span style=\"color: #000000\">D&#8217;altra banda, Rhodes tamb\u00e9 posa l&#8217;accent en la import\u00e0ncia d&#8217;aprofundir en els efectes de la mentoria en l&#8217;\u00e0mbit social, una \u00e0rea que no ha estat abordada detalladament i que constitueix una escletxa de coneixement. Es requereixen m\u00e9s recerques i marcs te\u00f2rics amplis i interdisciplinaris que puguin guiar les accions de les organitzacions que implementen programes de mentoria social (Rhodes et al., 2006).<\/span><\/p>\n<p><span style=\"color: #000000\">\u00c9s per aix\u00f2 que des del projecte de Mentoria Zing, hem creat un instrument que ens permet analitzar i avaluar l&#8217;impacte que tenen les relacions de mentoria, tant en els i les joves com en les persones mentores. Aquesta eina ens proporciona l\u2018IQA (per les seves sigles en catal\u00e0, \u00cdndex de Qualitat dels Acompanyaments), resultat quantitatiu obtingut mitjan\u00e7ant la suma i ponderaci\u00f3 de diversos indicadors derivats d&#8217;avaluacions realitzades durant tot el curs a la parella de mentoria.<\/span><\/p>\n<p><span style=\"color: #000000\"><strong>Els indicadors compostos, una pr\u00e0ctica avaluativa habitual en els principals organismes de governan\u00e7a internacional<\/strong><\/span><\/p>\n<p><span style=\"color: #000000\">L\u2019agregat de diverses variables amb l\u2019objectiu d\u2019obtenir-ne una \u00e9s el que es coneix com a un indicador compost, i \u00e9s considerat una bona pr\u00e0ctica avaluativa quan es busca obtenir una representaci\u00f3 simplificada que resumeixi un concepte multidimensional en un d\u2019unidimensional. <a style=\"color: #000000\" href=\"#_ftn3\" name=\"_ftnref3\"><sup>[3]<\/sup><\/a><\/span><\/p>\n<p><span style=\"color: #000000\">Aquesta recollida de dades s\u2019emmarca en la tipologia d\u2019avaluaci\u00f3 quantitativa, que ens mostra en nombres i gr\u00e0fiques all\u00f2 que \u00e9s observable, connectant l\u2019observaci\u00f3 emp\u00edrica i l\u2019expressi\u00f3 matem\u00e0tica derivada d\u2019haver realitzat en tot moment preguntes espec\u00edfiques i quantificables, tot plegat emmarcat en el paradigma racionalista.<\/span><\/p>\n<p><span style=\"color: #000000\">Un dels exemples m\u00e9s coneguts en l\u2019\u00fas d\u2019indicadors compostos \u00e9s l\u2019IPM<a style=\"color: #000000\" href=\"#_ftn4\" name=\"_ftnref4\"><sup>[4]<\/sup><\/a> (\u00cdndex de Pobresa Multidimensional), per part de l\u2019Organitzaci\u00f3 de les Nacions Unides, o l\u2019IDG<a style=\"color: #000000\" href=\"#_ftn5\" name=\"_ftnref5\"><sup>[5]<\/sup><\/a> (\u00cdndex de la Desigualtat de G\u00e8nere), per part de l\u2019EIGE, l\u2019Institut Europeu per la Igualtat de G\u00e8nere. En el cas de l\u2019IPM s\u00f3n 9 els indicadors agregats, mentre que en l\u2019IDG en s\u00f3n fins a 31.\u00a0<\/span><\/p>\n<p><span style=\"color: #000000\">Creiem pertinent fer aquest aclariment, aix\u00ed com especificar que en projectes d\u2019intervenci\u00f3 amb persones, com \u00e9s el cas dels projectes de mentoria socioeducativa, \u00e9s imprescindible tenir en compte i donar un alt valor a la investigaci\u00f3 qualitativa. Tal com diu Cot\u00e1n (2016)<a style=\"color: #000000\" href=\"#_ftn6\" name=\"_ftnref6\"><sup>[6]<\/sup><\/a>, aquesta tipologia t\u00e9 \u201cgran import\u00e0ncia degut a l\u2019experi\u00e8ncia subjectiva dels individus en la construcci\u00f3 del m\u00f3n social, entenent la realitat com quelcom m\u00faltiple i divergent\u201d. Les investigacions qualitatives busquen, per tant, una comprensi\u00f3 el m\u00e9s profunda possible, mentre les quantitatives en cerquen l\u2019exactitud.<\/span><\/p>\n<p><span style=\"color: #000000\">Fet aquest breu apunt, i entesa la vital import\u00e0ncia que la profunditat i, per tant, les avaluacions qualitatives tenen en intervencions d\u2019aquesta tipologia, podem endinsar-nos en explicar i entendre l\u2019\u00cdndex de Qualitat d\u2019Acompanyaments, el recull de dades quantitatives que ens permetran disposar d\u2019una imatge for\u00e7a acurada del que ha passat en el si d\u2019una relaci\u00f3 de mentoria.<\/span><\/p>\n<p><span style=\"color: #000000\">Entenent primer de tot que estem simplificant les dades que tenim, i abans de veure quines potencialitats t\u00e9 aix\u00f2, \u00e9s clau tenir present que aquesta agregaci\u00f3 de dades a d\u2019estar conceptualment sostinguda en base a un model subjacent.<\/span><\/p>\n<p><span style=\"color: #000000\">Un cop analitzats tots aquests elements vinculats al model, disposem d\u2019una manera clara de la informaci\u00f3 que desitjarem extreure i voldrem mesurar per comprovar que els objectius determinats s\u2019assoleixen i en quin grau ho fan. En aquest punt dissenyem els indicadors corresponents per a tal verificaci\u00f3 i en triem els que considerem tenen una major rellev\u00e0ncia per a tal an\u00e0lisi.<\/span><\/p>\n<p><span style=\"color: #000000\">En el cas del projecte de Mentoria del Programa ZING, l\u2019equip t\u00e8cnic decideix que s\u00f3n 25 els indicadors clau que ens permeten aproximar-nos a saber quina ha estat la qualitat de l\u2019acompanyament en el marc d\u2019una relaci\u00f3. Tot i poder prioritzar-los,\u00a0 considerem que l\u2019agregat d\u2019aquestes 25 variables contribuir\u00e0 a la formulaci\u00f3 i an\u00e0lisi d\u2019intervencions futures, aix\u00ed com a la seva avaluaci\u00f3 i comunicaci\u00f3.<\/span><\/p>\n<p><span style=\"color: #000000\">Tanmateix, aquest tipus d\u2019indicadors compostos faciliten:<\/span><\/p>\n<p><span style=\"color: #000000\">a) La interpretaci\u00f3 dels escenaris per part dels decision-makers (els coordinadors o dissenyadors d\u2019aquestes intervencions).<\/span><\/p>\n<p><span style=\"color: #000000\">b) <\/span><span style=\"color: #000000\">a seva justificaci\u00f3 davant actuals o futurs finan\u00e7adors (p\u00fablics o privats) creant una narrativa accessible que ens ajudi a explicar el que fem.<\/span><\/p>\n<p><span style=\"color: #000000\">c) La comparaci\u00f3 entre diferents projectes (amb l\u2019\u00e0nim de poder transferir quines bones pr\u00e0ctiques fa o un altre si hi establim infer\u00e8ncies causals).<\/span><\/p>\n<p><span style=\"color: #000000\">d) L\u2019evoluci\u00f3 d\u2019un mateix projecte any a any per aix\u00ed determinar quins elements de millora hi poden haver, i finalment per poder establir par\u00e0metres que permetin preveure la millor qualitat d\u2019un acompanyament segons certes accions que es desenvolupin en el seu interior.<\/span><\/p>\n<p><span style=\"color: #000000\">Aquesta eina tamb\u00e9 t\u00e9 els seus riscos, que podem agrupar en dos:<\/span><\/p>\n<ul>\n<li><span style=\"color: #000000\">La manca de cura metodol\u00f2gica en el recull de les dades.<\/span><\/li>\n<li><span style=\"color: #000000\">La falta d\u2019informaci\u00f3 en les mateixes.<\/span><\/li>\n<\/ul>\n<p><span style=\"color: #000000\">El primer punt ens porta a parlar de les fonts a trav\u00e9s de les quals obtenim les dades, on considerem que el marge de millora \u00e9s existent. Aquestes fonts s\u00f3n quatre:<\/span><\/p>\n<ul>\n<li><span style=\"color: #000000\">Aspectes objectivables, tals com el nombre de trobades, la realitzaci\u00f3 de les Reunions de Valoraci\u00f3 Trimestrals o l\u2019assist\u00e8ncia a les Activitats Culturals Grupals.<\/span><\/li>\n<li><span style=\"color: #000000\">L\u2019avaluaci\u00f3 del o de la jove en l\u2019impacte que la mentoria ha tingut en ell\/a.<\/span><\/li>\n<li><span style=\"color: #000000\">L\u2019avaluaci\u00f3 de la persona mentora en l\u2019impacte que la mentoria ha tingut en ella mateixa i en la persona mentorada.<\/span><\/li>\n<li><span style=\"color: #000000\">L\u2019avaluaci\u00f3 de la t\u00e8cnica de refer\u00e8ncia de l\u2019impacte que ha tingut la mentoria en els integrants de la parella.<\/span><\/li>\n<\/ul>\n<p><span style=\"color: #000000\">Tot i que sigui una pr\u00e0ctica com\u00fa en l\u2019avaluaci\u00f3 de projectes de mentoria socioeducativa, aix\u00ed com en l\u2019\u00e0mbit social en general, l\u2019autoavaluaci\u00f3 \u00e9s una eina que ens presenta certes limitacions, principalment el biaix que poden tenir els interessats (en aquest cas la persona mentorada i la mentora) a l\u2019hora d\u2019avaluar l\u2019impacte que ha tingut en elles l\u2019acompanyament . En aquest sentit, des de la Fundaci\u00f3 Nous Cims estem desenvolupant l\u2019Eina d\u2019Avaluaci\u00f3 de Compet\u00e8ncies, conjuntament amb la Coordinadora de Mentoria Social, la consultora especialitzada en l\u2019ocupabilitat per compet\u00e8ncies EySkills i sis entitats de mentoria social. L\u2019EAC ens ha de permetre disposar de comportaments observables que el m\u00e0xim d\u2019agents possibles (tutor educatiu, persona mentora, t\u00e8cnica de mentoria, fam\u00edlia, jove) puguin avaluar, i deixin aix\u00ed el menor marge possible a la interpretaci\u00f3 subjectiva de les dades; quelcom que \u00e9s d\u2019especial rellev\u00e0ncia quan volem determinar l\u2019impacte que l\u2019acci\u00f3 ha tingut en el desenvolupament de les compet\u00e8ncies transversals.<\/span><\/p>\n<p><span style=\"color: #000000\">Mentre que en el segon punt podem parlar de la import\u00e0ncia de la validesa de les dades. A nivell individual de cada acompanyament, que la jove i mentora hagin respost habitualment als q\u00fcestionaris de seguiment, aix\u00ed com a l\u2019avaluaci\u00f3 de final de curs, ser\u00e0 essencial per poder determinar que les dades finals s\u00f3n rellevants i pertinents. Mentre que a nivell general, disposar d\u2019un elevat nombre de respostes, sobretot en la citada avaluaci\u00f3 final, \u00e9s el que ens permetr\u00e0 poder donar validesa a les dades que ens puguin sortir, i treure conclusions i an\u00e0lisi de les mateixes sense caure en generalitzacions o malinterpretacions.<\/span><\/p>\n<h4><span style=\"color: #000000\"><strong>L\u2019eina<\/strong>:<strong> IQA <\/strong><\/span><\/h4>\n<p><span style=\"color: #000000\">El IQA va sorgir de la necessitat de fer un balan\u00e7 m\u00e9s quantitatiu de les relacions de mentoria i per aix\u00f2 durant el curs 21\/22, l&#8217;equip va crear la primera versi\u00f3 de l&#8217;eina. En l&#8217;actualitat, continuem fent millores anuals que ens permeten arribar a obtenir resultats vius i din\u00e0mics, que afavoreixen el seguiment t\u00e8cnic i aporten major informaci\u00f3 de l&#8217;evoluci\u00f3 d&#8217;aquestes relacions per aix\u00ed tamb\u00e9 poder fer inc\u00eds en la millora.<\/span><\/p>\n<p><span style=\"color: #000000\">Com podem veure a la Figura 1, l&#8217;eina consta de 25 indicadors extrets de diverses avaluacions realitzades durant tot el curs, podent-lo emmarcar en cinc blocs.<\/span><\/p>\n<p><span style=\"color: #000000\">El primer bloc consta de les dades &#8220;dures&#8221;, on les puntuacions s&#8217;extreuen de diversos factors; el tancament, on s&#8217;avalua el temps que ha estat viva la relaci\u00f3, el nombre de trobades que han dut a terme durant el curs, les activitats culturals a les quals han assistit i el nombre de reunions trimestrals que s&#8217;han realitzat amb la t\u00e8cnica de refer\u00e8ncia.<\/span><\/p>\n<figure id=\"attachment_9633\" aria-describedby=\"caption-attachment-9633\" style=\"width: 633px\" class=\"wp-caption alignnone\"><img decoding=\"async\" class=\"wp-image-9633 size-full\" style=\"color: #000000\" src=\"https:\/\/www.nouscims.com\/wp-content\/uploads\/2025\/02\/Imagen1.png\" alt=\"\" width=\"633\" height=\"353\" \/><figcaption id=\"caption-attachment-9633\" class=\"wp-caption-text\">Figura 1. Eina avaluativa de la qualitat dels acompanyaments en el programa de mentoria socioeducativa Zing. Font: Mentoria Zing, 2023.<\/figcaption><\/figure>\n<p><span style=\"color: #000000\">El segon bloc extreu les puntuacions de les avaluacions realitzades per el o la jove durant diversos moments del curs; avaluaci\u00f3 continua mensual, l&#8217;avaluaci\u00f3 final de curs, les notes extretes de la graella d&#8217;observaci\u00f3 competencial i els resultats acad\u00e8mics. D\u2019altra banda, comptem amb el tercer bloc, que es nodreix de les puntuacions que du a terme la persona mentora durant tot el curs en els seg\u00fcents moments: avaluaci\u00f3 continua cada cop que es troba amb la persona mentora, l&#8217;avaluaci\u00f3 final i les, formacions.<\/span><\/p>\n<p><span style=\"color: #000000\">El quart i cinqu\u00e8 bloc van dirigits a obtenir la informaci\u00f3 m\u00e9s qualitativa de la relaci\u00f3, extreta de la percepci\u00f3 que tenen tant la t\u00e8cnica de refer\u00e8ncia, com les educadores o agents educatius. Aquesta nota, entre d&#8217;altres, ha estat i \u00e9s motiu de debat en l&#8217;equip, com tamb\u00e9 altres aspectes tals com si el moment d&#8217;iniciar la relaci\u00f3 hauria de ser un factor a tenir en compte o si les parelles que repeteixen haurien de tenir diferents ponderacions.<\/span><\/p>\n<p><a href=\"#_ftnref1\" name=\"_ftn1\"><sup><img decoding=\"async\" class=\"alignnone wp-image-9637 size-full\" src=\"https:\/\/www.nouscims.com\/wp-content\/uploads\/2025\/02\/Imagen2.png\" alt=\"\" width=\"602\" height=\"335\" \/><\/sup><\/a><\/p>\n<p><span style=\"color: #000000\">Per aquest motiu ja s&#8217;est\u00e0 treballant en la tercera actualitzaci\u00f3 de l&#8217;eina, on tots aquests temes juntament amb altres millores s&#8217;han de tenir en compte i portar-les a debat, com per exemple l&#8217;impacte que t\u00e9 la mentoria en l&#8217;enfortiment de la cohesi\u00f3 social i com mesurar-ho.<\/span><\/p>\n<h4><strong><span style=\"color: #000000\">Reptes i conclusions parcials sobre l\u2019IQA<\/span> <\/strong><\/h4>\n<p><span style=\"color: #000000\">En l\u2019estat actual de desenvolupament primari de l\u2019\u00edndex, i a banda de la constant revisi\u00f3 dels indicadors que en formen part, trobem dos principals reptes per tal de seguir afinant i millorant la fiabilitat de l\u2019eina a l\u2019hora de concloure\u2019n aspectes:<\/span><\/p>\n<ul>\n<li><span style=\"color: #000000\">El primer \u00e9s l\u2019\u00fas que en podem fer de les dades extretes, i aqu\u00ed ens podem referir a dos aspectes: per un costat la possibilitat de disposar d\u2019un IQA actualitzat en viu durant el transcurs de la relaci\u00f3 de mentoria podria ser una eina que d\u2019una manera molt r\u00e0pida i visible doni informaci\u00f3 a l\u2019equip t\u00e8cnic que fa el seguiment sobre el que est\u00e0 passant (o no passant) en el si d\u2019una relaci\u00f3 de mentoria. Aquest punt podria suposar un aven\u00e7 important en la intervenci\u00f3 qualitativa de les t\u00e8cniques, que hipot\u00e8ticament es traslladaria en una major qualitat dels acompanyaments; aix\u00ed com en una m\u00e9s eficient gesti\u00f3 dels recursos disponibles en poder disposar molt \u00e0gilment de la instant\u00e0nia de cada relaci\u00f3 no nom\u00e9s un cop s\u2019acaba la mentoria al mes de juliol. I, per un altre costat, el creuament de les dades agregades en l\u2019IQA amb altres variables com l\u2019edat, el g\u00e8nere, la tipologia d\u2019estudis, etc. per tal de treure conclusions sobre el perfil de joves o mentores per a qui aquest tipus d\u2019intervenci\u00f3 t\u00e9 un major impacte.<\/span><\/li>\n<li><span style=\"color: #000000\">El segon \u00e9s l\u2019establiment de grups control, en l\u2019\u00e0mbit m\u00e9s extens del concepte que permeti comparar les dades finals amb altres dades rellevants. Aquest podria derivar des de la comparaci\u00f3 entre diferents cursos acad\u00e8mics dins d\u2019un mateix projecte o la comparaci\u00f3 amb altres projectes de mentoria que el puguin fer servir per a detectar bones pr\u00e0ctiques i aix\u00ed transferir coneixement de valor.<\/span><\/li>\n<\/ul>\n<p><span style=\"color: #000000\">En conclusi\u00f3, considerem que l\u2019\u00cdndex de Qualitat dels Acompanyaments \u00e9s una eina amb alt valor a l\u2019hora d\u2019avaluar el desenvolupament global d\u2019un projecte de mentoria en el marc d\u2019un curs acad\u00e8mic. Aix\u00ed mateix, \u00e9s una eina amb potencial a l\u2019hora de poder analitzar a un nivell micro all\u00f2 que ha passat en una relaci\u00f3 de mentoria, i poder treure conclusions sobre determinats patrons de bona conducta o de perfils amb potencial de major impacte.<\/span><\/p>\n<p><span style=\"color: #000000\">Creiem a m\u00e9s que el possible desenvolupament de l\u2019IQA passa per la validaci\u00f3 dels seus continguts, per part d\u2019Entitats paraig\u00fces tals com la Coordinadora de Mentoria Social, que permetin valorar la seva possible transfer\u00e8ncia i adaptaci\u00f3 a d\u2019altres projectes.<\/span><\/p>\n<p><span style=\"color: #000000\">Finalment, i tot i les prometedores conclusions que un \u00edndex com l\u2019IQA pot oferir als projectes que l\u2019implementin, remarquem la necessarietat d\u2019aprofundir i donar valor a l\u2019avaluaci\u00f3 qualitativa, a entrar en profunditat a entendre l\u2019impacte en les persones participants en una relaci\u00f3 de mentoria.<\/span><\/p>\n<p>&nbsp;<\/p>\n<h4><span style=\"color: #000000\">Ref\u00e8rencies<\/span><\/h4>\n<p><a href=\"#_ftnref1\" name=\"_ftn1\"><sup>[1]<\/sup><\/a>\u00a0<span style=\"color: #000000\">Gonz\u00e1lez N\u00fa\u00f1ez, V. (2023). Evaluar su impacto, una de las claves del futuro de la mentor\u00eda socioeducativa. RIME, 1\u00ba Congreso Iberoamericano para una educaci\u00f3n de calidad: Mentor\u00eda y Desarrollo Competencial. Barcelona. https:\/\/www.nouscims.com\/evaluar-su-impacto-una-de-las-claves-del-futuro-de-la-mentoria-socioeducativa\/<\/span><\/p>\n<p><a href=\"#_ftnref2\" name=\"_ftn2\"><sup>[2]<\/sup><\/a>\u00a0 <span style=\"color: #000000\">L\u00f3pez Mart\u00ednez, A. (2023). La experiencia del programa de mentoria ZING en la adquisici\u00f3n de competencias educativas y laborales. RIME, 1\u00ba Congreso Iberoamericano para una educaci\u00f3n de calidad: Mentor\u00eda y Desarrollo Competencial. Barcelona. https:\/\/www.nouscims.com\/la-experiencia-del-programa-de-mentoria-zing-en-la-adquisicion-de-competencias-educativas-y-laborales\/<\/span><\/p>\n<p><a href=\"#_ftnref3\" name=\"_ftn3\"><sup>[3] <\/sup><\/a><span style=\"color: #000000\">Schuschny, H, y Soto, A (2009). Gu\u00eda metodol\u00f3gica para el dise\u00f1o de indicadores compuestos de desarrollo sostenible. CEPAL-ONU. Santiago de Chile.\u00a0 https:\/\/repositorio.cepal.org\/server\/api\/core\/bitstreams\/a627f68b-9902-4fa2-a516-912a903ecf22\/content<\/span><\/p>\n<p><a href=\"#_ftnref4\" name=\"_ftn4\"><sup>[4]<\/sup><\/a>\u00a0<span style=\"color: #000000\">Acci\u00f3n Contra el Hambre (2022). \u00cdndice de pobreza, \u00bfqu\u00e9 es y c\u00f3mo se calcula?.\u00a0https:\/\/www.accioncontraelhambre.org\/es\/indice-pobreza-que-es<\/span><\/p>\n<p><a href=\"#_ftnref5\" name=\"_ftn5\"><sup>[5]<\/sup><\/a> <span style=\"color: #000000\">Institut d\u2019Estad\u00edstica de Catalunya (2022). \u00cdndex d\u2019Igualtat de G\u00e8nere. https:\/\/www.idescat.cat\/pub\/?id=iig&amp;lang=es&amp;m=m<\/span><\/p>\n<p><a href=\"#_ftnref6\" name=\"_ftn6\"><sup>[6] <\/sup><\/a><span style=\"color: #000000\">Cot\u00e1n Fern\u00e1ndez, A. (2016). El sentido de la investigaci\u00f3n cualitativa. Universidad Isabel. Burgos. https:\/\/www.ceuandalucia.es\/escuelaabierta\/pdf\/articulos_ea19\/EA19-sentido.pdf<\/span><\/p>\n<p>[\/vc_column_text][\/vc_column][\/vc_row]<\/p>\n<\/div>","protected":false},"excerpt":{"rendered":"<p> UNA AVALUACI\u00d3 HOL\u00cdSTICA DELS ACOMPANYAMENTS DE MENTORIA Alba L\u00f3pez Mart\u00ednez i V\u00edctor Gonz\u00e1lez N\u00fa\u00f1ez, T\u00e8cnica de mentoria [&hellip;]<\/p>\n","protected":false},"author":2,"featured_media":10399,"comment_status":"closed","ping_status":"closed","sticky":false,"template":"","format":"standard","meta":{"footnotes":""},"categories":[2],"tags":[],"class_list":["post-9993","post","type-post","status-publish","format-standard","has-post-thumbnail","hentry","category-actualitat"],"yoast_head":"<!-- This site is optimized with the Yoast SEO plugin v27.4 - https:\/\/yoast.com\/product\/yoast-seo-wordpress\/ -->\n<title>Una avaluaci\u00f3 hol\u00edstica dels acompanyaments de mentoria - Fundaci\u00f3n Privada Nous Cims<\/title>\n<meta name=\"description\" content=\"La mentoria socioeducativa ha emergit com una eina poderosa, per\u00f2 fins a l&#039;actualitat el seu impacte ha estat poc avaluat i contrastat pels diferents projectes que la duen a terme.\" \/>\n<meta name=\"robots\" content=\"index, follow, max-snippet:-1, max-image-preview:large, max-video-preview:-1\" \/>\n<link rel=\"canonical\" href=\"https:\/\/www.nouscims.com\/ca\/actualitat\/una-avaluacio-holistica-dels-acompanyaments-de-mentoria\/\" \/>\n<meta property=\"og:locale\" content=\"ca_ES\" \/>\n<meta property=\"og:type\" content=\"article\" \/>\n<meta property=\"og:title\" content=\"Una avaluaci\u00f3 hol\u00edstica dels acompanyaments de mentoria - Fundaci\u00f3n Privada Nous Cims\" \/>\n<meta property=\"og:description\" content=\"La mentoria socioeducativa ha emergit com una eina poderosa, per\u00f2 fins a l&#039;actualitat el seu impacte ha estat poc avaluat i contrastat pels diferents projectes que la duen a terme.\" \/>\n<meta property=\"og:url\" content=\"https:\/\/www.nouscims.com\/ca\/actualitat\/una-avaluacio-holistica-dels-acompanyaments-de-mentoria\/\" \/>\n<meta property=\"og:site_name\" content=\"Fundaci\u00f3n Privada Nous Cims\" \/>\n<meta property=\"article:publisher\" content=\"https:\/\/www.facebook.com\/nouscims\" \/>\n<meta property=\"article:published_time\" content=\"2024-07-08T12:59:25+00:00\" \/>\n<meta property=\"article:modified_time\" content=\"2025-02-11T12:48:18+00:00\" \/>\n<meta property=\"og:image\" content=\"https:\/\/www.nouscims.com\/wp-content\/uploads\/2025\/02\/IMG_1816-scaled-1.jpg\" \/>\n\t<meta property=\"og:image:width\" content=\"2560\" \/>\n\t<meta property=\"og:image:height\" content=\"1707\" \/>\n\t<meta property=\"og:image:type\" content=\"image\/jpeg\" \/>\n<meta name=\"author\" content=\"Nous Cims\" \/>\n<meta name=\"twitter:card\" content=\"summary_large_image\" \/>\n<meta name=\"twitter:creator\" content=\"@nouscims\" \/>\n<meta name=\"twitter:site\" content=\"@nouscims\" \/>\n<meta name=\"twitter:label1\" content=\"Escrit per\" \/>\n\t<meta name=\"twitter:data1\" content=\"Nous Cims\" \/>\n\t<meta name=\"twitter:label2\" content=\"Temps estimat de lectura\" \/>\n\t<meta name=\"twitter:data2\" content=\"11 minuts\" \/>\n<script type=\"application\/ld+json\" class=\"yoast-schema-graph\">{\"@context\":\"https:\\\/\\\/schema.org\",\"@graph\":[{\"@type\":\"Article\",\"@id\":\"https:\\\/\\\/www.nouscims.com\\\/ca\\\/actualitat\\\/una-avaluacio-holistica-dels-acompanyaments-de-mentoria\\\/#article\",\"isPartOf\":{\"@id\":\"https:\\\/\\\/www.nouscims.com\\\/ca\\\/actualitat\\\/una-avaluacio-holistica-dels-acompanyaments-de-mentoria\\\/\"},\"author\":{\"name\":\"Nous Cims\",\"@id\":\"https:\\\/\\\/www.nouscims.com\\\/ca\\\/#\\\/schema\\\/person\\\/c49be7fd7667a36f1b39c1c5a2becf99\"},\"headline\":\"Una avaluaci\u00f3 hol\u00edstica dels acompanyaments de mentoria\",\"datePublished\":\"2024-07-08T12:59:25+00:00\",\"dateModified\":\"2025-02-11T12:48:18+00:00\",\"mainEntityOfPage\":{\"@id\":\"https:\\\/\\\/www.nouscims.com\\\/ca\\\/actualitat\\\/una-avaluacio-holistica-dels-acompanyaments-de-mentoria\\\/\"},\"wordCount\":2535,\"image\":{\"@id\":\"https:\\\/\\\/www.nouscims.com\\\/ca\\\/actualitat\\\/una-avaluacio-holistica-dels-acompanyaments-de-mentoria\\\/#primaryimage\"},\"thumbnailUrl\":\"https:\\\/\\\/www.nouscims.com\\\/wp-content\\\/uploads\\\/2025\\\/02\\\/IMG_1816-scaled-1.jpg\",\"articleSection\":[\"Actualitat\"],\"inLanguage\":\"ca\"},{\"@type\":\"WebPage\",\"@id\":\"https:\\\/\\\/www.nouscims.com\\\/ca\\\/actualitat\\\/una-avaluacio-holistica-dels-acompanyaments-de-mentoria\\\/\",\"url\":\"https:\\\/\\\/www.nouscims.com\\\/ca\\\/actualitat\\\/una-avaluacio-holistica-dels-acompanyaments-de-mentoria\\\/\",\"name\":\"Una avaluaci\u00f3 hol\u00edstica dels acompanyaments de mentoria - Fundaci\u00f3n Privada Nous Cims\",\"isPartOf\":{\"@id\":\"https:\\\/\\\/www.nouscims.com\\\/ca\\\/#website\"},\"primaryImageOfPage\":{\"@id\":\"https:\\\/\\\/www.nouscims.com\\\/ca\\\/actualitat\\\/una-avaluacio-holistica-dels-acompanyaments-de-mentoria\\\/#primaryimage\"},\"image\":{\"@id\":\"https:\\\/\\\/www.nouscims.com\\\/ca\\\/actualitat\\\/una-avaluacio-holistica-dels-acompanyaments-de-mentoria\\\/#primaryimage\"},\"thumbnailUrl\":\"https:\\\/\\\/www.nouscims.com\\\/wp-content\\\/uploads\\\/2025\\\/02\\\/IMG_1816-scaled-1.jpg\",\"datePublished\":\"2024-07-08T12:59:25+00:00\",\"dateModified\":\"2025-02-11T12:48:18+00:00\",\"author\":{\"@id\":\"https:\\\/\\\/www.nouscims.com\\\/ca\\\/#\\\/schema\\\/person\\\/c49be7fd7667a36f1b39c1c5a2becf99\"},\"description\":\"La mentoria socioeducativa ha emergit com una eina poderosa, per\u00f2 fins a l'actualitat el seu impacte ha estat poc avaluat i contrastat pels diferents projectes que la duen a terme.\",\"breadcrumb\":{\"@id\":\"https:\\\/\\\/www.nouscims.com\\\/ca\\\/actualitat\\\/una-avaluacio-holistica-dels-acompanyaments-de-mentoria\\\/#breadcrumb\"},\"inLanguage\":\"ca\",\"potentialAction\":[{\"@type\":\"ReadAction\",\"target\":[\"https:\\\/\\\/www.nouscims.com\\\/ca\\\/actualitat\\\/una-avaluacio-holistica-dels-acompanyaments-de-mentoria\\\/\"]}]},{\"@type\":\"ImageObject\",\"inLanguage\":\"ca\",\"@id\":\"https:\\\/\\\/www.nouscims.com\\\/ca\\\/actualitat\\\/una-avaluacio-holistica-dels-acompanyaments-de-mentoria\\\/#primaryimage\",\"url\":\"https:\\\/\\\/www.nouscims.com\\\/wp-content\\\/uploads\\\/2025\\\/02\\\/IMG_1816-scaled-1.jpg\",\"contentUrl\":\"https:\\\/\\\/www.nouscims.com\\\/wp-content\\\/uploads\\\/2025\\\/02\\\/IMG_1816-scaled-1.jpg\",\"width\":2560,\"height\":1707},{\"@type\":\"BreadcrumbList\",\"@id\":\"https:\\\/\\\/www.nouscims.com\\\/ca\\\/actualitat\\\/una-avaluacio-holistica-dels-acompanyaments-de-mentoria\\\/#breadcrumb\",\"itemListElement\":[{\"@type\":\"ListItem\",\"position\":1,\"name\":\"Portada\",\"item\":\"https:\\\/\\\/www.nouscims.com\\\/ca\\\/\"},{\"@type\":\"ListItem\",\"position\":2,\"name\":\"Una avaluaci\u00f3 hol\u00edstica dels acompanyaments de mentoria\"}]},{\"@type\":\"WebSite\",\"@id\":\"https:\\\/\\\/www.nouscims.com\\\/ca\\\/#website\",\"url\":\"https:\\\/\\\/www.nouscims.com\\\/ca\\\/\",\"name\":\"Fundaci\u00f3n Privada Nous Cims\",\"description\":\"Impulsamos y desarrollamos proyectos de innovaci\u00f3n social\",\"potentialAction\":[{\"@type\":\"SearchAction\",\"target\":{\"@type\":\"EntryPoint\",\"urlTemplate\":\"https:\\\/\\\/www.nouscims.com\\\/ca\\\/?s={search_term_string}\"},\"query-input\":{\"@type\":\"PropertyValueSpecification\",\"valueRequired\":true,\"valueName\":\"search_term_string\"}}],\"inLanguage\":\"ca\"},{\"@type\":\"Person\",\"@id\":\"https:\\\/\\\/www.nouscims.com\\\/ca\\\/#\\\/schema\\\/person\\\/c49be7fd7667a36f1b39c1c5a2becf99\",\"name\":\"Nous Cims\",\"image\":{\"@type\":\"ImageObject\",\"inLanguage\":\"ca\",\"@id\":\"https:\\\/\\\/secure.gravatar.com\\\/avatar\\\/1dd42f1cafb4dfa67ddb690263b49eb6dd0b847386b5e1ee729643a318a2de73?s=96&d=mm&r=g\",\"url\":\"https:\\\/\\\/secure.gravatar.com\\\/avatar\\\/1dd42f1cafb4dfa67ddb690263b49eb6dd0b847386b5e1ee729643a318a2de73?s=96&d=mm&r=g\",\"contentUrl\":\"https:\\\/\\\/secure.gravatar.com\\\/avatar\\\/1dd42f1cafb4dfa67ddb690263b49eb6dd0b847386b5e1ee729643a318a2de73?s=96&d=mm&r=g\",\"caption\":\"Nous Cims\"},\"url\":\"https:\\\/\\\/www.nouscims.com\\\/ca\\\/author\\\/edelcampo\\\/\"}]}<\/script>\n<!-- \/ Yoast SEO plugin. -->","yoast_head_json":{"title":"Una avaluaci\u00f3 hol\u00edstica dels acompanyaments de mentoria - Fundaci\u00f3n Privada Nous Cims","description":"La mentoria socioeducativa ha emergit com una eina poderosa, per\u00f2 fins a l'actualitat el seu impacte ha estat poc avaluat i contrastat pels diferents projectes que la duen a terme.","robots":{"index":"index","follow":"follow","max-snippet":"max-snippet:-1","max-image-preview":"max-image-preview:large","max-video-preview":"max-video-preview:-1"},"canonical":"https:\/\/www.nouscims.com\/ca\/actualitat\/una-avaluacio-holistica-dels-acompanyaments-de-mentoria\/","og_locale":"ca_ES","og_type":"article","og_title":"Una avaluaci\u00f3 hol\u00edstica dels acompanyaments de mentoria - Fundaci\u00f3n Privada Nous Cims","og_description":"La mentoria socioeducativa ha emergit com una eina poderosa, per\u00f2 fins a l'actualitat el seu impacte ha estat poc avaluat i contrastat pels diferents projectes que la duen a terme.","og_url":"https:\/\/www.nouscims.com\/ca\/actualitat\/una-avaluacio-holistica-dels-acompanyaments-de-mentoria\/","og_site_name":"Fundaci\u00f3n Privada Nous Cims","article_publisher":"https:\/\/www.facebook.com\/nouscims","article_published_time":"2024-07-08T12:59:25+00:00","article_modified_time":"2025-02-11T12:48:18+00:00","og_image":[{"width":2560,"height":1707,"url":"https:\/\/www.nouscims.com\/wp-content\/uploads\/2025\/02\/IMG_1816-scaled-1.jpg","type":"image\/jpeg"}],"author":"Nous Cims","twitter_card":"summary_large_image","twitter_creator":"@nouscims","twitter_site":"@nouscims","twitter_misc":{"Escrit per":"Nous Cims","Temps estimat de lectura":"11 minuts"},"schema":{"@context":"https:\/\/schema.org","@graph":[{"@type":"Article","@id":"https:\/\/www.nouscims.com\/ca\/actualitat\/una-avaluacio-holistica-dels-acompanyaments-de-mentoria\/#article","isPartOf":{"@id":"https:\/\/www.nouscims.com\/ca\/actualitat\/una-avaluacio-holistica-dels-acompanyaments-de-mentoria\/"},"author":{"name":"Nous Cims","@id":"https:\/\/www.nouscims.com\/ca\/#\/schema\/person\/c49be7fd7667a36f1b39c1c5a2becf99"},"headline":"Una avaluaci\u00f3 hol\u00edstica dels acompanyaments de mentoria","datePublished":"2024-07-08T12:59:25+00:00","dateModified":"2025-02-11T12:48:18+00:00","mainEntityOfPage":{"@id":"https:\/\/www.nouscims.com\/ca\/actualitat\/una-avaluacio-holistica-dels-acompanyaments-de-mentoria\/"},"wordCount":2535,"image":{"@id":"https:\/\/www.nouscims.com\/ca\/actualitat\/una-avaluacio-holistica-dels-acompanyaments-de-mentoria\/#primaryimage"},"thumbnailUrl":"https:\/\/www.nouscims.com\/wp-content\/uploads\/2025\/02\/IMG_1816-scaled-1.jpg","articleSection":["Actualitat"],"inLanguage":"ca"},{"@type":"WebPage","@id":"https:\/\/www.nouscims.com\/ca\/actualitat\/una-avaluacio-holistica-dels-acompanyaments-de-mentoria\/","url":"https:\/\/www.nouscims.com\/ca\/actualitat\/una-avaluacio-holistica-dels-acompanyaments-de-mentoria\/","name":"Una avaluaci\u00f3 hol\u00edstica dels acompanyaments de mentoria - Fundaci\u00f3n Privada Nous Cims","isPartOf":{"@id":"https:\/\/www.nouscims.com\/ca\/#website"},"primaryImageOfPage":{"@id":"https:\/\/www.nouscims.com\/ca\/actualitat\/una-avaluacio-holistica-dels-acompanyaments-de-mentoria\/#primaryimage"},"image":{"@id":"https:\/\/www.nouscims.com\/ca\/actualitat\/una-avaluacio-holistica-dels-acompanyaments-de-mentoria\/#primaryimage"},"thumbnailUrl":"https:\/\/www.nouscims.com\/wp-content\/uploads\/2025\/02\/IMG_1816-scaled-1.jpg","datePublished":"2024-07-08T12:59:25+00:00","dateModified":"2025-02-11T12:48:18+00:00","author":{"@id":"https:\/\/www.nouscims.com\/ca\/#\/schema\/person\/c49be7fd7667a36f1b39c1c5a2becf99"},"description":"La mentoria socioeducativa ha emergit com una eina poderosa, per\u00f2 fins a l'actualitat el seu impacte ha estat poc avaluat i contrastat pels diferents projectes que la duen a terme.","breadcrumb":{"@id":"https:\/\/www.nouscims.com\/ca\/actualitat\/una-avaluacio-holistica-dels-acompanyaments-de-mentoria\/#breadcrumb"},"inLanguage":"ca","potentialAction":[{"@type":"ReadAction","target":["https:\/\/www.nouscims.com\/ca\/actualitat\/una-avaluacio-holistica-dels-acompanyaments-de-mentoria\/"]}]},{"@type":"ImageObject","inLanguage":"ca","@id":"https:\/\/www.nouscims.com\/ca\/actualitat\/una-avaluacio-holistica-dels-acompanyaments-de-mentoria\/#primaryimage","url":"https:\/\/www.nouscims.com\/wp-content\/uploads\/2025\/02\/IMG_1816-scaled-1.jpg","contentUrl":"https:\/\/www.nouscims.com\/wp-content\/uploads\/2025\/02\/IMG_1816-scaled-1.jpg","width":2560,"height":1707},{"@type":"BreadcrumbList","@id":"https:\/\/www.nouscims.com\/ca\/actualitat\/una-avaluacio-holistica-dels-acompanyaments-de-mentoria\/#breadcrumb","itemListElement":[{"@type":"ListItem","position":1,"name":"Portada","item":"https:\/\/www.nouscims.com\/ca\/"},{"@type":"ListItem","position":2,"name":"Una avaluaci\u00f3 hol\u00edstica dels acompanyaments de mentoria"}]},{"@type":"WebSite","@id":"https:\/\/www.nouscims.com\/ca\/#website","url":"https:\/\/www.nouscims.com\/ca\/","name":"Fundaci\u00f3n Privada Nous Cims","description":"Impulsamos y desarrollamos proyectos de innovaci\u00f3n social","potentialAction":[{"@type":"SearchAction","target":{"@type":"EntryPoint","urlTemplate":"https:\/\/www.nouscims.com\/ca\/?s={search_term_string}"},"query-input":{"@type":"PropertyValueSpecification","valueRequired":true,"valueName":"search_term_string"}}],"inLanguage":"ca"},{"@type":"Person","@id":"https:\/\/www.nouscims.com\/ca\/#\/schema\/person\/c49be7fd7667a36f1b39c1c5a2becf99","name":"Nous Cims","image":{"@type":"ImageObject","inLanguage":"ca","@id":"https:\/\/secure.gravatar.com\/avatar\/1dd42f1cafb4dfa67ddb690263b49eb6dd0b847386b5e1ee729643a318a2de73?s=96&d=mm&r=g","url":"https:\/\/secure.gravatar.com\/avatar\/1dd42f1cafb4dfa67ddb690263b49eb6dd0b847386b5e1ee729643a318a2de73?s=96&d=mm&r=g","contentUrl":"https:\/\/secure.gravatar.com\/avatar\/1dd42f1cafb4dfa67ddb690263b49eb6dd0b847386b5e1ee729643a318a2de73?s=96&d=mm&r=g","caption":"Nous Cims"},"url":"https:\/\/www.nouscims.com\/ca\/author\/edelcampo\/"}]}},"_links":{"self":[{"href":"https:\/\/www.nouscims.com\/ca\/wp-json\/wp\/v2\/posts\/9993","targetHints":{"allow":["GET"]}}],"collection":[{"href":"https:\/\/www.nouscims.com\/ca\/wp-json\/wp\/v2\/posts"}],"about":[{"href":"https:\/\/www.nouscims.com\/ca\/wp-json\/wp\/v2\/types\/post"}],"author":[{"embeddable":true,"href":"https:\/\/www.nouscims.com\/ca\/wp-json\/wp\/v2\/users\/2"}],"replies":[{"embeddable":true,"href":"https:\/\/www.nouscims.com\/ca\/wp-json\/wp\/v2\/comments?post=9993"}],"version-history":[{"count":2,"href":"https:\/\/www.nouscims.com\/ca\/wp-json\/wp\/v2\/posts\/9993\/revisions"}],"predecessor-version":[{"id":10448,"href":"https:\/\/www.nouscims.com\/ca\/wp-json\/wp\/v2\/posts\/9993\/revisions\/10448"}],"wp:featuredmedia":[{"embeddable":true,"href":"https:\/\/www.nouscims.com\/ca\/wp-json\/wp\/v2\/media\/10399"}],"wp:attachment":[{"href":"https:\/\/www.nouscims.com\/ca\/wp-json\/wp\/v2\/media?parent=9993"}],"wp:term":[{"taxonomy":"category","embeddable":true,"href":"https:\/\/www.nouscims.com\/ca\/wp-json\/wp\/v2\/categories?post=9993"},{"taxonomy":"post_tag","embeddable":true,"href":"https:\/\/www.nouscims.com\/ca\/wp-json\/wp\/v2\/tags?post=9993"}],"curies":[{"name":"wp","href":"https:\/\/api.w.org\/{rel}","templated":true}]}}