{"id":9992,"date":"2024-07-03T14:26:16","date_gmt":"2024-07-03T12:26:16","guid":{"rendered":"https:\/\/www.nouscims.com\/?p=9600"},"modified":"2025-02-11T13:49:45","modified_gmt":"2025-02-11T12:49:45","slug":"revertir-la-polaritzacio-un-desafiament-complex-pero-no-impossible","status":"publish","type":"post","link":"https:\/\/www.nouscims.com\/ca\/actualitat\/revertir-la-polaritzacio-un-desafiament-complex-pero-no-impossible\/","title":{"rendered":"Revertir la polaritzaci\u00f3: Un desafiament complex, per\u00f2 no impossible"},"content":{"rendered":"<div class=\"wpb-content-wrapper\"><p>[vc_row][vc_column width=&#8221;1\/2&#8243;][vc_column_text uncode_shortcode_id=&#8221;130464&#8243;]<\/p>\n<h4><strong><span style=\"color: #f64943\">REVERTIR LA POLARITZACI\u00d3: UN DESAFIAMENT COMPLEX, PER\u00d2 NO IMPOSSIBLE<\/span><\/strong><\/h4>\n<p><em><strong><span style=\"color: #f64943\">Marta Mosquera, Directora General.<\/span><\/strong><\/em><\/p>\n<p><span style=\"color: #000000\">La polaritzaci\u00f3 actual en el m\u00f3n exacerba la divisi\u00f3 ideol\u00f2gica i social, afectant negativament les persones en situaci\u00f3 de vulnerabilitat. Aquesta fragmentaci\u00f3 intensifica la desigualtat, ja que les pol\u00edtiques p\u00fabliques es tornen m\u00e9s extremes i menys inclusives, deixant als m\u00e9s desfavorits sense el suport adequat. En les xarxes socials, la desinformaci\u00f3 i els discursos d&#8217;odi es propaguen, augmentant l&#8217;estigmatitzaci\u00f3 i l&#8217;a\u00efllament de comunitats marginades. A m\u00e9s, la polaritzaci\u00f3 dificulta la cooperaci\u00f3 en temes cr\u00edtics com la salut o l&#8217;educaci\u00f3, la qual cosa perjudica especialment als qui ja enfronten barreres significatives.<\/span>[\/vc_column_text][\/vc_column][vc_column width=&#8221;1\/2&#8243;][vc_single_image media=&#8221;10371&#8243; media_width_percent=&#8221;100&#8243; uncode_shortcode_id=&#8221;151810&#8243;][\/vc_column][\/vc_row][vc_row][vc_column width=&#8221;1\/1&#8243;][vc_column_text uncode_shortcode_id=&#8221;374623&#8243;]<span style=\"color: #000000\">Abordar la polaritzaci\u00f3 social \u00e9s complex a causa de la seva naturalesa multicausal. Des de la perspectiva del canvi sist\u00e8mic, aix\u00f2 implica recon\u00e8ixer i actuar sobre una xarxa interconnectada de factors econ\u00f2mics, pol\u00edtics, socials i culturals. Aquest fenomen no sols \u00e9s causant desigualtats econ\u00f2miques o discursos pol\u00edtics confrontacionals, sin\u00f3 tamb\u00e9 per la fragmentaci\u00f3 medi\u00e0tica i din\u00e0miques de poder que reforcen aquestes divisions.<\/span><\/p>\n<p><span style=\"color: #000000\">Un enfocament sist\u00e8mic requereix estrat\u00e8gies integrades que abordin simult\u00e0niament el conjunt de factors. Aix\u00f2 inclou promoure l&#8217;equitat econ\u00f2mica, fomentar el di\u00e0leg intercultural, regular els mitjans per a reduir el biaix, i desmantellar les estructures de poder que es beneficien de la polaritzaci\u00f3. A m\u00e9s, les solucions han de ser adaptatives i contextuals, involucrant a una \u00e0mplia gamma d&#8217;actors socials en un proc\u00e9s inclusiu i participatiu.<\/span><\/p>\n<h4><span style=\"color: #000000\">Algunes estrat\u00e8gies clau per a abordar i revertir la polaritzaci\u00f3 s\u00f3n:<\/span><\/h4>\n<ol>\n<li><span style=\"color: #000000\"><strong>\u00a0Fomentar el di\u00e0leg constructiu<\/strong><\/span><\/li>\n<\/ol>\n<p><span style=\"color: #000000\">El di\u00e0leg \u00e9s una eina poderosa per a construir ponts, resoldre conflictes i fomentar una comprensi\u00f3 m\u00fatua en una societat diversa. En una \u00e8poca marcada pels antagonismes i l&#8217;augment d&#8217;ideologies extremistes com el feixisme, el di\u00e0leg emergeix com un far d&#8217;esperan\u00e7a per a aquells que busquem cohesi\u00f3 i harmonia. No obstant aix\u00f2, perqu\u00e8 el di\u00e0leg sigui veritablement efectiu, \u00e9s fonamental que les parts involucrades comencin des d&#8217;una posici\u00f3 d&#8217;<strong>humilitat intel\u00b7lectual<\/strong>, reconeixent que no posseeixen tota la veritat. Aquest reconeixement no sols \u00e9s una mostra de maduresa, sin\u00f3 tamb\u00e9 una obertura sincera cap a la comprensi\u00f3 i el respecte per les perspectives alienes.<\/span><\/p>\n<p><span style=\"color: #000000\">Aquest tipus d&#8217;humilitat no suposa subestimar les nostres pr\u00f2pies idees i valors, sin\u00f3 recon\u00e8ixer que uns altres tamb\u00e9 poden aportar valuoses percepcions i coneixements. Aquest reconeixement obre la porta a l&#8217;<strong>escolta activa<\/strong>, un altre component crucial en el di\u00e0leg.<\/span><\/p>\n<p><span style=\"color: #000000\">L&#8217;escolta activa implica parar esment de manera conscient i deliberada al que l&#8217;altre est\u00e0 dient, sense interrompre, jutjar o planificar una resposta immediata. \u00c9s un acte de respecte i una mostra que es valora la contribuci\u00f3 de l&#8217;altre.<\/span><\/p>\n<p><span style=\"color: #000000\">L&#8217;intercanvi d&#8217;idees que sorgeix d&#8217;aquest entorn de respecte mutu i humilitat \u00e9s fonamental per a contrarestar la polaritzaci\u00f3. En una societat diversa, \u00e9s natural que existeixin difer\u00e8ncies d&#8217;opini\u00f3 i de creences. No obstant aix\u00f2, quan aquestes difer\u00e8ncies s&#8217;aborden a trav\u00e9s del di\u00e0leg constructiu, es poden convertir en una font d&#8217;enriquiment en lloc de conflicte. A trav\u00e9s del di\u00e0leg, les persones poden trobar punts en com\u00fa i aprendre a coexistir pac\u00edficament, malgrat les seves difer\u00e8ncies. Aquest proc\u00e9s \u00e9s essencial per a desactivar les tensions que sovint porten a la radicalitzaci\u00f3 i a l&#8217;extremisme.<\/span><\/p>\n<p><span style=\"color: #000000\">A m\u00e9s, el di\u00e0leg efectiu \u00e9s una eina crucial per a desmantellar les ideologies feixistes i els populismes, que es basen en la divisi\u00f3, l&#8217;odi i la supremacia. El feixisme prospera en ambients on la incomprensi\u00f3 i la desconfian\u00e7a s\u00f3n la norma. En fomentar un entorn on el di\u00e0leg preval, s&#8217;afebleix la base sobre la qual es construeixen aquestes ideologies extremistes. Les converses obertes i sinceres permeten que les persones confrontin els seus propis prejudicis i pors, i desenvolupin una comprensi\u00f3 m\u00e9s matisada dels altres.<\/span><\/p>\n<p><span style=\"color: #000000\">El proc\u00e9s de di\u00e0leg no \u00e9s sempre f\u00e0cil i requereix esfor\u00e7 i comprom\u00eds de totes les parts involucrades. \u00c9s crucial que les persones s&#8217;acostin al di\u00e0leg amb la ment oberta i estiguin disposades a q\u00fcestionar les seves pr\u00f2pies creences i suposicions. Aquest nivell d&#8217;introspecci\u00f3 pot ser inc\u00f2mode, per\u00f2 \u00e9s necessari per al creixement personal i col\u00b7lectiu.<\/span><\/p>\n<ol start=\"2\">\n<li><strong><span style=\"color: #000000\">\u00a0Educaci\u00f3 i consci\u00e8ncia<\/span><\/strong><\/li>\n<\/ol>\n<p><span style=\"color: #000000\">En un m\u00f3n cada cop m\u00e9s globalitzat i divers, la capacitat d&#8217;entendre i compartir els sentiments i perspectives dels altres \u00e9s essencial per a la cohesi\u00f3 social i la conviv\u00e8ncia pac\u00edfica. L&#8217;<strong>educaci\u00f3 en empatia<\/strong> es presenta com una eina fonamental per a aconseguir aquests objectius. Incloure programes educatius que fomentin l&#8217;empatia i la comprensi\u00f3 de diverses perspectives pot transformar les nostres interaccions socials, reduir els conflictes i contribuir a una societat m\u00e9s justa i harmoniosa.<\/span><\/p>\n<p><span style=\"color: #000000\">Tamb\u00e9 ensenyar <strong>habilitats de pensament cr\u00edtic<\/strong> \u00e9s crucial per a ajudar les persones a avaluar informaci\u00f3 de manera objectiva i recon\u00e8ixer biaixos. Aquest enfocament no sols millora la capacitat individual per a discernir la veritat, sin\u00f3 que tamb\u00e9 enforteix la salut democr\u00e0tica i la cohesi\u00f3 social.<\/span><\/p>\n<p><span style=\"color: #000000\">El pensament cr\u00edtic implica la capacitat d&#8217;analitzar i avaluar la informaci\u00f3 de manera racional i l\u00f2gica. Aix\u00f2 inclou la identificaci\u00f3 de fonts fiables, la comprensi\u00f3 d&#8217;arguments complexos i la detecci\u00f3 de fal\u00b7l\u00e0cies, biaixos i paranys argumentatius. En dominar aquestes habilitats, les persones poden prendre decisions informades i evitar ser manipulades per informaci\u00f3 err\u00f2nia o enganyosa.<\/span><\/p>\n<p><span style=\"color: #000000\">Incorporar el pensament cr\u00edtic en l&#8217;educaci\u00f3 des d&#8217;una edat primerenca \u00e9s fonamental. Els programes educatius han d&#8217;incloure exercicis que promoguin l&#8217;an\u00e0lisi profunda, la resoluci\u00f3 de problemes i el debat respectu\u00f3s. A m\u00e9s, s&#8217;han d&#8217;ensenyar t\u00e8cniques per a identificar i q\u00fcestionar els propis prejudicis i els de les fonts d&#8217;informaci\u00f3.<\/span><\/p>\n<p><span style=\"color: #000000\">El pensament cr\u00edtic tamb\u00e9 fomenta l&#8217;obertura mental i la disposici\u00f3 a considerar diferents perspectives. Aix\u00f2 \u00e9s essencial en un entorn globalitzat on la comprensi\u00f3 intercultural i la col\u00b7laboraci\u00f3 s\u00f3n m\u00e9s importants que mai. En ensenyar a les persones a pensar cr\u00edticament, se&#8217;ls equipa amb les eines necess\u00e0ries per a navegar un m\u00f3n complex i prendre decisions que contribueixin al b\u00e9 com\u00fa.<\/span><\/p>\n<p><span style=\"color: #000000\">Tamb\u00e9 \u00e9s important que siguem <strong>coneixedors de la hist\u00f2ria i el context<\/strong> per a fomentar una comprensi\u00f3 m\u00e9s profunda i promoure la cohesi\u00f3 social. Aquesta educaci\u00f3 no sols enriqueix el coneixement, sin\u00f3 que tamb\u00e9 desenvolupa l&#8217;empatia i el respecte per la diversitat.<\/span><\/p>\n<p><span style=\"color: #000000\">La hist\u00f2ria i el context de cada grup i moviment social ofereixen valuoses lli\u00e7ons sobre les seves lluites, assoliments i contribucions. En estudiar aquests aspectes, es poden apreciar la complexitat de les experi\u00e8ncies humanes i comprendre millor les arrels de les desigualtats i les injust\u00edcies actuals. Aquesta comprensi\u00f3 fomenta una actitud de respecte i solidaritat cap a aquells les hist\u00f2ries dels quals han estat marginades o distorsionades.<\/span><\/p>\n<p><span style=\"color: #000000\">A m\u00e9s, l&#8217;educaci\u00f3 en hist\u00f2ria i context promou el pensament cr\u00edtic. S&#8217;aprenen a analitzar fonts hist\u00f2riques, a recon\u00e8ixer biaixos i a avaluar diferents interpretacions d&#8217;esdeveniments passats. Aquesta habilitat \u00e9s crucial per a desenvolupar ciutadans ben informats i compromesos que poden participar activament en la construcci\u00f3 d&#8217;una societat justa i equitativa.<\/span><\/p>\n<ol start=\"3\">\n<li><strong><span style=\"color: #000000\">Mitjans de comunicaci\u00f3 responsables<\/span><\/strong><\/li>\n<\/ol>\n<p><span style=\"color: #000000\">El <strong>periodisme \u00e8tic<\/strong> se centra en la veritat, la precisi\u00f3 i la integritat, evitant el sensacionalisme que exacerba les divisions. Aquest enfocament no sols enforteix la confian\u00e7a del p\u00fablic en els mitjans de comunicaci\u00f3, sin\u00f3 que tamb\u00e9 contribueix a una conversa p\u00fablica m\u00e9s saludable i constructiva.<\/span><\/p>\n<p><span style=\"color: #000000\">El periodisme \u00e8tic es guia per principis fonamentals com la veracitat, la imparcialitat i la responsabilitat.<\/span><\/p>\n<p><span style=\"color: #000000\">Evitar el sensacionalisme \u00e9s crucial per a reduir la polaritzaci\u00f3. Les not\u00edcies sensacionalistes tendeixen a exagerar els conflictes i a presentar els temes de manera divisiva, la qual cosa alimenta la por i la desconfian\u00e7a. En contrast, el periodisme \u00e8tic ofereix una an\u00e0lisi profunda i matisada dels problemes, promovent l&#8217;enteniment i el di\u00e0leg entre diferents grups.<\/span><\/p>\n<p><span style=\"color: #000000\">A m\u00e9s, el periodisme \u00e8tic exerceix un paper vital en la defensa de la democr\u00e0cia. En mantenir informats als ciutadans sobre els assumptes p\u00fablics i en responsabilitzar als poderosos, ajuda a garantir la transpar\u00e8ncia i la rendici\u00f3 de comptes. Aquest paper \u00e9s fonamental per al funcionament d&#8217;una societat democr\u00e0tica on el debat informat i la participaci\u00f3 ciutadana s\u00f3n essencials.<\/span><\/p>\n<p><span style=\"color: #000000\">En l&#8217;era digital de la sobreinformaci\u00f3 l&#8217;alfabetitzaci\u00f3 medi\u00e0tica s&#8217;ha convertit en una habilitat indispensable. Ensenyar a les persones a consumir mitjans de manera cr\u00edtica significa capacitar-les per a identificar fonts fiables, discernir entre fets i opinions, i evitar la propagaci\u00f3 de desinformaci\u00f3.<\/span><\/p>\n<p><span style=\"color: #000000\">L&#8217;<strong>alfabetitzaci\u00f3 medi\u00e0tica<\/strong> comen\u00e7a amb la capacitat d&#8217;avaluar la credibilitat de les fonts. Els individus han d&#8217;aprendre a verificar la reputaci\u00f3 i l&#8217;historial dels mitjans i els autors abans de confiar en la informaci\u00f3 que presenten. Aix\u00f2 no sols protegeix contra la manipulaci\u00f3, sin\u00f3 que tamb\u00e9 enforteix la confian\u00e7a en la informaci\u00f3 consumida.<\/span><\/p>\n<p><span style=\"color: #000000\">A m\u00e9s, l&#8217;alfabetitzaci\u00f3 medi\u00e0tica implica desenvolupar habilitats per a analitzar cr\u00edticament el contingut dels mitjans. Aix\u00f2 inclou entendre com es construeixen els missatges, identificar biaixos, interessos, i recon\u00e8ixer t\u00e8cniques persuasives o manipulatives. En fer-ho, les persones poden formar-se opinions informades i resistir millor la influ\u00e8ncia de la desinformaci\u00f3.<\/span><\/p>\n<ol start=\"4\">\n<li><strong><span style=\"color: #000000\">Promoci\u00f3 de valors comuns<\/span><\/strong><\/li>\n<\/ol>\n<p><span style=\"color: #000000\">En un m\u00f3n divers i plural, la identificaci\u00f3 d&#8217;interessos comuns \u00e9s essencial per a construir ponts entre diferents grups. Enfocar-se en valors compartits com la seguretat, la prosperitat i la just\u00edcia permet trobar punts de connexi\u00f3 que transcendeixen les difer\u00e8ncies superficials. En recon\u00e8ixer aquests interessos comuns, es crea una base s\u00f2lida per al di\u00e0leg i la col\u00b7laboraci\u00f3 constructiva.<\/span><\/p>\n<p><span style=\"color: #000000\">Els projectes comunitaris exerceixen un paper crucial en reunir persones de diversos or\u00edgens per a treballar cap a objectius compartits. Aquestes iniciatives no sols promouen l&#8217;enteniment mutu i la solidaritat, sin\u00f3 que tamb\u00e9 enforteixen els lla\u00e7os socials i fomenten un sentit de pertinen\u00e7a col\u00b7lectiva. En treballar bra\u00e7 a bra\u00e7 en projectes significatius, les difer\u00e8ncies es poden superar i es poden celebrar les fortaleses de cada individu i grup.<\/span><\/p>\n<p><span style=\"color: #000000\">El <strong>lideratge inclusiu<\/strong> \u00e9s fonamental per a guiar aquest proc\u00e9s d&#8217;unitat. Promoure l\u00edders que defensin la inclusi\u00f3 i el respecte mutu crea un ambient on tots se senten valorats i escoltats. Aquests l\u00edders treballen per a unir a les persones, emfatitzant la import\u00e0ncia de la diversitat com un actiu i no com una barrera. El seu enfocament en la construcci\u00f3 de consensos i la promoci\u00f3 de valors compartits ajuda a superar divisions i a avan\u00e7ar cap a un futur m\u00e9s cohesionat i equitatiu.<\/span><\/p>\n<p><span style=\"color: #000000\">En resum, en centrar-se en interessos comuns, promoure projectes comunitaris inclusius i donar suport a lideratges que advoquen per la unitat, s&#8217;enforteix el teixit social i s&#8217;avan\u00e7a cap a una societat m\u00e9s resilient i harmoniosa. Aquestes pr\u00e0ctiques no sols reconeixen la diversitat com una for\u00e7a, sin\u00f3 que tamb\u00e9 treballen activament per a construir un futur compartit basat en la col\u00b7laboraci\u00f3 i el respecte mutu.<\/span><\/p>\n<ol start=\"5\">\n<li><span style=\"color: #000000\"><strong>Reconciliaci\u00f3 i just\u00edcia restaurativa<\/strong><\/span><\/li>\n<\/ol>\n<p><span style=\"color: #000000\">Els processos de reconciliaci\u00f3 s\u00f3n fonamentals per a sanar ferides del passat i promoure l&#8217;harmonia social. Implementar aquests processos permet a les persones confrontar obertament esdeveniments dolorosos, recon\u00e8ixer els danys infligits i treballar cap al perd\u00f3 i la sanaci\u00f3. Aquests esfor\u00e7os no sols faciliten la curaci\u00f3 individual i col\u00b7lectiva, sin\u00f3 que tamb\u00e9 enforteixen els lla\u00e7os comunitaris en promoure un enteniment m\u00e9s profund i emp\u00e0tic entre tots els involucrats.<\/span><\/p>\n<p><span style=\"color: #000000\">D&#8217;altra banda, la <strong>just\u00edcia restaurativa<\/strong> ofereix un enfocament innovador per a abordar conflictes. A difer\u00e8ncia del sistema tradicional que se centra en la retribuci\u00f3 punitiva, la just\u00edcia restaurativa s&#8217;enfoca a reparar el mal causat i restaurar les relacions danyades. Aquest enfocament no sols proporciona un espai segur perqu\u00e8 les parts involucrades expressin les seves preocupacions i necessitats, sin\u00f3 que tamb\u00e9 promou la responsabilitat personal i comunit\u00e0ria. En permetre que les v\u00edctimes, els ofensors i la comunitat participin activament en la resoluci\u00f3 del conflicte, s&#8217;estableixen bases m\u00e9s s\u00f2lides per a la conviv\u00e8ncia pac\u00edfica i el respecte mutu.<\/span><\/p>\n<p><span style=\"color: #000000\">En enfrontar el passat amb valentia i comprom\u00eds, i en centrar-se en la reparaci\u00f3 i la restauraci\u00f3 de relacions, s&#8217;estableixen les bases per a un futur on la comprensi\u00f3 i el perd\u00f3 prevalguin sobre la divisi\u00f3 i el conflicte. Aquestes pr\u00e0ctiques no sols ofereixen solucions concretes per a resoldre disputes, sin\u00f3 que tamb\u00e9 enforteixen el teixit social en promoure una cultura de pau i col\u00b7laboraci\u00f3.<\/span><\/p>\n<ol start=\"6\">\n<li><span style=\"color: #000000\"><strong>Pol\u00edtiques inclusives<\/strong><\/span><\/li>\n<\/ol>\n<p><span style=\"color: #000000\">En la cerca de societats m\u00e9s justes i equitatives, \u00e9s fonamental desenvolupar i aplicar pol\u00edtiques d&#8217;inclusi\u00f3 que assegurin que tots els grups tinguin una veu activa en les decisions que els afecten. La inclusi\u00f3 genu\u00efna no sols implica la pres\u00e8ncia de diferents veus, sin\u00f3 tamb\u00e9 la creaci\u00f3 d&#8217;espais on aquestes veus siguin escoltades i valorades per igual.<\/span><\/p>\n<p><span style=\"color: #000000\">Paral\u00b7lelament, la transpar\u00e8ncia i la rendici\u00f3 de comptes s\u00f3n pilars indispensables per a enfortir la confian\u00e7a en les institucions. En garantir que els processos de presa de decisions siguin clars i accessibles, es redueix la percepci\u00f3 d&#8217;injust\u00edcia i es fomenta un ambient on tots puguin participar de manera informada i activa.<\/span><\/p>\n<p><span style=\"color: #000000\">Aquestes dues dimensions, pol\u00edtiques d&#8217;inclusi\u00f3 i transpar\u00e8ncia amb rendici\u00f3 de comptes, no sols s\u00f3n complement\u00e0ries, sin\u00f3 que s\u00f3n essencials per a construir societats m\u00e9s cohesionades i justes, on cada individu se senti representat i respectat.<\/span><\/p>\n<ol start=\"7\">\n<li><strong><span style=\"color: #000000\">Iniciatives a nivell individual<\/span><\/strong><\/li>\n<\/ol>\n<p><span style=\"color: #000000\">L&#8217;<strong>auto-reflexi\u00f3<\/strong> \u00e9s un primer pas crucial cap a una major comprensi\u00f3 i respecte mutu en el qual ens animem a examinar els nostres propis biaixos i prejudicis, reconeixent com poden influir en les nostres percepcions i decisions. Aquest proc\u00e9s ens capacita per a ser m\u00e9s conscients i emp\u00e0tics en les nostres interaccions di\u00e0ries.<\/span><\/p>\n<p><span style=\"color: #000000\">La interacci\u00f3 intencional ens convida a buscar activament oportunitats per a connectar amb persones de diversos or\u00edgens i perspectives. En obrir-nos a noves experi\u00e8ncies i punts de vista, enriquim la nostra comprensi\u00f3 del m\u00f3n i enfortim els lla\u00e7os de comunitat i enteniment mutu.<\/span><\/p>\n<p><span style=\"color: #000000\">Modelar el comportament desitjat \u00e9s fonamental per a crear un entorn inclusiu i respectu\u00f3s. A l&#8217;\u00e9sser un model de comportament obert al di\u00e0leg i respectu\u00f3s en les nostres interaccions quotidianes, inspirem a uns altres a seguir aquest exemple, promovent un ambient on tots se sentin valorats i escoltats.<\/span><\/p>\n<ol start=\"8\">\n<li><span style=\"color: #000000\"><strong>Tecnologia i xarxes socials<\/strong><\/span><\/li>\n<\/ol>\n<p><span style=\"color: #000000\">En l&#8217;era digital, els <strong>algorismes de les xarxes socials <\/strong>juguen un paper crucial en la forma en qu\u00e8 es distribueix i es consumeix la informaci\u00f3. Advocar per algorismes inclusius implica promoure canvis que redueixin l&#8217;\u00e8mfasi en el contingut polarizant, trenquin la bombolla ideol\u00f2gica, i fomentin una major diversitat de perspectives. Aix\u00f2 no sols busca mitigar la fragmentaci\u00f3 social, sin\u00f3 tamb\u00e9 promoure un enteniment m\u00e9s ampli i equilibrat entre usuaris amb diferents punts de vista.<\/span><\/p>\n<p><span style=\"color: #000000\">A m\u00e9s, les <strong>plataformes de di\u00e0leg<\/strong> s\u00f3n eines clau per a facilitar interaccions constructives i respectuoses en l\u00ednia. Aquestes plataformes tecnol\u00f2giques no sols ofereixen espais on les persones poden expressar les seves opinions, sin\u00f3 que tamb\u00e9 promouen l&#8217;intercanvi d&#8217;idees de manera que fomenti la comprensi\u00f3 m\u00fatua i la col\u00b7laboraci\u00f3.<\/span><\/p>\n<p><span style=\"color: #000000\">Juntes, aquestes iniciatives contribueixen a un entorn digital m\u00e9s inclusiu i din\u00e0mic, on la diversitat de perspectives se celebra i es promou el di\u00e0leg constructiu com a mitj\u00e0 per al progr\u00e9s social i la cohesi\u00f3 comunit\u00e0ria.<\/span><\/p>\n<p><strong><span style=\"color: #000000\">Revertir la polaritzaci\u00f3 \u00e9s un proc\u00e9s que requereix temps, paci\u00e8ncia i el comprom\u00eds de tots els sectors de la societat. En promoure el di\u00e0leg constructiu, l&#8217;educaci\u00f3 en empatia i pensament cr\u00edtic, la responsabilitat en els mitjans de comunicaci\u00f3, la reconciliaci\u00f3, les pol\u00edtiques inclusives i la interacci\u00f3 intencional, podem treballar cap a una societat m\u00e9s cohesionada i menys polaritzada.<\/span><\/strong><\/p>\n<p><strong><span style=\"color: #000000\">La clau est\u00e0 a recon\u00e8ixer la humanitat compartida i treballar junts per a construir ponts en lloc de barreres.<\/span><\/strong><\/p>\n<h4><span style=\"color: #000000\">Alguns projectes d&#8217;exemple poden ser:<\/span><\/h4>\n<p><span style=\"color: #000000\"><strong><em>Braver Angels:<\/em><\/strong><\/span><\/p>\n<p><em><span style=\"color: #000000\">Volen reduir la polaritzaci\u00f3 pol\u00edtica als Estats Units mitjan\u00e7ant el foment de l&#8217;enteniment i el respecte mutu entre persones de diferents ideologies pol\u00edtiques. Organitzen tallers i esdeveniments anomenats &#8220;Xarxa\/Blue Workshops&#8221; on participen persones de diferents afiliacions pol\u00edtiques per a compartir els seus punts de vista i trobar punts en com\u00fa.<\/span><\/em><\/p>\n<p><span style=\"color: #000000\"><strong><em>Living Room Conversations:<\/em><\/strong><\/span><\/p>\n<p><em><span style=\"color: #000000\">Faciliten converses significatives i respectuoses entre persones amb diferents punts de vista per a fomentar la comprensi\u00f3 i la cohesi\u00f3 social. Proporcionen guies i recursos per a organitzar converses en petits grups sobre temes controvertits. Aquestes converses es duen a terme en un entorn relaxat, com un sal\u00f3 d&#8217;estar, per a crear un ambient de confian\u00e7a i obertura.<\/span><\/em><\/p>\n<p><span style=\"color: #000000\"><strong><em>Sustained Dialogue Institute:<\/em><\/strong><\/span><\/p>\n<p><em><span style=\"color: #000000\">Transformen les relacions i resoldre conflictes mitjan\u00e7ant di\u00e0legs prolongats i estructurats. Implementen programes de di\u00e0leg en universitats, comunitats i organitzacions on els participants es reuneixen regularment per a discutir i abordar temes divisius. El proc\u00e9s de di\u00e0leg sostingut permet un enteniment m\u00e9s profund i la construcci\u00f3 de relacions.<\/span><\/em><\/p>\n<p><span style=\"color: #000000\"><strong><em>Resetting the Table:<\/em><\/strong><\/span><\/p>\n<p><em><span style=\"color: #000000\">Creen espais per a di\u00e0legs productius sobre temes dif\u00edcils i polarizants, especialment dins de la comunitat jueva estatunidenca. Ofereixen tallers, formaci\u00f3 i facilitaci\u00f3 de di\u00e0legs que ajuden les persones a escoltar i entendre les perspectives dels altres, fins i tot quan no estan d&#8217;acord.<\/span><\/em><\/p>\n<p><span style=\"color: #000000\"><strong><em>Espacio Fundaci\u00f3n Telef\u00f3nica:<\/em><\/strong><\/span><\/p>\n<p><em><span style=\"color: #000000\">Creen un f\u00f2rum de reflexi\u00f3 i debat sobre temes d&#8217;inter\u00e8s social i cultural. Organitzen confer\u00e8ncies, debats i tallers oberts al p\u00fablic on es discuteixen temes d&#8217;actualitat des de diferents perspectives.<\/span><\/em><\/p>\n<p><span style=\"color: #000000\"><strong><em>Fundaci\u00f3n COTEC:<\/em><\/strong><\/span><\/p>\n<p><em><span style=\"color: #000000\">Promouen la innovaci\u00f3 en tots els \u00e0mbits de la societat espanyola, incloent-hi l&#8217;educaci\u00f3 i la cohesi\u00f3 social. Organitzen trobades i debats sobre innovaci\u00f3 social i tecnol\u00f2gica, fomentant el di\u00e0leg entre experts i ciutadans.<\/span><\/em><\/p>\n<p><span style=\"color: #000000\"><strong><em>Proyecto Atl\u00e1ntida:<\/em><\/strong><\/span><\/p>\n<p><em><span style=\"color: #000000\">Fomenten l&#8217;educaci\u00f3 en valors democr\u00e0tics i la conviv\u00e8ncia pac\u00edfica en l&#8217;\u00e0mbit escolar. Desenvolupen programes educatius, materials did\u00e0ctics i formaci\u00f3 per a docents centrats en l&#8217;educaci\u00f3 en valors, la resoluci\u00f3 pac\u00edfica de conflictes i la participaci\u00f3 democr\u00e0tica.<\/span><\/em><\/p>\n<p><span style=\"color: #000000\"><strong><em>Educar en la Diversidad (Save the Children):<\/em><\/strong><\/span><\/p>\n<p><em><span style=\"color: #000000\">Promouen l&#8217;educaci\u00f3 inclusiva i la igualtat d&#8217;oportunitats per a tots els nens i nenes. Ofereixen programes i recursos educatius per a docents i centres escolars que aborden temes com la diversitat, la inclusi\u00f3 i els drets de la inf\u00e0ncia.<\/span><\/em><\/p>\n<p><span style=\"color: #000000\"><strong><em>Maldita.es<\/em><\/strong><em>:<\/em><\/span><\/p>\n<div class=\"traductor-textarea form-group\">\n<div class=\"textarea-desti col-xs-12 col-sm-6\">\n<div class=\"form-control second-textarea\"><em><span style=\"color: #000000\">Volen combatre la desinformaci\u00f3 i promoure un periodisme basat en fets. Verifiquen la informaci\u00f3 difosa en mitjans i xarxes socials, ofereixen recursos educatius sobre desinformaci\u00f3 i realitzen tallers per a ensenyar a la ciutadania a identificar not\u00edcies falses.<\/span><\/em><\/div>\n<\/div>\n<\/div>\n<p><span style=\"color: #000000\"><strong><em>Newtral:<\/em><\/strong><\/span><\/p>\n<p><em><span style=\"color: #000000\">Promouen la verificaci\u00f3 d&#8217;informaci\u00f3 i el periodisme de dades per a una societat m\u00e9s informada i menys polaritzada. Ofereixen serveis de fact-checking, realitzen recerques period\u00edstiques basades en dades i desenvolupen contingut educatiu sobre com consumir informaci\u00f3 de manera cr\u00edtica.<\/span><\/em><\/p>\n<p><span style=\"color: #000000\"><strong><em>Civio:<\/em><\/strong><\/span><\/p>\n<p><em><span style=\"color: #000000\">Busquen augmentar la transpar\u00e8ncia i la rendici\u00f3 de comptes mitjan\u00e7ant el periodisme de dades. Realitzen recerques basades en dades obertes, desenvolupen eines per a accedir a la informaci\u00f3 p\u00fablica i promouen la participaci\u00f3 ciutadana en la fiscalitzaci\u00f3 dels poders p\u00fablics.<\/span><\/em><\/p>\n<p><span style=\"color: #000000\"><strong><em>Fundaci\u00f3 por Causa:<\/em><\/strong><\/span><\/p>\n<div class=\"traductor-textarea form-group\">\n<div class=\"textarea-desti col-xs-12 col-sm-6\">\n<div class=\"form-control second-textarea\"><span style=\"color: #000000\"><em>El seu objectiu \u00e9s combatre la pobresa i l&#8217;exclusi\u00f3 social mitjan\u00e7ant la sensibilitzaci\u00f3 i la promoci\u00f3 de valors de just\u00edcia social. Realitzen recerques, campanyes de sensibilitzaci\u00f3 i projectes educatius que aborden temes com la desigualtat, la migraci\u00f3 i la pobresa.<\/em><\/span><\/div>\n<\/div>\n<\/div>\n<p><span style=\"color: #000000\"><strong><em>Fundaci\u00f3 Secretariado Gitano (FSG):<\/em><\/strong><\/span><\/p>\n<p><em><span style=\"color: #000000\">Treballen per a promoure la igualtat d&#8217;oportunitats i la inclusi\u00f3 social de la comunitat gitana. Desenvolupen programes educatius i de sensibilitzaci\u00f3 que fomenten la conviv\u00e8ncia intercultural i la lluita contra la discriminaci\u00f3.<\/span><\/em><\/p>\n<p><span style=\"color: #000000\"><strong><em>Fundaci\u00f3 Tomillo:<\/em><\/strong><\/span><\/p>\n<p><em><span style=\"color: #000000\">Promouen la inclusi\u00f3 social i laboral de persones en situaci\u00f3 de vulnerabilitat. Ofereixen programes educatius, de formaci\u00f3 i ocupaci\u00f3 que promouen valors de solidaritat, esfor\u00e7 i cooperaci\u00f3.<\/span><\/em><\/p>\n<p><span style=\"color: #000000\"><strong><em>Proyecto Convive (Cruz Roja Espa\u00f1ola):<\/em><\/strong><\/span><\/p>\n<p><em><span style=\"color: #000000\">Promouen la integraci\u00f3 i la conviv\u00e8ncia intercultural en comunitats diverses. Organitzen tallers, activitats comunit\u00e0ries i programes educatius que fomenten el respecte i la cooperaci\u00f3 entre persones de diferents or\u00edgens.<\/span><\/em><\/p>\n<p><span style=\"color: #000000\"><strong><em>Centro de Investigaci\u00f3n para la Paz (CIP):<\/em><\/strong><\/span><\/p>\n<p><em><span style=\"color: #000000\">Aquest centre es dedica a investigar i promoure la pau, la reconciliaci\u00f3 i la just\u00edcia restaurativa. Realitzen estudis i ofereixen programes educatius sobre com abordar la polaritzaci\u00f3 i els conflictes.<\/span><\/em><\/p>\n<p><span style=\"color: #000000\"><strong><em>Fundaci\u00f3n para la Reconciliaci\u00f3n:<\/em><\/strong><\/span><\/p>\n<p><em><span style=\"color: #000000\">Aquesta organitzaci\u00f3 treballa en projectes que fomenten la reconciliaci\u00f3 entre diferents grups socials i pol\u00edtics. Utilitzen m\u00e8todes de just\u00edcia restaurativa per a sanar ferides i construir ponts d&#8217;enteniment.<\/span><\/em><\/p>\n<p><span style=\"color: #000000\"><strong><em>Fundaci\u00f3n Fernando Buesa Blanco:<\/em><\/strong><\/span><\/p>\n<p><em><span style=\"color: #000000\">La fundaci\u00f3 treballa en mem\u00f2ria, pau i conviv\u00e8ncia. Organitzen esdeveniments i activitats educatives per a fomentar la reconciliaci\u00f3 i reduir la polaritzaci\u00f3 social i pol\u00edtica.<\/span><\/em><\/p>\n<p><span style=\"color: #000000\"><strong><em>Proyecto de Di\u00e1logo y Convivencia del Ayuntamiento de Madrid:<\/em><\/strong><\/span><\/p>\n<p><em><span style=\"color: #000000\">Aquest projecte promou el di\u00e0leg entre diferents comunitats i grups pol\u00edtics a Madrid. Utilitzen t\u00e8cniques de just\u00edcia restaurativa per a abordar conflictes i promoure la reconciliaci\u00f3.<\/span><\/em><\/p>\n<p><span style=\"color: #000000\"><strong><em>Red de Justicia Restaurativa de Espa\u00f1a:<\/em><\/strong><\/span><\/p>\n<p><em><span style=\"color: #000000\">Aquesta xarxa agrupa diverses organitzacions i professionals que treballen en just\u00edcia restaurativa. Promouen l&#8217;intercanvi d&#8217;experi\u00e8ncies i bones pr\u00e0ctiques en la resoluci\u00f3 de conflictes i la reconciliaci\u00f3.<\/span><\/em><\/p>\n<h4><span style=\"color: #000000\">Refer\u00e8ncies:<\/span><\/h4>\n<p><span style=\"color: #000000\"><strong>Ayerra, M., &amp; Andueza, J. (2012). <\/strong>Justicia restaurativa: Un nuevo paradigma en la resoluci\u00f3n de conflictos. Ediciones Jur\u00eddicas Cuyo.<\/span><\/p>\n<p><span style=\"color: #000000\"><strong>Baker, P. (2010). <\/strong>Bridging the Divide: Peacebuilding and Reconciliation in Divided Societies. Kumarian Press.<\/span><\/p>\n<p><span style=\"color: #000000\"><strong>Boraine, A. (2000). <\/strong>A Country Unmasked: Inside South Africa&#8217;s Truth and Reconciliation Commission. Oxford University Press.<\/span><\/p>\n<p><span style=\"color: #000000\"><strong>Galtung, J. (2000). <\/strong>Conflict Transformation by Peaceful Means: The Transcend Method. United Nations.<\/span><\/p>\n<p><span style=\"color: #000000\"><strong>Lederach, J. P. (1997). <\/strong>Building Peace: Sustainable Reconciliation in Divided Societies. United States Institute of Peace Press.<\/span><\/p>\n<p><span style=\"color: #000000\"><strong>Lederach, J. P. (2005). <\/strong>The Moral Imagination: The Art and Soul of Building Peace. Oxford University Press.<\/span><\/p>\n<p><span style=\"color: #000000\"><strong>P\u00e9rez-Sales, P. (2006). <\/strong>Tortura psicol\u00f3gica: Definici\u00f3n, evaluaci\u00f3n y medidas terap\u00e9uticas. Editorial S\u00edntesis.<\/span><\/p>\n<p><span style=\"color: #000000\"><strong>Pranis, K. (2005). <\/strong>The Little Book of Circle Processes: A New\/Old Approach to Peacemaking. Good Books.<\/span><\/p>\n<p><span style=\"color: #000000\"><strong>Van Ness, D. W., &amp; Strong, K. H. (2015). <\/strong>Restoring Justice: An Introduction to Restorative Justice. Routledge.<\/span><\/p>\n<p><span style=\"color: #000000\"><strong>Wright, M. (1996). <\/strong>Justice for Victims and Offenders: A Restorative Response to Crime. Waterside Press.<\/span>[\/vc_column_text][\/vc_column][\/vc_row]<\/p>\n<\/div>","protected":false},"excerpt":{"rendered":"<p> REVERTIR LA POLARITZACI\u00d3: UN DESAFIAMENT COMPLEX, PER\u00d2 NO IMPOSSIBLE Marta Mosquera, Directora General. La polaritzaci\u00f3 actual en [&hellip;]<\/p>\n","protected":false},"author":2,"featured_media":10367,"comment_status":"open","ping_status":"open","sticky":false,"template":"","format":"standard","meta":{"footnotes":""},"categories":[2],"tags":[],"class_list":["post-9992","post","type-post","status-publish","format-standard","has-post-thumbnail","hentry","category-actualitat"],"yoast_head":"<!-- This site is optimized with the Yoast SEO plugin v27.4 - https:\/\/yoast.com\/product\/yoast-seo-wordpress\/ -->\n<title>Revertir la polaritzaci\u00f3: Un desafiament complex, per\u00f2 no impossible - Fundaci\u00f3n Privada Nous Cims<\/title>\n<meta name=\"description\" content=\"La polaritzaci\u00f3 actual en el m\u00f3n exacerba la divisi\u00f3 ideol\u00f2gica i social, afectant negativament les persones en situaci\u00f3 de vulnerabilitat.\" \/>\n<meta name=\"robots\" content=\"index, follow, max-snippet:-1, max-image-preview:large, max-video-preview:-1\" \/>\n<link rel=\"canonical\" href=\"https:\/\/www.nouscims.com\/ca\/actualitat\/revertir-la-polaritzacio-un-desafiament-complex-pero-no-impossible\/\" \/>\n<meta property=\"og:locale\" content=\"ca_ES\" \/>\n<meta property=\"og:type\" content=\"article\" \/>\n<meta property=\"og:title\" content=\"Revertir la polaritzaci\u00f3: Un desafiament complex, per\u00f2 no impossible - Fundaci\u00f3n Privada Nous Cims\" \/>\n<meta property=\"og:description\" content=\"La polaritzaci\u00f3 actual en el m\u00f3n exacerba la divisi\u00f3 ideol\u00f2gica i social, afectant negativament les persones en situaci\u00f3 de vulnerabilitat.\" \/>\n<meta property=\"og:url\" content=\"https:\/\/www.nouscims.com\/ca\/actualitat\/revertir-la-polaritzacio-un-desafiament-complex-pero-no-impossible\/\" \/>\n<meta property=\"og:site_name\" content=\"Fundaci\u00f3n Privada Nous Cims\" \/>\n<meta property=\"article:publisher\" content=\"https:\/\/www.facebook.com\/nouscims\" \/>\n<meta property=\"article:published_time\" content=\"2024-07-03T12:26:16+00:00\" \/>\n<meta property=\"article:modified_time\" content=\"2025-02-11T12:49:45+00:00\" \/>\n<meta property=\"og:image\" content=\"https:\/\/www.nouscims.com\/wp-content\/uploads\/2025\/02\/felicia-buitenwerf-Qs_Zkak27Jk-unsplash-scaled-1.jpg\" \/>\n\t<meta property=\"og:image:width\" content=\"2560\" \/>\n\t<meta property=\"og:image:height\" content=\"1707\" \/>\n\t<meta property=\"og:image:type\" content=\"image\/jpeg\" \/>\n<meta name=\"author\" content=\"Nous Cims\" \/>\n<meta name=\"twitter:card\" content=\"summary_large_image\" \/>\n<meta name=\"twitter:creator\" content=\"@nouscims\" \/>\n<meta name=\"twitter:site\" content=\"@nouscims\" \/>\n<meta name=\"twitter:label1\" content=\"Escrit per\" \/>\n\t<meta name=\"twitter:data1\" content=\"Nous Cims\" \/>\n\t<meta name=\"twitter:label2\" content=\"Temps estimat de lectura\" \/>\n\t<meta name=\"twitter:data2\" content=\"16 minuts\" \/>\n<script type=\"application\/ld+json\" class=\"yoast-schema-graph\">{\"@context\":\"https:\\\/\\\/schema.org\",\"@graph\":[{\"@type\":\"Article\",\"@id\":\"https:\\\/\\\/www.nouscims.com\\\/ca\\\/actualitat\\\/revertir-la-polaritzacio-un-desafiament-complex-pero-no-impossible\\\/#article\",\"isPartOf\":{\"@id\":\"https:\\\/\\\/www.nouscims.com\\\/ca\\\/actualitat\\\/revertir-la-polaritzacio-un-desafiament-complex-pero-no-impossible\\\/\"},\"author\":{\"name\":\"Nous Cims\",\"@id\":\"https:\\\/\\\/www.nouscims.com\\\/ca\\\/#\\\/schema\\\/person\\\/c49be7fd7667a36f1b39c1c5a2becf99\"},\"headline\":\"Revertir la polaritzaci\u00f3: Un desafiament complex, per\u00f2 no impossible\",\"datePublished\":\"2024-07-03T12:26:16+00:00\",\"dateModified\":\"2025-02-11T12:49:45+00:00\",\"mainEntityOfPage\":{\"@id\":\"https:\\\/\\\/www.nouscims.com\\\/ca\\\/actualitat\\\/revertir-la-polaritzacio-un-desafiament-complex-pero-no-impossible\\\/\"},\"wordCount\":3863,\"commentCount\":0,\"image\":{\"@id\":\"https:\\\/\\\/www.nouscims.com\\\/ca\\\/actualitat\\\/revertir-la-polaritzacio-un-desafiament-complex-pero-no-impossible\\\/#primaryimage\"},\"thumbnailUrl\":\"https:\\\/\\\/www.nouscims.com\\\/wp-content\\\/uploads\\\/2025\\\/02\\\/felicia-buitenwerf-Qs_Zkak27Jk-unsplash-scaled-1.jpg\",\"articleSection\":[\"Actualitat\"],\"inLanguage\":\"ca\",\"potentialAction\":[{\"@type\":\"CommentAction\",\"name\":\"Comment\",\"target\":[\"https:\\\/\\\/www.nouscims.com\\\/ca\\\/actualitat\\\/revertir-la-polaritzacio-un-desafiament-complex-pero-no-impossible\\\/#respond\"]}]},{\"@type\":\"WebPage\",\"@id\":\"https:\\\/\\\/www.nouscims.com\\\/ca\\\/actualitat\\\/revertir-la-polaritzacio-un-desafiament-complex-pero-no-impossible\\\/\",\"url\":\"https:\\\/\\\/www.nouscims.com\\\/ca\\\/actualitat\\\/revertir-la-polaritzacio-un-desafiament-complex-pero-no-impossible\\\/\",\"name\":\"Revertir la polaritzaci\u00f3: Un desafiament complex, per\u00f2 no impossible - Fundaci\u00f3n Privada Nous Cims\",\"isPartOf\":{\"@id\":\"https:\\\/\\\/www.nouscims.com\\\/ca\\\/#website\"},\"primaryImageOfPage\":{\"@id\":\"https:\\\/\\\/www.nouscims.com\\\/ca\\\/actualitat\\\/revertir-la-polaritzacio-un-desafiament-complex-pero-no-impossible\\\/#primaryimage\"},\"image\":{\"@id\":\"https:\\\/\\\/www.nouscims.com\\\/ca\\\/actualitat\\\/revertir-la-polaritzacio-un-desafiament-complex-pero-no-impossible\\\/#primaryimage\"},\"thumbnailUrl\":\"https:\\\/\\\/www.nouscims.com\\\/wp-content\\\/uploads\\\/2025\\\/02\\\/felicia-buitenwerf-Qs_Zkak27Jk-unsplash-scaled-1.jpg\",\"datePublished\":\"2024-07-03T12:26:16+00:00\",\"dateModified\":\"2025-02-11T12:49:45+00:00\",\"author\":{\"@id\":\"https:\\\/\\\/www.nouscims.com\\\/ca\\\/#\\\/schema\\\/person\\\/c49be7fd7667a36f1b39c1c5a2becf99\"},\"description\":\"La polaritzaci\u00f3 actual en el m\u00f3n exacerba la divisi\u00f3 ideol\u00f2gica i social, afectant negativament les persones en situaci\u00f3 de vulnerabilitat.\",\"breadcrumb\":{\"@id\":\"https:\\\/\\\/www.nouscims.com\\\/ca\\\/actualitat\\\/revertir-la-polaritzacio-un-desafiament-complex-pero-no-impossible\\\/#breadcrumb\"},\"inLanguage\":\"ca\",\"potentialAction\":[{\"@type\":\"ReadAction\",\"target\":[\"https:\\\/\\\/www.nouscims.com\\\/ca\\\/actualitat\\\/revertir-la-polaritzacio-un-desafiament-complex-pero-no-impossible\\\/\"]}]},{\"@type\":\"ImageObject\",\"inLanguage\":\"ca\",\"@id\":\"https:\\\/\\\/www.nouscims.com\\\/ca\\\/actualitat\\\/revertir-la-polaritzacio-un-desafiament-complex-pero-no-impossible\\\/#primaryimage\",\"url\":\"https:\\\/\\\/www.nouscims.com\\\/wp-content\\\/uploads\\\/2025\\\/02\\\/felicia-buitenwerf-Qs_Zkak27Jk-unsplash-scaled-1.jpg\",\"contentUrl\":\"https:\\\/\\\/www.nouscims.com\\\/wp-content\\\/uploads\\\/2025\\\/02\\\/felicia-buitenwerf-Qs_Zkak27Jk-unsplash-scaled-1.jpg\",\"width\":2560,\"height\":1707},{\"@type\":\"BreadcrumbList\",\"@id\":\"https:\\\/\\\/www.nouscims.com\\\/ca\\\/actualitat\\\/revertir-la-polaritzacio-un-desafiament-complex-pero-no-impossible\\\/#breadcrumb\",\"itemListElement\":[{\"@type\":\"ListItem\",\"position\":1,\"name\":\"Portada\",\"item\":\"https:\\\/\\\/www.nouscims.com\\\/ca\\\/\"},{\"@type\":\"ListItem\",\"position\":2,\"name\":\"Revertir la polaritzaci\u00f3: Un desafiament complex, per\u00f2 no impossible\"}]},{\"@type\":\"WebSite\",\"@id\":\"https:\\\/\\\/www.nouscims.com\\\/ca\\\/#website\",\"url\":\"https:\\\/\\\/www.nouscims.com\\\/ca\\\/\",\"name\":\"Fundaci\u00f3n Privada Nous Cims\",\"description\":\"Impulsamos y desarrollamos proyectos de innovaci\u00f3n social\",\"potentialAction\":[{\"@type\":\"SearchAction\",\"target\":{\"@type\":\"EntryPoint\",\"urlTemplate\":\"https:\\\/\\\/www.nouscims.com\\\/ca\\\/?s={search_term_string}\"},\"query-input\":{\"@type\":\"PropertyValueSpecification\",\"valueRequired\":true,\"valueName\":\"search_term_string\"}}],\"inLanguage\":\"ca\"},{\"@type\":\"Person\",\"@id\":\"https:\\\/\\\/www.nouscims.com\\\/ca\\\/#\\\/schema\\\/person\\\/c49be7fd7667a36f1b39c1c5a2becf99\",\"name\":\"Nous Cims\",\"image\":{\"@type\":\"ImageObject\",\"inLanguage\":\"ca\",\"@id\":\"https:\\\/\\\/secure.gravatar.com\\\/avatar\\\/1dd42f1cafb4dfa67ddb690263b49eb6dd0b847386b5e1ee729643a318a2de73?s=96&d=mm&r=g\",\"url\":\"https:\\\/\\\/secure.gravatar.com\\\/avatar\\\/1dd42f1cafb4dfa67ddb690263b49eb6dd0b847386b5e1ee729643a318a2de73?s=96&d=mm&r=g\",\"contentUrl\":\"https:\\\/\\\/secure.gravatar.com\\\/avatar\\\/1dd42f1cafb4dfa67ddb690263b49eb6dd0b847386b5e1ee729643a318a2de73?s=96&d=mm&r=g\",\"caption\":\"Nous Cims\"},\"url\":\"https:\\\/\\\/www.nouscims.com\\\/ca\\\/author\\\/edelcampo\\\/\"}]}<\/script>\n<!-- \/ Yoast SEO plugin. -->","yoast_head_json":{"title":"Revertir la polaritzaci\u00f3: Un desafiament complex, per\u00f2 no impossible - Fundaci\u00f3n Privada Nous Cims","description":"La polaritzaci\u00f3 actual en el m\u00f3n exacerba la divisi\u00f3 ideol\u00f2gica i social, afectant negativament les persones en situaci\u00f3 de vulnerabilitat.","robots":{"index":"index","follow":"follow","max-snippet":"max-snippet:-1","max-image-preview":"max-image-preview:large","max-video-preview":"max-video-preview:-1"},"canonical":"https:\/\/www.nouscims.com\/ca\/actualitat\/revertir-la-polaritzacio-un-desafiament-complex-pero-no-impossible\/","og_locale":"ca_ES","og_type":"article","og_title":"Revertir la polaritzaci\u00f3: Un desafiament complex, per\u00f2 no impossible - Fundaci\u00f3n Privada Nous Cims","og_description":"La polaritzaci\u00f3 actual en el m\u00f3n exacerba la divisi\u00f3 ideol\u00f2gica i social, afectant negativament les persones en situaci\u00f3 de vulnerabilitat.","og_url":"https:\/\/www.nouscims.com\/ca\/actualitat\/revertir-la-polaritzacio-un-desafiament-complex-pero-no-impossible\/","og_site_name":"Fundaci\u00f3n Privada Nous Cims","article_publisher":"https:\/\/www.facebook.com\/nouscims","article_published_time":"2024-07-03T12:26:16+00:00","article_modified_time":"2025-02-11T12:49:45+00:00","og_image":[{"width":2560,"height":1707,"url":"https:\/\/www.nouscims.com\/wp-content\/uploads\/2025\/02\/felicia-buitenwerf-Qs_Zkak27Jk-unsplash-scaled-1.jpg","type":"image\/jpeg"}],"author":"Nous Cims","twitter_card":"summary_large_image","twitter_creator":"@nouscims","twitter_site":"@nouscims","twitter_misc":{"Escrit per":"Nous Cims","Temps estimat de lectura":"16 minuts"},"schema":{"@context":"https:\/\/schema.org","@graph":[{"@type":"Article","@id":"https:\/\/www.nouscims.com\/ca\/actualitat\/revertir-la-polaritzacio-un-desafiament-complex-pero-no-impossible\/#article","isPartOf":{"@id":"https:\/\/www.nouscims.com\/ca\/actualitat\/revertir-la-polaritzacio-un-desafiament-complex-pero-no-impossible\/"},"author":{"name":"Nous Cims","@id":"https:\/\/www.nouscims.com\/ca\/#\/schema\/person\/c49be7fd7667a36f1b39c1c5a2becf99"},"headline":"Revertir la polaritzaci\u00f3: Un desafiament complex, per\u00f2 no impossible","datePublished":"2024-07-03T12:26:16+00:00","dateModified":"2025-02-11T12:49:45+00:00","mainEntityOfPage":{"@id":"https:\/\/www.nouscims.com\/ca\/actualitat\/revertir-la-polaritzacio-un-desafiament-complex-pero-no-impossible\/"},"wordCount":3863,"commentCount":0,"image":{"@id":"https:\/\/www.nouscims.com\/ca\/actualitat\/revertir-la-polaritzacio-un-desafiament-complex-pero-no-impossible\/#primaryimage"},"thumbnailUrl":"https:\/\/www.nouscims.com\/wp-content\/uploads\/2025\/02\/felicia-buitenwerf-Qs_Zkak27Jk-unsplash-scaled-1.jpg","articleSection":["Actualitat"],"inLanguage":"ca","potentialAction":[{"@type":"CommentAction","name":"Comment","target":["https:\/\/www.nouscims.com\/ca\/actualitat\/revertir-la-polaritzacio-un-desafiament-complex-pero-no-impossible\/#respond"]}]},{"@type":"WebPage","@id":"https:\/\/www.nouscims.com\/ca\/actualitat\/revertir-la-polaritzacio-un-desafiament-complex-pero-no-impossible\/","url":"https:\/\/www.nouscims.com\/ca\/actualitat\/revertir-la-polaritzacio-un-desafiament-complex-pero-no-impossible\/","name":"Revertir la polaritzaci\u00f3: Un desafiament complex, per\u00f2 no impossible - Fundaci\u00f3n Privada Nous Cims","isPartOf":{"@id":"https:\/\/www.nouscims.com\/ca\/#website"},"primaryImageOfPage":{"@id":"https:\/\/www.nouscims.com\/ca\/actualitat\/revertir-la-polaritzacio-un-desafiament-complex-pero-no-impossible\/#primaryimage"},"image":{"@id":"https:\/\/www.nouscims.com\/ca\/actualitat\/revertir-la-polaritzacio-un-desafiament-complex-pero-no-impossible\/#primaryimage"},"thumbnailUrl":"https:\/\/www.nouscims.com\/wp-content\/uploads\/2025\/02\/felicia-buitenwerf-Qs_Zkak27Jk-unsplash-scaled-1.jpg","datePublished":"2024-07-03T12:26:16+00:00","dateModified":"2025-02-11T12:49:45+00:00","author":{"@id":"https:\/\/www.nouscims.com\/ca\/#\/schema\/person\/c49be7fd7667a36f1b39c1c5a2becf99"},"description":"La polaritzaci\u00f3 actual en el m\u00f3n exacerba la divisi\u00f3 ideol\u00f2gica i social, afectant negativament les persones en situaci\u00f3 de vulnerabilitat.","breadcrumb":{"@id":"https:\/\/www.nouscims.com\/ca\/actualitat\/revertir-la-polaritzacio-un-desafiament-complex-pero-no-impossible\/#breadcrumb"},"inLanguage":"ca","potentialAction":[{"@type":"ReadAction","target":["https:\/\/www.nouscims.com\/ca\/actualitat\/revertir-la-polaritzacio-un-desafiament-complex-pero-no-impossible\/"]}]},{"@type":"ImageObject","inLanguage":"ca","@id":"https:\/\/www.nouscims.com\/ca\/actualitat\/revertir-la-polaritzacio-un-desafiament-complex-pero-no-impossible\/#primaryimage","url":"https:\/\/www.nouscims.com\/wp-content\/uploads\/2025\/02\/felicia-buitenwerf-Qs_Zkak27Jk-unsplash-scaled-1.jpg","contentUrl":"https:\/\/www.nouscims.com\/wp-content\/uploads\/2025\/02\/felicia-buitenwerf-Qs_Zkak27Jk-unsplash-scaled-1.jpg","width":2560,"height":1707},{"@type":"BreadcrumbList","@id":"https:\/\/www.nouscims.com\/ca\/actualitat\/revertir-la-polaritzacio-un-desafiament-complex-pero-no-impossible\/#breadcrumb","itemListElement":[{"@type":"ListItem","position":1,"name":"Portada","item":"https:\/\/www.nouscims.com\/ca\/"},{"@type":"ListItem","position":2,"name":"Revertir la polaritzaci\u00f3: Un desafiament complex, per\u00f2 no impossible"}]},{"@type":"WebSite","@id":"https:\/\/www.nouscims.com\/ca\/#website","url":"https:\/\/www.nouscims.com\/ca\/","name":"Fundaci\u00f3n Privada Nous Cims","description":"Impulsamos y desarrollamos proyectos de innovaci\u00f3n social","potentialAction":[{"@type":"SearchAction","target":{"@type":"EntryPoint","urlTemplate":"https:\/\/www.nouscims.com\/ca\/?s={search_term_string}"},"query-input":{"@type":"PropertyValueSpecification","valueRequired":true,"valueName":"search_term_string"}}],"inLanguage":"ca"},{"@type":"Person","@id":"https:\/\/www.nouscims.com\/ca\/#\/schema\/person\/c49be7fd7667a36f1b39c1c5a2becf99","name":"Nous Cims","image":{"@type":"ImageObject","inLanguage":"ca","@id":"https:\/\/secure.gravatar.com\/avatar\/1dd42f1cafb4dfa67ddb690263b49eb6dd0b847386b5e1ee729643a318a2de73?s=96&d=mm&r=g","url":"https:\/\/secure.gravatar.com\/avatar\/1dd42f1cafb4dfa67ddb690263b49eb6dd0b847386b5e1ee729643a318a2de73?s=96&d=mm&r=g","contentUrl":"https:\/\/secure.gravatar.com\/avatar\/1dd42f1cafb4dfa67ddb690263b49eb6dd0b847386b5e1ee729643a318a2de73?s=96&d=mm&r=g","caption":"Nous Cims"},"url":"https:\/\/www.nouscims.com\/ca\/author\/edelcampo\/"}]}},"_links":{"self":[{"href":"https:\/\/www.nouscims.com\/ca\/wp-json\/wp\/v2\/posts\/9992","targetHints":{"allow":["GET"]}}],"collection":[{"href":"https:\/\/www.nouscims.com\/ca\/wp-json\/wp\/v2\/posts"}],"about":[{"href":"https:\/\/www.nouscims.com\/ca\/wp-json\/wp\/v2\/types\/post"}],"author":[{"embeddable":true,"href":"https:\/\/www.nouscims.com\/ca\/wp-json\/wp\/v2\/users\/2"}],"replies":[{"embeddable":true,"href":"https:\/\/www.nouscims.com\/ca\/wp-json\/wp\/v2\/comments?post=9992"}],"version-history":[{"count":1,"href":"https:\/\/www.nouscims.com\/ca\/wp-json\/wp\/v2\/posts\/9992\/revisions"}],"predecessor-version":[{"id":10450,"href":"https:\/\/www.nouscims.com\/ca\/wp-json\/wp\/v2\/posts\/9992\/revisions\/10450"}],"wp:featuredmedia":[{"embeddable":true,"href":"https:\/\/www.nouscims.com\/ca\/wp-json\/wp\/v2\/media\/10367"}],"wp:attachment":[{"href":"https:\/\/www.nouscims.com\/ca\/wp-json\/wp\/v2\/media?parent=9992"}],"wp:term":[{"taxonomy":"category","embeddable":true,"href":"https:\/\/www.nouscims.com\/ca\/wp-json\/wp\/v2\/categories?post=9992"},{"taxonomy":"post_tag","embeddable":true,"href":"https:\/\/www.nouscims.com\/ca\/wp-json\/wp\/v2\/tags?post=9992"}],"curies":[{"name":"wp","href":"https:\/\/api.w.org\/{rel}","templated":true}]}}