{"id":9565,"date":"2024-06-20T15:24:22","date_gmt":"2024-06-20T13:24:22","guid":{"rendered":"https:\/\/www.nouscims.com\/?p=9565"},"modified":"2024-06-20T15:24:23","modified_gmt":"2024-06-20T13:24:23","slug":"voluntariat-no-tot-val","status":"publish","type":"post","link":"https:\/\/www.nouscims.com\/ca\/actualitat\/voluntariat-no-tot-val\/","title":{"rendered":"Voluntariat: no tot val"},"content":{"rendered":"<div class=\"wpb-content-wrapper\"><p>[vc_row][vc_column width=&#8221;1\/2&#8243;][vc_column_text uncode_shortcode_id=&#8221;164421&#8243;]<\/p>\n<h4><strong><span style=\"color: #f64943\">VOLUNTARIAT: NO TOT VAL<\/span><\/strong><\/h4>\n<h4><em><strong><span style=\"color: #f64943\">Olga Permanyer Martinez, Program Support &amp; Innovation, \u00c0rea de Desenvolupament Global.<\/span><\/strong><\/em><\/h4>\n<p><span style=\"color: #000000\">El projecte de 1994 \u201cDo No Harm\u201d buscava un proc\u00e9s d&#8217;aprenentatge basat en l&#8217;experi\u00e8ncia, que inclo\u00efa ag\u00e8ncies de cooperaci\u00f3 al desenvolupament i ajuda humanit\u00e0ria internacionals i locals que proporcionessin ajuda en situacions d&#8217;emerg\u00e8ncia. La seva meta era aprendre de les interaccions entre l&#8217;ajuda prestada en tals situacions d&#8217;emerg\u00e8ncia i les conseq\u00fc\u00e8ncies que provocaven, que poden arribar a ser molt perjudicials sense voler-ho.<\/span>[\/vc_column_text][\/vc_column][vc_column width=&#8221;1\/2&#8243;][vc_single_image media=&#8221;9553&#8243; media_width_percent=&#8221;100&#8243; uncode_shortcode_id=&#8221;994853&#8243;][\/vc_column][\/vc_row][vc_row][vc_column width=&#8221;1\/1&#8243;][vc_column_text uncode_shortcode_id=&#8221;630413&#8243;]<span style=\"color: #000000\">Per\u00f2 aquest projecte, m\u00e9s enll\u00e0 del seu objectiu principal, va estandarditzar aquest concepte del \u201cdo no harm\u201d -l&#8217;acci\u00f3 sense mal- i ha estat i \u00e9s clau en el treball tant en ajuda humanit\u00e0ria com en cooperaci\u00f3 al desenvolupament. Pot resultar obvi, per\u00f2 la hist\u00f2ria ens ha demostrat que no ho \u00e9s tant: \u00e9s primordial tenir en compte les repercussions de les accions planificades en aquests contextos d&#8217;alta vulnerabilitat perqu\u00e8 aquestes accions poden tenir conseq\u00fc\u00e8ncies negatives inesperades.<\/span><\/p>\n<p><span style=\"color: #000000\">\u00c9s veritat que amb aquest concepte cada cop s&#8217;estudien i planifiquen millor les accions i s&#8217;emmarquen en estrat\u00e8gies a mitj\u00e0 i llarg termini, sempre que sigui possible, treballant amb la comunitat local, i amb processos bottom-up que s&#8217;han est\u00e8s com una bona pr\u00e0ctica dins del sector.<\/span><\/p>\n<p><span style=\"color: #000000\">Per\u00f2 ara que arriba l&#8217;estiu i el per\u00edode vacacional, \u00e9s inevitable reflexionar sobre els voluntariats. Perqu\u00e8 tots coneixem a alg\u00fa que busca poder dedicar un parell de setmanes de les seves vacances a con\u00e8ixer algun pa\u00eds ex\u00f2tic i aprofitar per a poder col\u00b7laborar en un projecte de desenvolupament, o ens apareixen en Instagram organitzacions que planifiquen vacances socials o campaments per a joves on motiven la seva consci\u00e8ncia global. I \u00e9s molt important poder valorar els pros i contres abans de prendre decisions que, encara que mogudes per bones intencions, puguin acabar tenint resultats contraproduents. \u00c9s per aix\u00f2 que vull compartir unes reflexions sobre aquest tema.<\/span><\/p>\n<p><span style=\"color: #000000\">Primer voldria oferir una mica de context, ja que la paraula voluntariat engloba moltes i molt diverses pr\u00e0ctiques. Si acudim a la Llei 45\/2015, de 14 d&#8217;octubre, de Voluntariat (d&#8217;ara endavant Llei 45\/2015) que en el seu article 3 \u2014concepte de voluntariat\u2014 i en el 8\u2014 dels voluntaris\u2014 estableix que el voluntariat ha de ser:<\/span><\/p>\n<ul>\n<li><span style=\"color: #000000\">Decisi\u00f3 lliure de la persona.<\/span><\/li>\n<li><span style=\"color: #000000\">De car\u00e0cter solidari.<\/span><\/li>\n<li><span style=\"color: #000000\">De manera gratu\u00efta, sense compensaci\u00f3 econ\u00f2mica o material.<\/span><\/li>\n<li><span style=\"color: #000000\">A trav\u00e9s d&#8217;una entitat de voluntariat.<\/span><\/li>\n<\/ul>\n<p><span style=\"color: #000000\">En segon lloc, \u00e9s important poder matisar els termes. El voluntariat es realitza d&#8217;una manera organitzada, t\u00e9 estrat\u00e8gia a llarg termini, t\u00e9 una causa social per objectiu, es basa en la mobilitzaci\u00f3 social i t\u00e9 un seguiment i avaluaci\u00f3 constant dels resultats. El voluntarisme est\u00e0 fet d&#8217;accions eventuals i a\u00efllades, sovint dissenyat per a ajudar a un individu. I finalment cal esmentar un nou terme encunyat actualment que \u00e9s el volunturisme, o tamb\u00e9 anomenat turisme solidari, que fa refer\u00e8ncia a les vacances organitzades a algun pa\u00eds del sud global on es dedica una part del temps a col\u00b7laborar en projectes d&#8217;ONGs. I \u00e9s aqu\u00ed on repesquem novament el concepte del \u201cdo no harm\u201d perqu\u00e8 moltes vegades aquesta acci\u00f3 \u00e9s pitjor que la inacci\u00f3. Aquesta acci\u00f3 ve m\u00e9s motivada pel guany personal i l&#8217;experi\u00e8ncia pr\u00f2pia que per l&#8217;aportaci\u00f3 que realment es realitzar\u00e0 en dest\u00ed.<\/span><\/p>\n<p><span style=\"color: #000000\">L&#8217;any 2014 va haver-hi un post escrit per Pippa Biddle que es va tornar viral. En aquest post explicava que ella, com a experi\u00e8ncia estiuenca oferta per la seva escola, havia participat en un viatge \u201csolidari\u201d de dues setmanes a Tanz\u00e0nia. Eren un grup de 14 estudiants que anaven a construir una biblioteca en una escola durant la primera setmana i a fer un safari la segona. \u00d2bviament, els seus coneixements t\u00e8cnics no eren apropiats i encara que es passaven el dia posant maons, a la nit professionals locals els llevaven i els tornaven a posar correctament\u2026 Aquest \u00e9s un exemple que pot sonar extrem, per\u00f2 no ho \u00e9s. Quanta gent se&#8217;n va dues setmanes a ensenyar un idioma sense tenir experi\u00e8ncia, o a treballar en un orfenat, tornant despr\u00e9s amb el cor ple, per\u00f2 deixant aqu\u00ed a nens i nenes desolats\/des que cada dues setmanes han de dir adeu a alg\u00fa a qui li han agafat afecte? Per\u00f2 va ser molt important donar-li visibilitat al problema perqu\u00e8 aquest post va aconseguir obrir una discussi\u00f3 molt necess\u00e0ria en el sector. Tot val?<\/span><\/p>\n<p><span style=\"color: #000000\">Per aix\u00f2, en \u00faltim lloc, des d&#8217;aqu\u00ed voldria aprofitar aquest espai per a fer un anomenat a la ra\u00f3. \u00d2bviament, \u00e9s molt important el treball de cooperaci\u00f3, per\u00f2 cal no oblidar que \u00e9s un sector professionalitzat i que precisament es treballa per a poder aportar un coneixement t\u00e8cnic. Per exemple, que un mes a l&#8217;any una doctora es desplaci a terreny per a ajudar en hospitals locals perqu\u00e8 no hi ha personal. Perfecte. Perqu\u00e8 aix\u00f2 no sols ajuda, sin\u00f3 que tamb\u00e9 es busca que deixi capacitat instal\u00b7lada en l&#8217;equip m\u00e8dic que treballa en aquest hospital, probablement amb esc\u00e0s acc\u00e9s a nous coneixements i avan\u00e7os m\u00e8dics. Per\u00f2 si far\u00e0s alguna cosa que ja poden fer aqu\u00ed \u2014com l&#8217;esmentada construcci\u00f3 de la biblioteca \u2014quin valor aporta a la comunitat? No hi ha professionals qualificats locals que s\u00e0piguen com fer-ho? Perqu\u00e8 alhora es <\/span><span style=\"color: #000000\">dinamitzaria l&#8217;economia local en oferir llocs de treball aprofitant la pres\u00e8ncia d&#8217;una organitzaci\u00f3 internacional que atreu fons i inversi\u00f3 estrangera i motiva projectes que posteriorment poden passar a les mans d&#8217;entitats p\u00fabliques locals que garanteixin la seva sostenibilitat en el temps.<\/span><\/p>\n<p><span style=\"color: #000000\">Per tant, el que s&#8217;ha de buscar \u00e9s promocionar el treball i l&#8217;experi\u00e8ncia local. Descolonitzar processos. I optimitzar recursos i temps. En paraules de Beatriz Lecumberri a trav\u00e9s de Planeta Futur, \u201cser voluntari a l&#8217;estranger durant l&#8217;estiu genera tant entusiasme en els aspirants com retic\u00e8ncies en moltes ONG i receptors d&#8217;ajuda. Dedicar el seu temps als altres \u00e9s sempre lloable, per\u00f2 no tot val\u201d.<\/span><\/p>\n<p><span style=\"color: #000000\">Per\u00f2 aquesta intenci\u00f3, aquest temps, i aquests recursos, s\u00f3n molt importants. Per qu\u00e8 no redirigir-los cap a espais, entitats i necessitats locals? En totes les ciutats d&#8217;Espanya hi ha iniciatives que necessiten gent compromesa, que pugui oferir el seu temps a m\u00e9s mitj\u00e0 o llarg termini, i que aportin valor a les pr\u00f2pies comunitats. Perqu\u00e8 sempre es prioritza l&#8217;ex\u00f2tic de l&#8217;ali\u00e8 i lluny\u00e0, per\u00f2 cal no oblidar que en tots els pa\u00efsos hi ha necessitats no cobertes, on \u00e9s vital el treball de les entitats socials, i aix\u00f2 tamb\u00e9 \u00e9s voluntariat.<\/span><\/p>\n<h4><span style=\"color: #000000\">Refer\u00e8ncies:<\/span><\/h4>\n<p><span style=\"color: #000000\">\u201cIr como voluntario a \u00c1frica, abrazar ni\u00f1os y colgar la foto en Instagram. No, gracias\u201d. Lecumberri, Beatriz. Planeta Futuro, 2023.<\/span><\/p>\n<p><span style=\"color: #000000\">\u201cThe problem with little white girls (and boys): why i stopped being a voluntourist\u201d. Pippa Biddle, The Problem With Little White Girls (and Boys): Why I Stopped Being a Voluntourist (pippabiddle.com)<\/span><\/p>\n<p><span style=\"color: #000000\">\u201cEl valor del voluntariado en el tercer sector: nuevos escenarios\u201d. Benlloch Sanz, Pablo. Observatorio del voluntariado.<\/span>[\/vc_column_text][\/vc_column][\/vc_row]<\/p>\n<\/div>","protected":false},"excerpt":{"rendered":"<p> VOLUNTARIAT: NO TOT VAL Olga Permanyer Martinez, Program Support &amp; Innovation, \u00c0rea de Desenvolupament Global. El projecte [&hellip;]<\/p>\n","protected":false},"author":2,"featured_media":9550,"comment_status":"open","ping_status":"open","sticky":false,"template":"","format":"standard","meta":{"footnotes":""},"categories":[2],"tags":[],"class_list":["post-9565","post","type-post","status-publish","format-standard","has-post-thumbnail","hentry","category-actualitat"],"yoast_head":"<!-- This site is optimized with the Yoast SEO plugin v27.4 - https:\/\/yoast.com\/product\/yoast-seo-wordpress\/ -->\n<title>Voluntariat: no tot val - Fundaci\u00f3n Privada Nous Cims<\/title>\n<meta name=\"description\" content=\"\u00c9s primordial tenir en compte les repercussions de les accions planificades en contextos d&#039;alta vulnerabilitat, perqu\u00e8 aquestes accions poden tenir conseq\u00fc\u00e8ncies negatives inesperades.\" \/>\n<meta name=\"robots\" content=\"index, follow, max-snippet:-1, max-image-preview:large, max-video-preview:-1\" \/>\n<link rel=\"canonical\" href=\"https:\/\/www.nouscims.com\/ca\/actualitat\/voluntariat-no-tot-val\/\" \/>\n<meta property=\"og:locale\" content=\"ca_ES\" \/>\n<meta property=\"og:type\" content=\"article\" \/>\n<meta property=\"og:title\" content=\"Voluntariat: no tot val - Fundaci\u00f3n Privada Nous Cims\" \/>\n<meta property=\"og:description\" content=\"\u00c9s primordial tenir en compte les repercussions de les accions planificades en contextos d&#039;alta vulnerabilitat, perqu\u00e8 aquestes accions poden tenir conseq\u00fc\u00e8ncies negatives inesperades.\" \/>\n<meta property=\"og:url\" content=\"https:\/\/www.nouscims.com\/ca\/actualitat\/voluntariat-no-tot-val\/\" \/>\n<meta property=\"og:site_name\" content=\"Fundaci\u00f3n Privada Nous Cims\" \/>\n<meta property=\"article:publisher\" content=\"https:\/\/www.facebook.com\/nouscims\" \/>\n<meta property=\"article:published_time\" content=\"2024-06-20T13:24:22+00:00\" \/>\n<meta property=\"article:modified_time\" content=\"2024-06-20T13:24:23+00:00\" \/>\n<meta property=\"og:image\" content=\"https:\/\/www.nouscims.com\/wp-content\/uploads\/2024\/06\/DSC04459-scaled.jpg\" \/>\n\t<meta property=\"og:image:width\" content=\"2560\" \/>\n\t<meta property=\"og:image:height\" content=\"1707\" \/>\n\t<meta property=\"og:image:type\" content=\"image\/jpeg\" \/>\n<meta name=\"author\" content=\"Nous Cims\" \/>\n<meta name=\"twitter:card\" content=\"summary_large_image\" \/>\n<meta name=\"twitter:creator\" content=\"@nouscims\" \/>\n<meta name=\"twitter:site\" content=\"@nouscims\" \/>\n<meta name=\"twitter:label1\" content=\"Escrit per\" \/>\n\t<meta name=\"twitter:data1\" content=\"Nous Cims\" \/>\n\t<meta name=\"twitter:label2\" content=\"Temps estimat de lectura\" \/>\n\t<meta name=\"twitter:data2\" content=\"6 minuts\" \/>\n<script type=\"application\/ld+json\" class=\"yoast-schema-graph\">{\"@context\":\"https:\\\/\\\/schema.org\",\"@graph\":[{\"@type\":\"Article\",\"@id\":\"https:\\\/\\\/www.nouscims.com\\\/ca\\\/actualitat\\\/voluntariat-no-tot-val\\\/#article\",\"isPartOf\":{\"@id\":\"https:\\\/\\\/www.nouscims.com\\\/ca\\\/actualitat\\\/voluntariat-no-tot-val\\\/\"},\"author\":{\"name\":\"Nous Cims\",\"@id\":\"https:\\\/\\\/www.nouscims.com\\\/ca\\\/#\\\/schema\\\/person\\\/c49be7fd7667a36f1b39c1c5a2becf99\"},\"headline\":\"Voluntariat: no tot val\",\"datePublished\":\"2024-06-20T13:24:22+00:00\",\"dateModified\":\"2024-06-20T13:24:23+00:00\",\"mainEntityOfPage\":{\"@id\":\"https:\\\/\\\/www.nouscims.com\\\/ca\\\/actualitat\\\/voluntariat-no-tot-val\\\/\"},\"wordCount\":1256,\"commentCount\":0,\"image\":{\"@id\":\"https:\\\/\\\/www.nouscims.com\\\/ca\\\/actualitat\\\/voluntariat-no-tot-val\\\/#primaryimage\"},\"thumbnailUrl\":\"https:\\\/\\\/www.nouscims.com\\\/wp-content\\\/uploads\\\/2024\\\/06\\\/DSC04459-scaled.jpg\",\"articleSection\":[\"Actualitat\"],\"inLanguage\":\"ca\",\"potentialAction\":[{\"@type\":\"CommentAction\",\"name\":\"Comment\",\"target\":[\"https:\\\/\\\/www.nouscims.com\\\/ca\\\/actualitat\\\/voluntariat-no-tot-val\\\/#respond\"]}]},{\"@type\":\"WebPage\",\"@id\":\"https:\\\/\\\/www.nouscims.com\\\/ca\\\/actualitat\\\/voluntariat-no-tot-val\\\/\",\"url\":\"https:\\\/\\\/www.nouscims.com\\\/ca\\\/actualitat\\\/voluntariat-no-tot-val\\\/\",\"name\":\"Voluntariat: no tot val - Fundaci\u00f3n Privada Nous Cims\",\"isPartOf\":{\"@id\":\"https:\\\/\\\/www.nouscims.com\\\/ca\\\/#website\"},\"primaryImageOfPage\":{\"@id\":\"https:\\\/\\\/www.nouscims.com\\\/ca\\\/actualitat\\\/voluntariat-no-tot-val\\\/#primaryimage\"},\"image\":{\"@id\":\"https:\\\/\\\/www.nouscims.com\\\/ca\\\/actualitat\\\/voluntariat-no-tot-val\\\/#primaryimage\"},\"thumbnailUrl\":\"https:\\\/\\\/www.nouscims.com\\\/wp-content\\\/uploads\\\/2024\\\/06\\\/DSC04459-scaled.jpg\",\"datePublished\":\"2024-06-20T13:24:22+00:00\",\"dateModified\":\"2024-06-20T13:24:23+00:00\",\"author\":{\"@id\":\"https:\\\/\\\/www.nouscims.com\\\/ca\\\/#\\\/schema\\\/person\\\/c49be7fd7667a36f1b39c1c5a2becf99\"},\"description\":\"\u00c9s primordial tenir en compte les repercussions de les accions planificades en contextos d'alta vulnerabilitat, perqu\u00e8 aquestes accions poden tenir conseq\u00fc\u00e8ncies negatives inesperades.\",\"breadcrumb\":{\"@id\":\"https:\\\/\\\/www.nouscims.com\\\/ca\\\/actualitat\\\/voluntariat-no-tot-val\\\/#breadcrumb\"},\"inLanguage\":\"ca\",\"potentialAction\":[{\"@type\":\"ReadAction\",\"target\":[\"https:\\\/\\\/www.nouscims.com\\\/ca\\\/actualitat\\\/voluntariat-no-tot-val\\\/\"]}]},{\"@type\":\"ImageObject\",\"inLanguage\":\"ca\",\"@id\":\"https:\\\/\\\/www.nouscims.com\\\/ca\\\/actualitat\\\/voluntariat-no-tot-val\\\/#primaryimage\",\"url\":\"https:\\\/\\\/www.nouscims.com\\\/wp-content\\\/uploads\\\/2024\\\/06\\\/DSC04459-scaled.jpg\",\"contentUrl\":\"https:\\\/\\\/www.nouscims.com\\\/wp-content\\\/uploads\\\/2024\\\/06\\\/DSC04459-scaled.jpg\",\"width\":2560,\"height\":1707},{\"@type\":\"BreadcrumbList\",\"@id\":\"https:\\\/\\\/www.nouscims.com\\\/ca\\\/actualitat\\\/voluntariat-no-tot-val\\\/#breadcrumb\",\"itemListElement\":[{\"@type\":\"ListItem\",\"position\":1,\"name\":\"Portada\",\"item\":\"https:\\\/\\\/www.nouscims.com\\\/ca\\\/\"},{\"@type\":\"ListItem\",\"position\":2,\"name\":\"Voluntariat: no tot val\"}]},{\"@type\":\"WebSite\",\"@id\":\"https:\\\/\\\/www.nouscims.com\\\/ca\\\/#website\",\"url\":\"https:\\\/\\\/www.nouscims.com\\\/ca\\\/\",\"name\":\"Fundaci\u00f3n Privada Nous Cims\",\"description\":\"Impulsamos y desarrollamos proyectos de innovaci\u00f3n social\",\"potentialAction\":[{\"@type\":\"SearchAction\",\"target\":{\"@type\":\"EntryPoint\",\"urlTemplate\":\"https:\\\/\\\/www.nouscims.com\\\/ca\\\/?s={search_term_string}\"},\"query-input\":{\"@type\":\"PropertyValueSpecification\",\"valueRequired\":true,\"valueName\":\"search_term_string\"}}],\"inLanguage\":\"ca\"},{\"@type\":\"Person\",\"@id\":\"https:\\\/\\\/www.nouscims.com\\\/ca\\\/#\\\/schema\\\/person\\\/c49be7fd7667a36f1b39c1c5a2becf99\",\"name\":\"Nous Cims\",\"image\":{\"@type\":\"ImageObject\",\"inLanguage\":\"ca\",\"@id\":\"https:\\\/\\\/secure.gravatar.com\\\/avatar\\\/1dd42f1cafb4dfa67ddb690263b49eb6dd0b847386b5e1ee729643a318a2de73?s=96&d=mm&r=g\",\"url\":\"https:\\\/\\\/secure.gravatar.com\\\/avatar\\\/1dd42f1cafb4dfa67ddb690263b49eb6dd0b847386b5e1ee729643a318a2de73?s=96&d=mm&r=g\",\"contentUrl\":\"https:\\\/\\\/secure.gravatar.com\\\/avatar\\\/1dd42f1cafb4dfa67ddb690263b49eb6dd0b847386b5e1ee729643a318a2de73?s=96&d=mm&r=g\",\"caption\":\"Nous Cims\"},\"url\":\"https:\\\/\\\/www.nouscims.com\\\/ca\\\/author\\\/edelcampo\\\/\"}]}<\/script>\n<!-- \/ Yoast SEO plugin. -->","yoast_head_json":{"title":"Voluntariat: no tot val - Fundaci\u00f3n Privada Nous Cims","description":"\u00c9s primordial tenir en compte les repercussions de les accions planificades en contextos d'alta vulnerabilitat, perqu\u00e8 aquestes accions poden tenir conseq\u00fc\u00e8ncies negatives inesperades.","robots":{"index":"index","follow":"follow","max-snippet":"max-snippet:-1","max-image-preview":"max-image-preview:large","max-video-preview":"max-video-preview:-1"},"canonical":"https:\/\/www.nouscims.com\/ca\/actualitat\/voluntariat-no-tot-val\/","og_locale":"ca_ES","og_type":"article","og_title":"Voluntariat: no tot val - Fundaci\u00f3n Privada Nous Cims","og_description":"\u00c9s primordial tenir en compte les repercussions de les accions planificades en contextos d'alta vulnerabilitat, perqu\u00e8 aquestes accions poden tenir conseq\u00fc\u00e8ncies negatives inesperades.","og_url":"https:\/\/www.nouscims.com\/ca\/actualitat\/voluntariat-no-tot-val\/","og_site_name":"Fundaci\u00f3n Privada Nous Cims","article_publisher":"https:\/\/www.facebook.com\/nouscims","article_published_time":"2024-06-20T13:24:22+00:00","article_modified_time":"2024-06-20T13:24:23+00:00","og_image":[{"width":2560,"height":1707,"url":"https:\/\/www.nouscims.com\/wp-content\/uploads\/2024\/06\/DSC04459-scaled.jpg","type":"image\/jpeg"}],"author":"Nous Cims","twitter_card":"summary_large_image","twitter_creator":"@nouscims","twitter_site":"@nouscims","twitter_misc":{"Escrit per":"Nous Cims","Temps estimat de lectura":"6 minuts"},"schema":{"@context":"https:\/\/schema.org","@graph":[{"@type":"Article","@id":"https:\/\/www.nouscims.com\/ca\/actualitat\/voluntariat-no-tot-val\/#article","isPartOf":{"@id":"https:\/\/www.nouscims.com\/ca\/actualitat\/voluntariat-no-tot-val\/"},"author":{"name":"Nous Cims","@id":"https:\/\/www.nouscims.com\/ca\/#\/schema\/person\/c49be7fd7667a36f1b39c1c5a2becf99"},"headline":"Voluntariat: no tot val","datePublished":"2024-06-20T13:24:22+00:00","dateModified":"2024-06-20T13:24:23+00:00","mainEntityOfPage":{"@id":"https:\/\/www.nouscims.com\/ca\/actualitat\/voluntariat-no-tot-val\/"},"wordCount":1256,"commentCount":0,"image":{"@id":"https:\/\/www.nouscims.com\/ca\/actualitat\/voluntariat-no-tot-val\/#primaryimage"},"thumbnailUrl":"https:\/\/www.nouscims.com\/wp-content\/uploads\/2024\/06\/DSC04459-scaled.jpg","articleSection":["Actualitat"],"inLanguage":"ca","potentialAction":[{"@type":"CommentAction","name":"Comment","target":["https:\/\/www.nouscims.com\/ca\/actualitat\/voluntariat-no-tot-val\/#respond"]}]},{"@type":"WebPage","@id":"https:\/\/www.nouscims.com\/ca\/actualitat\/voluntariat-no-tot-val\/","url":"https:\/\/www.nouscims.com\/ca\/actualitat\/voluntariat-no-tot-val\/","name":"Voluntariat: no tot val - Fundaci\u00f3n Privada Nous Cims","isPartOf":{"@id":"https:\/\/www.nouscims.com\/ca\/#website"},"primaryImageOfPage":{"@id":"https:\/\/www.nouscims.com\/ca\/actualitat\/voluntariat-no-tot-val\/#primaryimage"},"image":{"@id":"https:\/\/www.nouscims.com\/ca\/actualitat\/voluntariat-no-tot-val\/#primaryimage"},"thumbnailUrl":"https:\/\/www.nouscims.com\/wp-content\/uploads\/2024\/06\/DSC04459-scaled.jpg","datePublished":"2024-06-20T13:24:22+00:00","dateModified":"2024-06-20T13:24:23+00:00","author":{"@id":"https:\/\/www.nouscims.com\/ca\/#\/schema\/person\/c49be7fd7667a36f1b39c1c5a2becf99"},"description":"\u00c9s primordial tenir en compte les repercussions de les accions planificades en contextos d'alta vulnerabilitat, perqu\u00e8 aquestes accions poden tenir conseq\u00fc\u00e8ncies negatives inesperades.","breadcrumb":{"@id":"https:\/\/www.nouscims.com\/ca\/actualitat\/voluntariat-no-tot-val\/#breadcrumb"},"inLanguage":"ca","potentialAction":[{"@type":"ReadAction","target":["https:\/\/www.nouscims.com\/ca\/actualitat\/voluntariat-no-tot-val\/"]}]},{"@type":"ImageObject","inLanguage":"ca","@id":"https:\/\/www.nouscims.com\/ca\/actualitat\/voluntariat-no-tot-val\/#primaryimage","url":"https:\/\/www.nouscims.com\/wp-content\/uploads\/2024\/06\/DSC04459-scaled.jpg","contentUrl":"https:\/\/www.nouscims.com\/wp-content\/uploads\/2024\/06\/DSC04459-scaled.jpg","width":2560,"height":1707},{"@type":"BreadcrumbList","@id":"https:\/\/www.nouscims.com\/ca\/actualitat\/voluntariat-no-tot-val\/#breadcrumb","itemListElement":[{"@type":"ListItem","position":1,"name":"Portada","item":"https:\/\/www.nouscims.com\/ca\/"},{"@type":"ListItem","position":2,"name":"Voluntariat: no tot val"}]},{"@type":"WebSite","@id":"https:\/\/www.nouscims.com\/ca\/#website","url":"https:\/\/www.nouscims.com\/ca\/","name":"Fundaci\u00f3n Privada Nous Cims","description":"Impulsamos y desarrollamos proyectos de innovaci\u00f3n social","potentialAction":[{"@type":"SearchAction","target":{"@type":"EntryPoint","urlTemplate":"https:\/\/www.nouscims.com\/ca\/?s={search_term_string}"},"query-input":{"@type":"PropertyValueSpecification","valueRequired":true,"valueName":"search_term_string"}}],"inLanguage":"ca"},{"@type":"Person","@id":"https:\/\/www.nouscims.com\/ca\/#\/schema\/person\/c49be7fd7667a36f1b39c1c5a2becf99","name":"Nous Cims","image":{"@type":"ImageObject","inLanguage":"ca","@id":"https:\/\/secure.gravatar.com\/avatar\/1dd42f1cafb4dfa67ddb690263b49eb6dd0b847386b5e1ee729643a318a2de73?s=96&d=mm&r=g","url":"https:\/\/secure.gravatar.com\/avatar\/1dd42f1cafb4dfa67ddb690263b49eb6dd0b847386b5e1ee729643a318a2de73?s=96&d=mm&r=g","contentUrl":"https:\/\/secure.gravatar.com\/avatar\/1dd42f1cafb4dfa67ddb690263b49eb6dd0b847386b5e1ee729643a318a2de73?s=96&d=mm&r=g","caption":"Nous Cims"},"url":"https:\/\/www.nouscims.com\/ca\/author\/edelcampo\/"}]}},"_links":{"self":[{"href":"https:\/\/www.nouscims.com\/ca\/wp-json\/wp\/v2\/posts\/9565","targetHints":{"allow":["GET"]}}],"collection":[{"href":"https:\/\/www.nouscims.com\/ca\/wp-json\/wp\/v2\/posts"}],"about":[{"href":"https:\/\/www.nouscims.com\/ca\/wp-json\/wp\/v2\/types\/post"}],"author":[{"embeddable":true,"href":"https:\/\/www.nouscims.com\/ca\/wp-json\/wp\/v2\/users\/2"}],"replies":[{"embeddable":true,"href":"https:\/\/www.nouscims.com\/ca\/wp-json\/wp\/v2\/comments?post=9565"}],"version-history":[{"count":7,"href":"https:\/\/www.nouscims.com\/ca\/wp-json\/wp\/v2\/posts\/9565\/revisions"}],"predecessor-version":[{"id":9582,"href":"https:\/\/www.nouscims.com\/ca\/wp-json\/wp\/v2\/posts\/9565\/revisions\/9582"}],"wp:featuredmedia":[{"embeddable":true,"href":"https:\/\/www.nouscims.com\/ca\/wp-json\/wp\/v2\/media\/9550"}],"wp:attachment":[{"href":"https:\/\/www.nouscims.com\/ca\/wp-json\/wp\/v2\/media?parent=9565"}],"wp:term":[{"taxonomy":"category","embeddable":true,"href":"https:\/\/www.nouscims.com\/ca\/wp-json\/wp\/v2\/categories?post=9565"},{"taxonomy":"post_tag","embeddable":true,"href":"https:\/\/www.nouscims.com\/ca\/wp-json\/wp\/v2\/tags?post=9565"}],"curies":[{"name":"wp","href":"https:\/\/api.w.org\/{rel}","templated":true}]}}