{"id":9512,"date":"2024-06-19T09:22:53","date_gmt":"2024-06-19T07:22:53","guid":{"rendered":"https:\/\/www.nouscims.com\/?p=9512"},"modified":"2024-06-19T09:22:54","modified_gmt":"2024-06-19T07:22:54","slug":"cap-a-una-comunicacio-digital-mes-justa-i-inclusiva-la-importancia-de-la-perspectiva-de-genere","status":"publish","type":"post","link":"https:\/\/www.nouscims.com\/ca\/actualitat\/cap-a-una-comunicacio-digital-mes-justa-i-inclusiva-la-importancia-de-la-perspectiva-de-genere\/","title":{"rendered":"Cap a una comunicaci\u00f3 digital m\u00e9s justa i inclusiva: La import\u00e0ncia de la perspectiva de g\u00e8nere"},"content":{"rendered":"<div class=\"wpb-content-wrapper\"><p>[vc_row][vc_column width=&#8221;1\/2&#8243;][vc_column_text uncode_shortcode_id=&#8221;548287&#8243;]<\/p>\n<h4><strong><span style=\"color: #f64943\">CAP A UNA COMUNICACI\u00d3 DIGITAL M\u00c9S JUSTA I INCLUSIVA: LA IMPORT\u00c0NCIA DE LA PERSPECTIVA DE G\u00c8NERE<\/span><\/strong><\/h4>\n<h4><strong><span style=\"color: #f64943\">Entrevista a Marta Macias Quesada, experta a incorporar la perspectiva de g\u00e8nere en pol\u00edtiques p\u00fabliques.<\/span><\/strong><\/h4>\n<p><em><strong><span style=\"color: #f64943\">Sara Ferrer Pascual, t\u00e8cnica de comunicaci\u00f3 i m\u00e0rqueting.<\/span><\/strong><\/em><\/p>\n<p><span style=\"color: #000000\">La <strong>perspectiva de g\u00e8nere<\/strong> ens permet observar com el g\u00e8nere influeix en diferents \u00e0mbits de la societat i entendre les oportunitats i expectatives que assigna. Tenir en compte la perspectiva de g\u00e8nere ens permet construir una societat m\u00e9s igualit\u00e0ria i inclusiva per a totes les persones.<\/span>[\/vc_column_text][\/vc_column][vc_column width=&#8221;1\/2&#8243;][vc_single_image media=&#8221;9525&#8243; media_width_percent=&#8221;100&#8243; uncode_shortcode_id=&#8221;192701&#8243;][\/vc_column][\/vc_row][vc_row][vc_column width=&#8221;1\/1&#8243;][vc_column_text uncode_shortcode_id=&#8221;118419&#8243;]<span style=\"color: #000000\">En la societat actual, globalitzada i interconnectada a trav\u00e9s d&#8217;infinitat de canals, han cobrat especial rellev\u00e0ncia les <strong>xarxes socials<\/strong> a trav\u00e9s de les quals actualment es canalitzen multitud de discursos. Les utilitzem constantment, ja sigui com a canal d&#8217;entreteniment, per a informar-nos de les not\u00edcies d&#8217;actualitat, per connectar amb gent, per a comprar articles\u2026 I cada cop que ho fem ens arriben missatges directes o indirectes, ja sigui en forma de v\u00eddeo, de text o d&#8217;imatge que creguem nosaltres o altres persones.<\/span><\/p>\n<p><span style=\"color: #000000\">La comunicaci\u00f3 i el llenguatge s\u00f3n una eina molt efectiva per a l&#8217;<strong>avan\u00e7 en la construcci\u00f3 de la igualtat<\/strong>. Les xarxes socials s\u00f3n espais que utilitzem dia a dia i que coneixem. Si comencem a veure tot el contingut que generem o consumim a trav\u00e9s de <strong>la lent de la perspectiva de g\u00e8nere<\/strong>, aquesta an\u00e0lisi s&#8217;anir\u00e0 tornant un gest cada vegada m\u00e9s espontani.<\/span><\/p>\n<p><span style=\"color: #000000\">Aquest article pret\u00e9n fer una reflexi\u00f3 sobre com influeixen les xarxes socials en la construcci\u00f3 social de la perspectiva de g\u00e8nere, quin \u00e9s el context actual i quin rol tenim. I convidar a pensar sobre la necessitat d&#8217;incorporar en totes les nostres comunicacions la perspectiva de g\u00e8nere com un factor imprescindible per a arribar a aconseguir una transformaci\u00f3 sociocultural igualit\u00e0ria en drets i oportunitats. Per a aix\u00f2 comptarem tamb\u00e9 amb l&#8217;experi\u00e8ncia de <a href=\"https:\/\/www.linkedin.com\/in\/marta-macias-quesada-850b5b2b?miniProfileUrn=urn%3Ali%3Afs_miniProfile%3AACoAAAZmV_wBLmPveB8jaRplt_4qtOYoo8_olUU&amp;lipi=urn%3Ali%3Apage%3Ad_flagship3_search_srp_all%3B7GAXOYJ0SryeEuFaHMn2pw%3D%3D\">Marta Macias Quesada<\/a>, d&#8217;ara endavant M.M., experta en g\u00e8nere amb una llarga experi\u00e8ncia professional i impulsora, entre altres coses, de l&#8217;enfocament de g\u00e8nere i basat en els drets humans en la Cooperaci\u00f3 P\u00fablica Catalana.<\/span><\/p>\n<h4><span style=\"color: #000000\">La import\u00e0ncia d&#8217;aplicar la perspectiva de g\u00e8nere en els nostres continguts<\/span><\/h4>\n<p><span style=\"color: #000000\">\u201cLa comunicaci\u00f3 permet construir una societat i com ens comuniquem projecta com es va generant la pr\u00f2pia societat. La comunicaci\u00f3 no \u00e9s un mirall, realment pot transformar una societat\u201d (M.M.)<\/span><\/p>\n<p><span style=\"color: #000000\">La comunicaci\u00f3 digital cada cop \u00e9s m\u00e9s important tant per a una organitzaci\u00f3, per a una marca o per a un usuari. S&#8217;ha convertit en una preocupaci\u00f3 i necessitat real per a tots aquests actors i est\u00e0 connectada intr\u00ednsecament amb una coneguda compet\u00e8ncia per l&#8217;atenci\u00f3, cada vegada m\u00e9s complicada d&#8217;obtenir per l&#8217;exc\u00e9s de missatges que s&#8217;envien constantment i, per tant, molt valuosa.<\/span><\/p>\n<p><span style=\"color: #000000\">Marta Mac\u00edas emfatitza la <strong>import\u00e0ncia del contingut<\/strong> en tota comunicaci\u00f3, destacant la seva rellev\u00e0ncia fins i tot per sobre del llenguatge, considerat ja com un punt de partida imprescindible. Segons M.M, \u00e9s fonamental visibilitzar les situacions de manera realista, espec\u00edficament ressaltant les difer\u00e8ncies entre homes i dones. Per a ella, negar aquestes difer\u00e8ncies relega a les dones a una posici\u00f3 de segona categoria en la societat. Si b\u00e9 reconeix la import\u00e0ncia del llenguatge, Mac\u00edas subratlla que \u00e9s encara m\u00e9s crucial atorgar veu a les dones. Per a ella, els rols i els estereotips de g\u00e8nere s\u00f3n, en gran part, els responsables de perpetuar les difer\u00e8ncies.<\/span><\/p>\n<p><span style=\"color: #000000\">\u201cEl canvi en la comunicaci\u00f3 ha de ser en el contingut. Quan adoptem una perspectiva de g\u00e8nere, d&#8217;inclusivitat i diversitat en les nostres comunicacions, podem apreciar com la societat est\u00e0 composta per individus diversos amb necessitats variades.\u201d (M.M.)<\/span><\/p>\n<h4><span style=\"color: #000000\">Oportunitats i desafiaments: com les xarxes socials influeixen en la construcci\u00f3 social de la perspectiva de g\u00e8nere<\/span><\/h4>\n<p><span style=\"color: #000000\">Les xarxes socials en l&#8217;actualitat funcionen com un canalitzador de multitud de discursos. El que es mostra, el que no es mostra, el que t\u00e9 m\u00e9s likes, el que es comparteix m\u00e9s\u2026 influeix en una certa manera en el que considerem que \u00e9s el \u201cnormal\u201d i que \u00e9s el \u201csocialment acceptat\u201d. El que no es nomena pot acabar quedant invisibilitzat i el que no es nomena correctament dona peu a l&#8217;estigma i a la discriminaci\u00f3.<\/span><\/p>\n<p><span style=\"color: #000000\">Les xarxes socials ofereixen un espai de creativitat per a fer arribar missatges sobre diferents temes en gran varietat de formats. \u00c9s un mitj\u00e0 que canalitza multitud de missatges i han accelerat molt el proc\u00e9s de propagaci\u00f3 i consolidaci\u00f3 de discursos. Els mitjans m\u00e9s tradicionals en termes generals, hist\u00f2ricament, han dif\u00f3s m\u00e9s les narratives hegem\u00f2niques, ja que formen part de grans grups de comunicaci\u00f3 en mans d&#8217;uns pocs. Pel que les xarxes socials es converteixen en una finestra d&#8217;oportunitat per als discursos dissidents: tothom pot dir el que cregui convenient. Les xarxes socials han perm\u00e8s, per tant, crear alternatives als discursos dominants.<\/span><\/p>\n<p><span style=\"color: #000000\">\u201cLes xarxes socials tenen el potencial de convertir-se en un vehicle per a la construcci\u00f3 i promoci\u00f3 de l&#8217;espai p\u00fablic per a les dones. A m\u00e9s, permeten visibilitzar la import\u00e0ncia de l&#8217;espai privat, com la maternitat, la cura de familiars, el treball dom\u00e8stic, entre altres aspectes fonamentals de la vida quotidiana.\u201d. (M.M)<\/span><\/p>\n<p><span style=\"color: #000000\">No obstant aix\u00f2, les xarxes socials tamb\u00e9 tenen una doble cara. En aquestes plataformes digitals, uns certs discursos es propaguen i es reforcen a trav\u00e9s de grups i p\u00e0gines que promouen creences que van en contra de la transformaci\u00f3 social. S\u00f3n canals perfectes per a difondre missatges contraris als discursos m\u00e9s progressistes. \u201cLes xarxes socials s\u00f3n una eina que tamb\u00e9 el patriarcat pot utilitzar, per\u00f2 igualment, crec que afavoreixen molt al moviment feminista. El m\u00f3n \u00e9s molt desigual, per\u00f2 la quarta ona del feminisme arriba amb les xarxes socials, ens han donat l&#8217;oportunitat a les feministes de comunicar-nos, un canal sobre el qual podem manar realment sobre el que publiquem i en el qual podem criticar missatges androc\u00e8ntrics, masclistes. I un canal en qu\u00e8 han nascut moviments com el Me Too.\u201d (M.M)<\/span><\/p>\n<p><span style=\"color: #000000\">Per\u00f2 al final les xarxes socials s\u00f3n un mitj\u00e0 de comunicaci\u00f3 m\u00e9s i com comenta Macias: \u201ccal tenir mirada cr\u00edtica cap a tots els mitjans de comunicaci\u00f3 perqu\u00e8 tenen una ideologia i tenen una mirada pol\u00edtica.\u201d<\/span><\/p>\n<p><span style=\"color: #000000\">Tamb\u00e9 Marta Macias reflexiona sobre una caracter\u00edstica de les xarxes socials que pot fer m\u00e9s dif\u00edcil construir un discurs des de la perspectiva de g\u00e8nere i \u00e9s \u201cla rapidesa\u201d, entesa des de com consumim els continguts, com passem de l&#8217;un a l&#8217;altre r\u00e0pidament i com llegim en diagonal, la qual cosa pot dificultar en gran manera fer arribar un missatge amb profunditat.<\/span><\/p>\n<h4><span style=\"color: #000000\">La interseccionalitat com a factor a tenir en compte en la creaci\u00f3 de continguts i el rol de les organitzacions socials<\/span><\/h4>\n<p><span style=\"color: #000000\">Per a tenir en compte els continguts des d&#8217;una mirada de g\u00e8nere completa tamb\u00e9 caldr\u00e0 q\u00fcestionar-los des de tots els eixos de la identitat de g\u00e8nere i fer-nos preguntes. De quines dones estem parlant? De quina edat, de quina classe, de quin pa\u00eds, de quina cultura\u2026? \u201c\u00c9s un exercici important que cal fer, entendre que la perspectiva de g\u00e8nere \u00e9s interseccional, que es mostrin dones que siguin diverses, perqu\u00e8 ho s\u00f3n, deixar de mostrar a la tradicional dona blanca, rossa, jove\u2026 Les dones lesbianes tamb\u00e9 es mostren diferents que els homes gais\u2026 i aix\u00ed un llarg etc\u00e8tera.<strong> Igualtat \u00e9s tenir en compte les necessitats diferents<\/strong>.\u201d (M.M.)<\/span><\/p>\n<p><span style=\"color: #000000\">En la interseccionalitat cal esmentar el paper de les organitzacions socials, que s\u00f3n vistes per la poblaci\u00f3 amb un rol pedag\u00f2gic, i encara que per si soles no poden transformar el discurs social, poden promoure la reflexi\u00f3 i \u00e9sser un canal per a la transformaci\u00f3 social. \u201cAra estan treballant molt i volent treballar des d&#8217;una perspectiva de g\u00e8nere, el problema \u00e9s que durant molts anys no s&#8217;ha fet.\u201d (M.M.)<\/span><\/p>\n<p><span style=\"color: #000000\">Hi ha moltes d&#8217;aquestes organitzacions socials que treballen en altres pa\u00efsos en cooperaci\u00f3 per al desenvolupament i ser\u00e0 important cuidar la imatge que es mostra, al final, la perspectiva de g\u00e8nere tamb\u00e9 ens diu com lluitar contra el racisme. I quan parlem de pobresa \u00e9s obvi que la pobresa femenina \u00e9s diferent, est\u00e0 la pobresa menstrual, la directament relacionada amb la viol\u00e8ncia, l&#8217;econ\u00f2mica\u2026<\/span><\/p>\n<h4><span style=\"color: #000000\">El rol de les empreses, les marques i els creadors de contingut<\/span><\/h4>\n<p><span style=\"color: #000000\">Moltes empreses i marques tenen actualment gran capacitat de difusi\u00f3, de poder arribar a molts usuaris, ja que compten amb m\u00e9s recursos que un usuari particular per a fer-lo. I cal tenir especialment consideraci\u00f3 als influencers que, a m\u00e9s de capacitat de difusi\u00f3, compten amb la confian\u00e7a atorgada pels seus seguidors.<\/span><\/p>\n<p><span style=\"color: #000000\">\u201cCada cop s\u00f3n m\u00e9s les empreses amb plans d&#8217;igualtat, s&#8217;ha fet molta feina. I molt dels \u00e0mbits d&#8217;aquests plans d&#8217;igualtat s\u00f3n la comunicaci\u00f3.\u201d (M.M.) Al final la comunicaci\u00f3 impregna totes les seves activitats, per exemple, als qui donen veu en els seus v\u00eddeos corporatius, la dona t\u00e9 un paper secundari al voltant de l&#8217;home?, o t\u00e9 un paper tamb\u00e9 protagonista?<\/span><\/p>\n<p><span style=\"color: #000000\">I si entrem en la part publicit\u00e0ria, que a m\u00e9s actualment t\u00e9 bastant pes i protagonisme en les xarxes socials, tamb\u00e9 \u00e9s important perqu\u00e8 es mostra a molt\u00edssims m\u00e9s usuaris i partim d&#8217;una publicitat que hist\u00f2ricament ha estat molt mis\u00f2gina. \u201cCert \u00e9s que no \u00e9s f\u00e0cil trencar amb segles on la dona ha tingut nom\u00e9s uns certs rols. Durant anys les dones nom\u00e9s han servit per a criar i cuidar. Aquest cam\u00ed no \u00e9s f\u00e0cil, de sobte hem dit, no, no, servim per a tot, puc parlar-te d&#8217;economia, de trens, de cultura\u2026\u201d (M.M.). Rols que han anat donant-se la volta i que a vegades les marques mostren d&#8217;una manera sobre la qual caldria tenir una mirada cr\u00edtica, per exemple, la cuina, \u201cun rol associat a la dona, el qual durant segles no se li ha donat import\u00e0ncia, per\u00f2 ara els xefs homes s\u00f3n incre\u00efbles.\u201d (M.M)<\/span><\/p>\n<p><span style=\"color: #000000\">\u00c9s per aix\u00f2 que crec rellevant destacar el rol de marques, empreses i creadors de contingut que compten amb un paper rellevant que pot ajudar a accelerar el cam\u00ed per a trencar el sistema patriarcal.<\/span><\/p>\n<h4><span style=\"color: #000000\">Reflexions finals<\/span><\/h4>\n<p><span style=\"color: #000000\">Les xarxes socials no s\u00f3n nom\u00e9s un reflex de la societat en la qual estan immerses, sin\u00f3 que tamb\u00e9 poden ser origen de desigualtats. Les xarxes socials tenen el potencial d&#8217;accelerar el canvi cap a la igualtat de g\u00e8nere, per\u00f2 tamb\u00e9 poden mantenir i perpetuar estructures patriarcals. \u00c9s important recon\u00e8ixer que el feminisme ha guanyat terreny i est\u00e0 transformant la cultura, per\u00f2 el desafiament d&#8217;aconseguir una veritable igualtat de g\u00e8nere persisteix. En aquest proc\u00e9s, \u00e9s essencial fomentar un pensament cr\u00edtic i una ciutadania conscient que pugui discernir entre els discursos i contribuir activament al canvi social.<\/span>[\/vc_column_text][\/vc_column][\/vc_row]<\/p>\n<\/div>","protected":false},"excerpt":{"rendered":"<p> CAP A UNA COMUNICACI\u00d3 DIGITAL M\u00c9S JUSTA I INCLUSIVA: LA IMPORT\u00c0NCIA DE LA PERSPECTIVA DE G\u00c8NERE Entrevista [&hellip;]<\/p>\n","protected":false},"author":2,"featured_media":9522,"comment_status":"open","ping_status":"open","sticky":false,"template":"","format":"standard","meta":{"footnotes":""},"categories":[2],"tags":[],"class_list":["post-9512","post","type-post","status-publish","format-standard","has-post-thumbnail","hentry","category-actualitat"],"yoast_head":"<!-- This site is optimized with the Yoast SEO plugin v27.4 - https:\/\/yoast.com\/product\/yoast-seo-wordpress\/ -->\n<title>Cap a una comunicaci\u00f3 digital m\u00e9s justa i inclusiva: La import\u00e0ncia de la perspectiva de g\u00e8nere - Fundaci\u00f3n Privada Nous Cims<\/title>\n<meta name=\"description\" content=\"La perspectiva de g\u00e8nere ens permet observar com el g\u00e8nere influeix en diferents \u00e0mbits de la societat i entendre les oportunitats i expectatives que assigna.\" \/>\n<meta name=\"robots\" content=\"index, follow, max-snippet:-1, max-image-preview:large, max-video-preview:-1\" \/>\n<link rel=\"canonical\" href=\"https:\/\/www.nouscims.com\/ca\/actualitat\/cap-a-una-comunicacio-digital-mes-justa-i-inclusiva-la-importancia-de-la-perspectiva-de-genere\/\" \/>\n<meta property=\"og:locale\" content=\"ca_ES\" \/>\n<meta property=\"og:type\" content=\"article\" \/>\n<meta property=\"og:title\" content=\"Cap a una comunicaci\u00f3 digital m\u00e9s justa i inclusiva: La import\u00e0ncia de la perspectiva de g\u00e8nere - Fundaci\u00f3n Privada Nous Cims\" \/>\n<meta property=\"og:description\" content=\"La perspectiva de g\u00e8nere ens permet observar com el g\u00e8nere influeix en diferents \u00e0mbits de la societat i entendre les oportunitats i expectatives que assigna.\" \/>\n<meta property=\"og:url\" content=\"https:\/\/www.nouscims.com\/ca\/actualitat\/cap-a-una-comunicacio-digital-mes-justa-i-inclusiva-la-importancia-de-la-perspectiva-de-genere\/\" \/>\n<meta property=\"og:site_name\" content=\"Fundaci\u00f3n Privada Nous Cims\" \/>\n<meta property=\"article:publisher\" content=\"https:\/\/www.facebook.com\/nouscims\" \/>\n<meta property=\"article:published_time\" content=\"2024-06-19T07:22:53+00:00\" \/>\n<meta property=\"article:modified_time\" content=\"2024-06-19T07:22:54+00:00\" \/>\n<meta property=\"og:image\" content=\"https:\/\/www.nouscims.com\/wp-content\/uploads\/2024\/06\/posteando-imagen-principal-1024x683.jpg\" \/>\n\t<meta property=\"og:image:width\" content=\"1024\" \/>\n\t<meta property=\"og:image:height\" content=\"683\" \/>\n\t<meta property=\"og:image:type\" content=\"image\/jpeg\" \/>\n<meta name=\"author\" content=\"Nous Cims\" \/>\n<meta name=\"twitter:card\" content=\"summary_large_image\" \/>\n<meta name=\"twitter:creator\" content=\"@nouscims\" \/>\n<meta name=\"twitter:site\" content=\"@nouscims\" \/>\n<meta name=\"twitter:label1\" content=\"Escrit per\" \/>\n\t<meta name=\"twitter:data1\" content=\"Nous Cims\" \/>\n\t<meta name=\"twitter:label2\" content=\"Temps estimat de lectura\" \/>\n\t<meta name=\"twitter:data2\" content=\"8 minuts\" \/>\n<script type=\"application\/ld+json\" class=\"yoast-schema-graph\">{\"@context\":\"https:\\\/\\\/schema.org\",\"@graph\":[{\"@type\":\"Article\",\"@id\":\"https:\\\/\\\/www.nouscims.com\\\/ca\\\/actualitat\\\/cap-a-una-comunicacio-digital-mes-justa-i-inclusiva-la-importancia-de-la-perspectiva-de-genere\\\/#article\",\"isPartOf\":{\"@id\":\"https:\\\/\\\/www.nouscims.com\\\/ca\\\/actualitat\\\/cap-a-una-comunicacio-digital-mes-justa-i-inclusiva-la-importancia-de-la-perspectiva-de-genere\\\/\"},\"author\":{\"name\":\"Nous Cims\",\"@id\":\"https:\\\/\\\/www.nouscims.com\\\/ca\\\/#\\\/schema\\\/person\\\/c49be7fd7667a36f1b39c1c5a2becf99\"},\"headline\":\"Cap a una comunicaci\u00f3 digital m\u00e9s justa i inclusiva: La import\u00e0ncia de la perspectiva de g\u00e8nere\",\"datePublished\":\"2024-06-19T07:22:53+00:00\",\"dateModified\":\"2024-06-19T07:22:54+00:00\",\"mainEntityOfPage\":{\"@id\":\"https:\\\/\\\/www.nouscims.com\\\/ca\\\/actualitat\\\/cap-a-una-comunicacio-digital-mes-justa-i-inclusiva-la-importancia-de-la-perspectiva-de-genere\\\/\"},\"wordCount\":1966,\"commentCount\":0,\"image\":{\"@id\":\"https:\\\/\\\/www.nouscims.com\\\/ca\\\/actualitat\\\/cap-a-una-comunicacio-digital-mes-justa-i-inclusiva-la-importancia-de-la-perspectiva-de-genere\\\/#primaryimage\"},\"thumbnailUrl\":\"https:\\\/\\\/www.nouscims.com\\\/wp-content\\\/uploads\\\/2024\\\/06\\\/posteando-imagen-principal.jpg\",\"articleSection\":[\"Actualitat\"],\"inLanguage\":\"ca\",\"potentialAction\":[{\"@type\":\"CommentAction\",\"name\":\"Comment\",\"target\":[\"https:\\\/\\\/www.nouscims.com\\\/ca\\\/actualitat\\\/cap-a-una-comunicacio-digital-mes-justa-i-inclusiva-la-importancia-de-la-perspectiva-de-genere\\\/#respond\"]}]},{\"@type\":\"WebPage\",\"@id\":\"https:\\\/\\\/www.nouscims.com\\\/ca\\\/actualitat\\\/cap-a-una-comunicacio-digital-mes-justa-i-inclusiva-la-importancia-de-la-perspectiva-de-genere\\\/\",\"url\":\"https:\\\/\\\/www.nouscims.com\\\/ca\\\/actualitat\\\/cap-a-una-comunicacio-digital-mes-justa-i-inclusiva-la-importancia-de-la-perspectiva-de-genere\\\/\",\"name\":\"Cap a una comunicaci\u00f3 digital m\u00e9s justa i inclusiva: La import\u00e0ncia de la perspectiva de g\u00e8nere - Fundaci\u00f3n Privada Nous Cims\",\"isPartOf\":{\"@id\":\"https:\\\/\\\/www.nouscims.com\\\/ca\\\/#website\"},\"primaryImageOfPage\":{\"@id\":\"https:\\\/\\\/www.nouscims.com\\\/ca\\\/actualitat\\\/cap-a-una-comunicacio-digital-mes-justa-i-inclusiva-la-importancia-de-la-perspectiva-de-genere\\\/#primaryimage\"},\"image\":{\"@id\":\"https:\\\/\\\/www.nouscims.com\\\/ca\\\/actualitat\\\/cap-a-una-comunicacio-digital-mes-justa-i-inclusiva-la-importancia-de-la-perspectiva-de-genere\\\/#primaryimage\"},\"thumbnailUrl\":\"https:\\\/\\\/www.nouscims.com\\\/wp-content\\\/uploads\\\/2024\\\/06\\\/posteando-imagen-principal.jpg\",\"datePublished\":\"2024-06-19T07:22:53+00:00\",\"dateModified\":\"2024-06-19T07:22:54+00:00\",\"author\":{\"@id\":\"https:\\\/\\\/www.nouscims.com\\\/ca\\\/#\\\/schema\\\/person\\\/c49be7fd7667a36f1b39c1c5a2becf99\"},\"description\":\"La perspectiva de g\u00e8nere ens permet observar com el g\u00e8nere influeix en diferents \u00e0mbits de la societat i entendre les oportunitats i expectatives que assigna.\",\"breadcrumb\":{\"@id\":\"https:\\\/\\\/www.nouscims.com\\\/ca\\\/actualitat\\\/cap-a-una-comunicacio-digital-mes-justa-i-inclusiva-la-importancia-de-la-perspectiva-de-genere\\\/#breadcrumb\"},\"inLanguage\":\"ca\",\"potentialAction\":[{\"@type\":\"ReadAction\",\"target\":[\"https:\\\/\\\/www.nouscims.com\\\/ca\\\/actualitat\\\/cap-a-una-comunicacio-digital-mes-justa-i-inclusiva-la-importancia-de-la-perspectiva-de-genere\\\/\"]}]},{\"@type\":\"ImageObject\",\"inLanguage\":\"ca\",\"@id\":\"https:\\\/\\\/www.nouscims.com\\\/ca\\\/actualitat\\\/cap-a-una-comunicacio-digital-mes-justa-i-inclusiva-la-importancia-de-la-perspectiva-de-genere\\\/#primaryimage\",\"url\":\"https:\\\/\\\/www.nouscims.com\\\/wp-content\\\/uploads\\\/2024\\\/06\\\/posteando-imagen-principal.jpg\",\"contentUrl\":\"https:\\\/\\\/www.nouscims.com\\\/wp-content\\\/uploads\\\/2024\\\/06\\\/posteando-imagen-principal.jpg\",\"width\":7900,\"height\":5267},{\"@type\":\"BreadcrumbList\",\"@id\":\"https:\\\/\\\/www.nouscims.com\\\/ca\\\/actualitat\\\/cap-a-una-comunicacio-digital-mes-justa-i-inclusiva-la-importancia-de-la-perspectiva-de-genere\\\/#breadcrumb\",\"itemListElement\":[{\"@type\":\"ListItem\",\"position\":1,\"name\":\"Portada\",\"item\":\"https:\\\/\\\/www.nouscims.com\\\/ca\\\/\"},{\"@type\":\"ListItem\",\"position\":2,\"name\":\"Cap a una comunicaci\u00f3 digital m\u00e9s justa i inclusiva: La import\u00e0ncia de la perspectiva de g\u00e8nere\"}]},{\"@type\":\"WebSite\",\"@id\":\"https:\\\/\\\/www.nouscims.com\\\/ca\\\/#website\",\"url\":\"https:\\\/\\\/www.nouscims.com\\\/ca\\\/\",\"name\":\"Fundaci\u00f3n Privada Nous Cims\",\"description\":\"Impulsamos y desarrollamos proyectos de innovaci\u00f3n social\",\"potentialAction\":[{\"@type\":\"SearchAction\",\"target\":{\"@type\":\"EntryPoint\",\"urlTemplate\":\"https:\\\/\\\/www.nouscims.com\\\/ca\\\/?s={search_term_string}\"},\"query-input\":{\"@type\":\"PropertyValueSpecification\",\"valueRequired\":true,\"valueName\":\"search_term_string\"}}],\"inLanguage\":\"ca\"},{\"@type\":\"Person\",\"@id\":\"https:\\\/\\\/www.nouscims.com\\\/ca\\\/#\\\/schema\\\/person\\\/c49be7fd7667a36f1b39c1c5a2becf99\",\"name\":\"Nous Cims\",\"image\":{\"@type\":\"ImageObject\",\"inLanguage\":\"ca\",\"@id\":\"https:\\\/\\\/secure.gravatar.com\\\/avatar\\\/1dd42f1cafb4dfa67ddb690263b49eb6dd0b847386b5e1ee729643a318a2de73?s=96&d=mm&r=g\",\"url\":\"https:\\\/\\\/secure.gravatar.com\\\/avatar\\\/1dd42f1cafb4dfa67ddb690263b49eb6dd0b847386b5e1ee729643a318a2de73?s=96&d=mm&r=g\",\"contentUrl\":\"https:\\\/\\\/secure.gravatar.com\\\/avatar\\\/1dd42f1cafb4dfa67ddb690263b49eb6dd0b847386b5e1ee729643a318a2de73?s=96&d=mm&r=g\",\"caption\":\"Nous Cims\"},\"url\":\"https:\\\/\\\/www.nouscims.com\\\/ca\\\/author\\\/edelcampo\\\/\"}]}<\/script>\n<!-- \/ Yoast SEO plugin. -->","yoast_head_json":{"title":"Cap a una comunicaci\u00f3 digital m\u00e9s justa i inclusiva: La import\u00e0ncia de la perspectiva de g\u00e8nere - Fundaci\u00f3n Privada Nous Cims","description":"La perspectiva de g\u00e8nere ens permet observar com el g\u00e8nere influeix en diferents \u00e0mbits de la societat i entendre les oportunitats i expectatives que assigna.","robots":{"index":"index","follow":"follow","max-snippet":"max-snippet:-1","max-image-preview":"max-image-preview:large","max-video-preview":"max-video-preview:-1"},"canonical":"https:\/\/www.nouscims.com\/ca\/actualitat\/cap-a-una-comunicacio-digital-mes-justa-i-inclusiva-la-importancia-de-la-perspectiva-de-genere\/","og_locale":"ca_ES","og_type":"article","og_title":"Cap a una comunicaci\u00f3 digital m\u00e9s justa i inclusiva: La import\u00e0ncia de la perspectiva de g\u00e8nere - Fundaci\u00f3n Privada Nous Cims","og_description":"La perspectiva de g\u00e8nere ens permet observar com el g\u00e8nere influeix en diferents \u00e0mbits de la societat i entendre les oportunitats i expectatives que assigna.","og_url":"https:\/\/www.nouscims.com\/ca\/actualitat\/cap-a-una-comunicacio-digital-mes-justa-i-inclusiva-la-importancia-de-la-perspectiva-de-genere\/","og_site_name":"Fundaci\u00f3n Privada Nous Cims","article_publisher":"https:\/\/www.facebook.com\/nouscims","article_published_time":"2024-06-19T07:22:53+00:00","article_modified_time":"2024-06-19T07:22:54+00:00","og_image":[{"width":1024,"height":683,"url":"https:\/\/www.nouscims.com\/wp-content\/uploads\/2024\/06\/posteando-imagen-principal-1024x683.jpg","type":"image\/jpeg"}],"author":"Nous Cims","twitter_card":"summary_large_image","twitter_creator":"@nouscims","twitter_site":"@nouscims","twitter_misc":{"Escrit per":"Nous Cims","Temps estimat de lectura":"8 minuts"},"schema":{"@context":"https:\/\/schema.org","@graph":[{"@type":"Article","@id":"https:\/\/www.nouscims.com\/ca\/actualitat\/cap-a-una-comunicacio-digital-mes-justa-i-inclusiva-la-importancia-de-la-perspectiva-de-genere\/#article","isPartOf":{"@id":"https:\/\/www.nouscims.com\/ca\/actualitat\/cap-a-una-comunicacio-digital-mes-justa-i-inclusiva-la-importancia-de-la-perspectiva-de-genere\/"},"author":{"name":"Nous Cims","@id":"https:\/\/www.nouscims.com\/ca\/#\/schema\/person\/c49be7fd7667a36f1b39c1c5a2becf99"},"headline":"Cap a una comunicaci\u00f3 digital m\u00e9s justa i inclusiva: La import\u00e0ncia de la perspectiva de g\u00e8nere","datePublished":"2024-06-19T07:22:53+00:00","dateModified":"2024-06-19T07:22:54+00:00","mainEntityOfPage":{"@id":"https:\/\/www.nouscims.com\/ca\/actualitat\/cap-a-una-comunicacio-digital-mes-justa-i-inclusiva-la-importancia-de-la-perspectiva-de-genere\/"},"wordCount":1966,"commentCount":0,"image":{"@id":"https:\/\/www.nouscims.com\/ca\/actualitat\/cap-a-una-comunicacio-digital-mes-justa-i-inclusiva-la-importancia-de-la-perspectiva-de-genere\/#primaryimage"},"thumbnailUrl":"https:\/\/www.nouscims.com\/wp-content\/uploads\/2024\/06\/posteando-imagen-principal.jpg","articleSection":["Actualitat"],"inLanguage":"ca","potentialAction":[{"@type":"CommentAction","name":"Comment","target":["https:\/\/www.nouscims.com\/ca\/actualitat\/cap-a-una-comunicacio-digital-mes-justa-i-inclusiva-la-importancia-de-la-perspectiva-de-genere\/#respond"]}]},{"@type":"WebPage","@id":"https:\/\/www.nouscims.com\/ca\/actualitat\/cap-a-una-comunicacio-digital-mes-justa-i-inclusiva-la-importancia-de-la-perspectiva-de-genere\/","url":"https:\/\/www.nouscims.com\/ca\/actualitat\/cap-a-una-comunicacio-digital-mes-justa-i-inclusiva-la-importancia-de-la-perspectiva-de-genere\/","name":"Cap a una comunicaci\u00f3 digital m\u00e9s justa i inclusiva: La import\u00e0ncia de la perspectiva de g\u00e8nere - Fundaci\u00f3n Privada Nous Cims","isPartOf":{"@id":"https:\/\/www.nouscims.com\/ca\/#website"},"primaryImageOfPage":{"@id":"https:\/\/www.nouscims.com\/ca\/actualitat\/cap-a-una-comunicacio-digital-mes-justa-i-inclusiva-la-importancia-de-la-perspectiva-de-genere\/#primaryimage"},"image":{"@id":"https:\/\/www.nouscims.com\/ca\/actualitat\/cap-a-una-comunicacio-digital-mes-justa-i-inclusiva-la-importancia-de-la-perspectiva-de-genere\/#primaryimage"},"thumbnailUrl":"https:\/\/www.nouscims.com\/wp-content\/uploads\/2024\/06\/posteando-imagen-principal.jpg","datePublished":"2024-06-19T07:22:53+00:00","dateModified":"2024-06-19T07:22:54+00:00","author":{"@id":"https:\/\/www.nouscims.com\/ca\/#\/schema\/person\/c49be7fd7667a36f1b39c1c5a2becf99"},"description":"La perspectiva de g\u00e8nere ens permet observar com el g\u00e8nere influeix en diferents \u00e0mbits de la societat i entendre les oportunitats i expectatives que assigna.","breadcrumb":{"@id":"https:\/\/www.nouscims.com\/ca\/actualitat\/cap-a-una-comunicacio-digital-mes-justa-i-inclusiva-la-importancia-de-la-perspectiva-de-genere\/#breadcrumb"},"inLanguage":"ca","potentialAction":[{"@type":"ReadAction","target":["https:\/\/www.nouscims.com\/ca\/actualitat\/cap-a-una-comunicacio-digital-mes-justa-i-inclusiva-la-importancia-de-la-perspectiva-de-genere\/"]}]},{"@type":"ImageObject","inLanguage":"ca","@id":"https:\/\/www.nouscims.com\/ca\/actualitat\/cap-a-una-comunicacio-digital-mes-justa-i-inclusiva-la-importancia-de-la-perspectiva-de-genere\/#primaryimage","url":"https:\/\/www.nouscims.com\/wp-content\/uploads\/2024\/06\/posteando-imagen-principal.jpg","contentUrl":"https:\/\/www.nouscims.com\/wp-content\/uploads\/2024\/06\/posteando-imagen-principal.jpg","width":7900,"height":5267},{"@type":"BreadcrumbList","@id":"https:\/\/www.nouscims.com\/ca\/actualitat\/cap-a-una-comunicacio-digital-mes-justa-i-inclusiva-la-importancia-de-la-perspectiva-de-genere\/#breadcrumb","itemListElement":[{"@type":"ListItem","position":1,"name":"Portada","item":"https:\/\/www.nouscims.com\/ca\/"},{"@type":"ListItem","position":2,"name":"Cap a una comunicaci\u00f3 digital m\u00e9s justa i inclusiva: La import\u00e0ncia de la perspectiva de g\u00e8nere"}]},{"@type":"WebSite","@id":"https:\/\/www.nouscims.com\/ca\/#website","url":"https:\/\/www.nouscims.com\/ca\/","name":"Fundaci\u00f3n Privada Nous Cims","description":"Impulsamos y desarrollamos proyectos de innovaci\u00f3n social","potentialAction":[{"@type":"SearchAction","target":{"@type":"EntryPoint","urlTemplate":"https:\/\/www.nouscims.com\/ca\/?s={search_term_string}"},"query-input":{"@type":"PropertyValueSpecification","valueRequired":true,"valueName":"search_term_string"}}],"inLanguage":"ca"},{"@type":"Person","@id":"https:\/\/www.nouscims.com\/ca\/#\/schema\/person\/c49be7fd7667a36f1b39c1c5a2becf99","name":"Nous Cims","image":{"@type":"ImageObject","inLanguage":"ca","@id":"https:\/\/secure.gravatar.com\/avatar\/1dd42f1cafb4dfa67ddb690263b49eb6dd0b847386b5e1ee729643a318a2de73?s=96&d=mm&r=g","url":"https:\/\/secure.gravatar.com\/avatar\/1dd42f1cafb4dfa67ddb690263b49eb6dd0b847386b5e1ee729643a318a2de73?s=96&d=mm&r=g","contentUrl":"https:\/\/secure.gravatar.com\/avatar\/1dd42f1cafb4dfa67ddb690263b49eb6dd0b847386b5e1ee729643a318a2de73?s=96&d=mm&r=g","caption":"Nous Cims"},"url":"https:\/\/www.nouscims.com\/ca\/author\/edelcampo\/"}]}},"_links":{"self":[{"href":"https:\/\/www.nouscims.com\/ca\/wp-json\/wp\/v2\/posts\/9512","targetHints":{"allow":["GET"]}}],"collection":[{"href":"https:\/\/www.nouscims.com\/ca\/wp-json\/wp\/v2\/posts"}],"about":[{"href":"https:\/\/www.nouscims.com\/ca\/wp-json\/wp\/v2\/types\/post"}],"author":[{"embeddable":true,"href":"https:\/\/www.nouscims.com\/ca\/wp-json\/wp\/v2\/users\/2"}],"replies":[{"embeddable":true,"href":"https:\/\/www.nouscims.com\/ca\/wp-json\/wp\/v2\/comments?post=9512"}],"version-history":[{"count":6,"href":"https:\/\/www.nouscims.com\/ca\/wp-json\/wp\/v2\/posts\/9512\/revisions"}],"predecessor-version":[{"id":9576,"href":"https:\/\/www.nouscims.com\/ca\/wp-json\/wp\/v2\/posts\/9512\/revisions\/9576"}],"wp:featuredmedia":[{"embeddable":true,"href":"https:\/\/www.nouscims.com\/ca\/wp-json\/wp\/v2\/media\/9522"}],"wp:attachment":[{"href":"https:\/\/www.nouscims.com\/ca\/wp-json\/wp\/v2\/media?parent=9512"}],"wp:term":[{"taxonomy":"category","embeddable":true,"href":"https:\/\/www.nouscims.com\/ca\/wp-json\/wp\/v2\/categories?post=9512"},{"taxonomy":"post_tag","embeddable":true,"href":"https:\/\/www.nouscims.com\/ca\/wp-json\/wp\/v2\/tags?post=9512"}],"curies":[{"name":"wp","href":"https:\/\/api.w.org\/{rel}","templated":true}]}}