{"id":9072,"date":"2024-03-04T11:12:00","date_gmt":"2024-03-04T10:12:00","guid":{"rendered":"https:\/\/www.nouscims.com\/?p=9072"},"modified":"2024-03-04T16:07:14","modified_gmt":"2024-03-04T15:07:14","slug":"assumir-riscos-academics-dret-o-privilegi","status":"publish","type":"post","link":"https:\/\/www.nouscims.com\/ca\/actualitat\/assumir-riscos-academics-dret-o-privilegi\/","title":{"rendered":"Assumir riscos acad\u00e8mics: dret o privilegi?"},"content":{"rendered":"<div class=\"wpb-content-wrapper\"><p>[vc_row][vc_column width=&#8221;1\/2&#8243;][vc_column_text uncode_shortcode_id=&#8221;181250&#8243;]<\/p>\n<h3><strong><span style=\"color: #f64943\">ASSUMIR RISCOS ACAD\u00c8MICS: DRET O PRIVILEGI?<\/span><\/strong><\/h3>\n<h4><strong><span style=\"color: #f64943\">La import\u00e0ncia de desenvolupar programes d&#8217;ocupabilitat flexibles per a joves provinents de contextos socioecon\u00f2mics vulnerables.<\/span><\/strong><\/h4>\n<p><em><strong><span style=\"color: #f64943\">Arianna Ranesi Murillo, T\u00e8cnica ZING Beques, \u00c0rea Ocupabilitat<\/span><\/strong><\/em><\/p>\n<p>Les veus expertes en sociologia de l&#8217;educaci\u00f3 coincideixen a assenyalar que l&#8217;origen socioecon\u00f2mic dels joves t\u00e9 un impacte sobre les seves expectatives i aspiracions de futur, i en conseq\u00fc\u00e8ncia, sobre l&#8217;elecci\u00f3 del seu itinerari formatiu.[\/vc_column_text][\/vc_column][vc_column width=&#8221;1\/2&#8243;][vc_single_image media=&#8221;9084&#8243; media_width_percent=&#8221;100&#8243; uncode_shortcode_id=&#8221;668149&#8243;][\/vc_column][\/vc_row][vc_row][vc_column width=&#8221;1\/1&#8243;][vc_column_text uncode_shortcode_id=&#8221;201966&#8243;]En aquest article es vol abordar la relaci\u00f3 existent entre l&#8217;origen social del jove i la capacitat -possibilitat- d&#8217;assumir riscos a l&#8217;hora de prendre decisions sobre el seu desenvolupament acad\u00e8mic i, en conseq\u00fc\u00e8ncia, posar de manifest la import\u00e0ncia d&#8217;elaborar programes de beques flexibles, que proporcionin un terreny estable que permeti als joves assumir riscos respecte a les seves inversions de futur.<\/p>\n<p>Estudiar sempre implica fer una inversi\u00f3. La magnitud d&#8217;aquesta inversi\u00f3 (temps, recursos, diners) dependr\u00e0 de diferents factors, com per exemple la durada de l&#8217;itinerari acad\u00e8mic, l&#8217;exig\u00e8ncia de la tipologia d&#8217;estudis o el seu cost econ\u00f2mic. En conseq\u00fc\u00e8ncia, triar un itinerari formatiu o un altre estar\u00e0 condicionat per la capacitat d&#8217;invertir de cada individu -o de cada fam\u00edlia-. Estudiar el grau de medicina, per exemple, suposa una inversi\u00f3 molt m\u00e9s alta que estudiar un grau superior d&#8217;Anatomia Patol\u00f2gica i Citodiagn\u00f2stic; m\u00e9s hores d&#8217;estudi, incompatibilitat amb una feina a jornada completa, itinerari m\u00e9s llarg, etc. A canvi, per\u00f2, el o la futur\/a metge\/metgessa tindr\u00e0 una ocupabilitat garantida en el seu sector, unes millors condicions econ\u00f2miques i un major reconeixement social d&#8217;aquell\/a que hagi optat pel grau superior. Com afirma l&#8217;Organitzaci\u00f3 per la Cooperaci\u00f3 i el Desenvolupament Econ\u00f2mic (OCDE) en l&#8217;informe &#8220;Panorama de la Educaci\u00f3n 2023&#8221;: <em>a m\u00e9s nivell formatiu m\u00e9s possibilitats d&#8217;obtenir salaris per sobre la mitja i menys possibilitats d&#8217;estar a l&#8217;atur.<\/em><\/p>\n<p>A m\u00e9s, a l&#8217;hora de decantar-se per aquest itinerari educatiu, el\/la jove haur\u00e0 de disposar d&#8217;un determinat capital econ\u00f2mic que pugui suportar no tenir beneficis o no tenir-los a curt termini: aquells qui necessiten rendibilitzar de manera m\u00e9s immediata la seva inversi\u00f3 educativa no podran assumir aquest cost i \u00e9s m\u00e9s probable que finalitzin els seus estudis despr\u00e9s de cursar un GM i no arribin a accedir a un GS o a cursar estudis universitaris. O dins la mateixa universitat, tri\u00efn un itinerari acad\u00e8mic menys cost\u00f3s, com ens mostra l&#8217;estudi publicat per Via Universit\u00e0ria: Acc\u00e9s, condicions d&#8217;aprenentatge, expectatives i retorns dels estudis universitaris (2020-2022): <em>En \u00e0rees d&#8217;estudi acad\u00e8miques que poden ser m\u00e9s costoses com les Ci\u00e8ncies o les Titulacions Mixtes (taxes m\u00e9s altes, major durada o major risc de repetici\u00f3) es produeix una concentraci\u00f3 de fills i filles de natius de nivell socioecon\u00f2mic alt, amb finances familiars m\u00e9s capaces d&#8217;assumir un percentatge m\u00e9s alt del cost de la traject\u00f2ria acad\u00e8mica de l&#8217;estudiant.<\/em><\/p>\n<p>Un altre element clau a tenir en compte \u00e9s la capacitat d&#8217;aprofitar la formaci\u00f3 que es vol cursar. Perqu\u00e8 un\/a jove pugui fer un \u00fas adequat dels recursos educatius ha de comptar amb unes condicions socials, escolars i familiars b\u00e0siques, que li garanteixin suficient estabilitat per a poder-se dedicar a la seva formaci\u00f3 acad\u00e8mica (Vallv\u00e9, 2015). Quan aquestes condicions d&#8217;educabilitat no estan assegurades augmenta el risc de la inversi\u00f3, ja que no podr\u00e0 destinar exclusivament els seus recursos (temps, dedicaci\u00f3, esfor\u00e7&#8230;) a la superaci\u00f3 dels estudis. Com mostra l\u2019informe sobre \u201cAbandonament Escolar Prematur de la Fundaci\u00f3 Bofill\u201d, l\u2019alumnat que prov\u00e9 de contextos socials amb m\u00e9s recursos econ\u00f2mics abandonen per sota l\u20191%, mentre que els que provenen d\u2019entorns m\u00e9s vulnerables ho fa quasi amb un 20%.<\/p>\n<p>\u00c9s aqu\u00ed on apareix un element m\u00e9s de desigualtat al qual es presta menys atenci\u00f3: la possibilitat -o no- d&#8217;assumir un frac\u00e0s. \u00c9s a dir, saber que en cas de no sortir-se&#8217;n es pot comptar amb una opci\u00f3 B (allargar els anys d&#8217;estudi, repetir assignatures, canviar d&#8217;itinerari, de centre&#8230;) inevitablement ens trasllada a un escenari molt m\u00e9s afable que el que se&#8217;ns presentaria en cas de no comptar-hi. Fent una r\u00e0pida avaluaci\u00f3 de costos, aquells que saben que no disposen d&#8217;una opci\u00f3 B (han de garantir l&#8217;\u00e8xit de la inversi\u00f3) ser\u00e0 m\u00e9s probable que optin per un cam\u00ed m\u00e9s segur. Equivocar-se, doncs, es converteix tamb\u00e9 en un privilegi.<\/p>\n<p>Per tot el que s&#8217;ha exposat anteriorment es pot afirmar que un programa de beques enfocat a joves en situaci\u00f3 de vulnerabilitat econ\u00f2mica i social que tingui en compte aquesta premissa i sigui m\u00e9s tolerant davant d&#8217;un possible error tindr\u00e0 un impacte m\u00e9s profund en la lluita contra les desigualtats socials i educatives. Com afirmen Mullainathan i Shafir, &#8220;(un programa flexible) possibilita que les oportunitats concedides a les persones s\u2019ajustin a l\u2019esfor\u00e7 que li dediquen i a les circumst\u00e0ncies que afronten. No elimina la necessitat de treballar intensament, m\u00e9s aviat permet que aquest esfor\u00e7 intens doni millors resultats a qui respon al desafiament.&#8221; (Mullainathan i Shafir, 2016). En definitiva, com m\u00e9s flexible sigui una ajuda m\u00e9s riscos podr\u00e0 assumir el\/la jove, podr\u00e0 optar a millors inversions acad\u00e8miques que finalment el\/la projectaran a nous i millors sectors laborals, fent possible aix\u00ed (o si m\u00e9s no, no impedint), trencar el cercle de desigualtat del qual provenia.[\/vc_column_text][\/vc_column][\/vc_row][vc_row][vc_column width=&#8221;1\/1&#8243;][vc_column_text uncode_shortcode_id=&#8221;945481&#8243;]Alejandro Ba\u00f1os, O. (2022). Via Universit\u00e0ria: Acc\u00e9s, condicions d\u2019aprenentatge, expectatives i retorns dels estudis universitaris (2020-2022) (Resum executiu).<\/p>\n<p>Capsada-Munsech, Q. (2022). Les expectatives formatives i professionals dels i les joves: un abordatge des de l&#8217;orientaci\u00f3 escolar.<\/p>\n<p>Mullainathan, S., &amp; Shafir, E. (2016).\u00a0<em>Escasez:\u00bf por qu\u00e9 tener muy poco significa tanto?<\/em>. Fondo de Cultura Econ\u00f3mica.<\/p>\n<p>OCDE, O. (2023).\u00a0<em>Panorama de la educaci\u00f3n 2023: Indicadores de la OCDE<\/em>. OECD Publishing.[\/vc_column_text][\/vc_column][\/vc_row]<\/p>\n<\/div>","protected":false},"excerpt":{"rendered":"<p> ASSUMIR RISCOS ACAD\u00c8MICS: DRET O PRIVILEGI? La import\u00e0ncia de desenvolupar programes d&#8217;ocupabilitat flexibles per a joves provinents [&hellip;]<\/p>\n","protected":false},"author":2,"featured_media":9081,"comment_status":"open","ping_status":"open","sticky":false,"template":"","format":"standard","meta":{"footnotes":""},"categories":[2],"tags":[],"class_list":["post-9072","post","type-post","status-publish","format-standard","has-post-thumbnail","hentry","category-actualitat"],"yoast_head":"<!-- This site is optimized with the Yoast SEO plugin v27.4 - https:\/\/yoast.com\/product\/yoast-seo-wordpress\/ -->\n<title>Assumir riscos acad\u00e8mics: dret o privilegi? - Fundaci\u00f3n Privada Nous Cims<\/title>\n<meta name=\"description\" content=\"La import\u00e0ncia de desenvolupar programes d\u2019ocupabilitat flexibles per a joves provinents de contextos socioecon\u00f2mics vulnerables.\" \/>\n<meta name=\"robots\" content=\"index, follow, max-snippet:-1, max-image-preview:large, max-video-preview:-1\" \/>\n<link rel=\"canonical\" href=\"https:\/\/www.nouscims.com\/ca\/actualitat\/assumir-riscos-academics-dret-o-privilegi\/\" \/>\n<meta property=\"og:locale\" content=\"ca_ES\" \/>\n<meta property=\"og:type\" content=\"article\" \/>\n<meta property=\"og:title\" content=\"Assumir riscos acad\u00e8mics: dret o privilegi? - Fundaci\u00f3n Privada Nous Cims\" \/>\n<meta property=\"og:description\" content=\"La import\u00e0ncia de desenvolupar programes d\u2019ocupabilitat flexibles per a joves provinents de contextos socioecon\u00f2mics vulnerables.\" \/>\n<meta property=\"og:url\" content=\"https:\/\/www.nouscims.com\/ca\/actualitat\/assumir-riscos-academics-dret-o-privilegi\/\" \/>\n<meta property=\"og:site_name\" content=\"Fundaci\u00f3n Privada Nous Cims\" \/>\n<meta property=\"article:publisher\" content=\"https:\/\/www.facebook.com\/nouscims\" \/>\n<meta property=\"article:published_time\" content=\"2024-03-04T10:12:00+00:00\" \/>\n<meta property=\"article:modified_time\" content=\"2024-03-04T15:07:14+00:00\" \/>\n<meta property=\"og:image\" content=\"https:\/\/www.nouscims.com\/wp-content\/uploads\/2024\/03\/IMG_6918-scaled.jpg\" \/>\n\t<meta property=\"og:image:width\" content=\"2560\" \/>\n\t<meta property=\"og:image:height\" content=\"1707\" \/>\n\t<meta property=\"og:image:type\" content=\"image\/jpeg\" \/>\n<meta name=\"author\" content=\"Nous Cims\" \/>\n<meta name=\"twitter:card\" content=\"summary_large_image\" \/>\n<meta name=\"twitter:creator\" content=\"@nouscims\" \/>\n<meta name=\"twitter:site\" content=\"@nouscims\" \/>\n<meta name=\"twitter:label1\" content=\"Escrit per\" \/>\n\t<meta name=\"twitter:data1\" content=\"Nous Cims\" \/>\n\t<meta name=\"twitter:label2\" content=\"Temps estimat de lectura\" \/>\n\t<meta name=\"twitter:data2\" content=\"5 minuts\" \/>\n<script type=\"application\/ld+json\" class=\"yoast-schema-graph\">{\"@context\":\"https:\\\/\\\/schema.org\",\"@graph\":[{\"@type\":\"Article\",\"@id\":\"https:\\\/\\\/www.nouscims.com\\\/ca\\\/actualitat\\\/assumir-riscos-academics-dret-o-privilegi\\\/#article\",\"isPartOf\":{\"@id\":\"https:\\\/\\\/www.nouscims.com\\\/ca\\\/actualitat\\\/assumir-riscos-academics-dret-o-privilegi\\\/\"},\"author\":{\"name\":\"Nous Cims\",\"@id\":\"https:\\\/\\\/www.nouscims.com\\\/ca\\\/#\\\/schema\\\/person\\\/c49be7fd7667a36f1b39c1c5a2becf99\"},\"headline\":\"Assumir riscos acad\u00e8mics: dret o privilegi?\",\"datePublished\":\"2024-03-04T10:12:00+00:00\",\"dateModified\":\"2024-03-04T15:07:14+00:00\",\"mainEntityOfPage\":{\"@id\":\"https:\\\/\\\/www.nouscims.com\\\/ca\\\/actualitat\\\/assumir-riscos-academics-dret-o-privilegi\\\/\"},\"wordCount\":1091,\"commentCount\":0,\"image\":{\"@id\":\"https:\\\/\\\/www.nouscims.com\\\/ca\\\/actualitat\\\/assumir-riscos-academics-dret-o-privilegi\\\/#primaryimage\"},\"thumbnailUrl\":\"https:\\\/\\\/www.nouscims.com\\\/wp-content\\\/uploads\\\/2024\\\/03\\\/IMG_6918-scaled.jpg\",\"articleSection\":[\"Actualitat\"],\"inLanguage\":\"ca\",\"potentialAction\":[{\"@type\":\"CommentAction\",\"name\":\"Comment\",\"target\":[\"https:\\\/\\\/www.nouscims.com\\\/ca\\\/actualitat\\\/assumir-riscos-academics-dret-o-privilegi\\\/#respond\"]}]},{\"@type\":\"WebPage\",\"@id\":\"https:\\\/\\\/www.nouscims.com\\\/ca\\\/actualitat\\\/assumir-riscos-academics-dret-o-privilegi\\\/\",\"url\":\"https:\\\/\\\/www.nouscims.com\\\/ca\\\/actualitat\\\/assumir-riscos-academics-dret-o-privilegi\\\/\",\"name\":\"Assumir riscos acad\u00e8mics: dret o privilegi? - Fundaci\u00f3n Privada Nous Cims\",\"isPartOf\":{\"@id\":\"https:\\\/\\\/www.nouscims.com\\\/ca\\\/#website\"},\"primaryImageOfPage\":{\"@id\":\"https:\\\/\\\/www.nouscims.com\\\/ca\\\/actualitat\\\/assumir-riscos-academics-dret-o-privilegi\\\/#primaryimage\"},\"image\":{\"@id\":\"https:\\\/\\\/www.nouscims.com\\\/ca\\\/actualitat\\\/assumir-riscos-academics-dret-o-privilegi\\\/#primaryimage\"},\"thumbnailUrl\":\"https:\\\/\\\/www.nouscims.com\\\/wp-content\\\/uploads\\\/2024\\\/03\\\/IMG_6918-scaled.jpg\",\"datePublished\":\"2024-03-04T10:12:00+00:00\",\"dateModified\":\"2024-03-04T15:07:14+00:00\",\"author\":{\"@id\":\"https:\\\/\\\/www.nouscims.com\\\/ca\\\/#\\\/schema\\\/person\\\/c49be7fd7667a36f1b39c1c5a2becf99\"},\"description\":\"La import\u00e0ncia de desenvolupar programes d\u2019ocupabilitat flexibles per a joves provinents de contextos socioecon\u00f2mics vulnerables.\",\"breadcrumb\":{\"@id\":\"https:\\\/\\\/www.nouscims.com\\\/ca\\\/actualitat\\\/assumir-riscos-academics-dret-o-privilegi\\\/#breadcrumb\"},\"inLanguage\":\"ca\",\"potentialAction\":[{\"@type\":\"ReadAction\",\"target\":[\"https:\\\/\\\/www.nouscims.com\\\/ca\\\/actualitat\\\/assumir-riscos-academics-dret-o-privilegi\\\/\"]}]},{\"@type\":\"ImageObject\",\"inLanguage\":\"ca\",\"@id\":\"https:\\\/\\\/www.nouscims.com\\\/ca\\\/actualitat\\\/assumir-riscos-academics-dret-o-privilegi\\\/#primaryimage\",\"url\":\"https:\\\/\\\/www.nouscims.com\\\/wp-content\\\/uploads\\\/2024\\\/03\\\/IMG_6918-scaled.jpg\",\"contentUrl\":\"https:\\\/\\\/www.nouscims.com\\\/wp-content\\\/uploads\\\/2024\\\/03\\\/IMG_6918-scaled.jpg\",\"width\":2560,\"height\":1707},{\"@type\":\"BreadcrumbList\",\"@id\":\"https:\\\/\\\/www.nouscims.com\\\/ca\\\/actualitat\\\/assumir-riscos-academics-dret-o-privilegi\\\/#breadcrumb\",\"itemListElement\":[{\"@type\":\"ListItem\",\"position\":1,\"name\":\"Portada\",\"item\":\"https:\\\/\\\/www.nouscims.com\\\/ca\\\/\"},{\"@type\":\"ListItem\",\"position\":2,\"name\":\"Assumir riscos acad\u00e8mics: dret o privilegi?\"}]},{\"@type\":\"WebSite\",\"@id\":\"https:\\\/\\\/www.nouscims.com\\\/ca\\\/#website\",\"url\":\"https:\\\/\\\/www.nouscims.com\\\/ca\\\/\",\"name\":\"Fundaci\u00f3n Privada Nous Cims\",\"description\":\"Impulsamos y desarrollamos proyectos de innovaci\u00f3n social\",\"potentialAction\":[{\"@type\":\"SearchAction\",\"target\":{\"@type\":\"EntryPoint\",\"urlTemplate\":\"https:\\\/\\\/www.nouscims.com\\\/ca\\\/?s={search_term_string}\"},\"query-input\":{\"@type\":\"PropertyValueSpecification\",\"valueRequired\":true,\"valueName\":\"search_term_string\"}}],\"inLanguage\":\"ca\"},{\"@type\":\"Person\",\"@id\":\"https:\\\/\\\/www.nouscims.com\\\/ca\\\/#\\\/schema\\\/person\\\/c49be7fd7667a36f1b39c1c5a2becf99\",\"name\":\"Nous Cims\",\"image\":{\"@type\":\"ImageObject\",\"inLanguage\":\"ca\",\"@id\":\"https:\\\/\\\/secure.gravatar.com\\\/avatar\\\/1dd42f1cafb4dfa67ddb690263b49eb6dd0b847386b5e1ee729643a318a2de73?s=96&d=mm&r=g\",\"url\":\"https:\\\/\\\/secure.gravatar.com\\\/avatar\\\/1dd42f1cafb4dfa67ddb690263b49eb6dd0b847386b5e1ee729643a318a2de73?s=96&d=mm&r=g\",\"contentUrl\":\"https:\\\/\\\/secure.gravatar.com\\\/avatar\\\/1dd42f1cafb4dfa67ddb690263b49eb6dd0b847386b5e1ee729643a318a2de73?s=96&d=mm&r=g\",\"caption\":\"Nous Cims\"},\"url\":\"https:\\\/\\\/www.nouscims.com\\\/ca\\\/author\\\/edelcampo\\\/\"}]}<\/script>\n<!-- \/ Yoast SEO plugin. -->","yoast_head_json":{"title":"Assumir riscos acad\u00e8mics: dret o privilegi? - Fundaci\u00f3n Privada Nous Cims","description":"La import\u00e0ncia de desenvolupar programes d\u2019ocupabilitat flexibles per a joves provinents de contextos socioecon\u00f2mics vulnerables.","robots":{"index":"index","follow":"follow","max-snippet":"max-snippet:-1","max-image-preview":"max-image-preview:large","max-video-preview":"max-video-preview:-1"},"canonical":"https:\/\/www.nouscims.com\/ca\/actualitat\/assumir-riscos-academics-dret-o-privilegi\/","og_locale":"ca_ES","og_type":"article","og_title":"Assumir riscos acad\u00e8mics: dret o privilegi? - Fundaci\u00f3n Privada Nous Cims","og_description":"La import\u00e0ncia de desenvolupar programes d\u2019ocupabilitat flexibles per a joves provinents de contextos socioecon\u00f2mics vulnerables.","og_url":"https:\/\/www.nouscims.com\/ca\/actualitat\/assumir-riscos-academics-dret-o-privilegi\/","og_site_name":"Fundaci\u00f3n Privada Nous Cims","article_publisher":"https:\/\/www.facebook.com\/nouscims","article_published_time":"2024-03-04T10:12:00+00:00","article_modified_time":"2024-03-04T15:07:14+00:00","og_image":[{"width":2560,"height":1707,"url":"https:\/\/www.nouscims.com\/wp-content\/uploads\/2024\/03\/IMG_6918-scaled.jpg","type":"image\/jpeg"}],"author":"Nous Cims","twitter_card":"summary_large_image","twitter_creator":"@nouscims","twitter_site":"@nouscims","twitter_misc":{"Escrit per":"Nous Cims","Temps estimat de lectura":"5 minuts"},"schema":{"@context":"https:\/\/schema.org","@graph":[{"@type":"Article","@id":"https:\/\/www.nouscims.com\/ca\/actualitat\/assumir-riscos-academics-dret-o-privilegi\/#article","isPartOf":{"@id":"https:\/\/www.nouscims.com\/ca\/actualitat\/assumir-riscos-academics-dret-o-privilegi\/"},"author":{"name":"Nous Cims","@id":"https:\/\/www.nouscims.com\/ca\/#\/schema\/person\/c49be7fd7667a36f1b39c1c5a2becf99"},"headline":"Assumir riscos acad\u00e8mics: dret o privilegi?","datePublished":"2024-03-04T10:12:00+00:00","dateModified":"2024-03-04T15:07:14+00:00","mainEntityOfPage":{"@id":"https:\/\/www.nouscims.com\/ca\/actualitat\/assumir-riscos-academics-dret-o-privilegi\/"},"wordCount":1091,"commentCount":0,"image":{"@id":"https:\/\/www.nouscims.com\/ca\/actualitat\/assumir-riscos-academics-dret-o-privilegi\/#primaryimage"},"thumbnailUrl":"https:\/\/www.nouscims.com\/wp-content\/uploads\/2024\/03\/IMG_6918-scaled.jpg","articleSection":["Actualitat"],"inLanguage":"ca","potentialAction":[{"@type":"CommentAction","name":"Comment","target":["https:\/\/www.nouscims.com\/ca\/actualitat\/assumir-riscos-academics-dret-o-privilegi\/#respond"]}]},{"@type":"WebPage","@id":"https:\/\/www.nouscims.com\/ca\/actualitat\/assumir-riscos-academics-dret-o-privilegi\/","url":"https:\/\/www.nouscims.com\/ca\/actualitat\/assumir-riscos-academics-dret-o-privilegi\/","name":"Assumir riscos acad\u00e8mics: dret o privilegi? - Fundaci\u00f3n Privada Nous Cims","isPartOf":{"@id":"https:\/\/www.nouscims.com\/ca\/#website"},"primaryImageOfPage":{"@id":"https:\/\/www.nouscims.com\/ca\/actualitat\/assumir-riscos-academics-dret-o-privilegi\/#primaryimage"},"image":{"@id":"https:\/\/www.nouscims.com\/ca\/actualitat\/assumir-riscos-academics-dret-o-privilegi\/#primaryimage"},"thumbnailUrl":"https:\/\/www.nouscims.com\/wp-content\/uploads\/2024\/03\/IMG_6918-scaled.jpg","datePublished":"2024-03-04T10:12:00+00:00","dateModified":"2024-03-04T15:07:14+00:00","author":{"@id":"https:\/\/www.nouscims.com\/ca\/#\/schema\/person\/c49be7fd7667a36f1b39c1c5a2becf99"},"description":"La import\u00e0ncia de desenvolupar programes d\u2019ocupabilitat flexibles per a joves provinents de contextos socioecon\u00f2mics vulnerables.","breadcrumb":{"@id":"https:\/\/www.nouscims.com\/ca\/actualitat\/assumir-riscos-academics-dret-o-privilegi\/#breadcrumb"},"inLanguage":"ca","potentialAction":[{"@type":"ReadAction","target":["https:\/\/www.nouscims.com\/ca\/actualitat\/assumir-riscos-academics-dret-o-privilegi\/"]}]},{"@type":"ImageObject","inLanguage":"ca","@id":"https:\/\/www.nouscims.com\/ca\/actualitat\/assumir-riscos-academics-dret-o-privilegi\/#primaryimage","url":"https:\/\/www.nouscims.com\/wp-content\/uploads\/2024\/03\/IMG_6918-scaled.jpg","contentUrl":"https:\/\/www.nouscims.com\/wp-content\/uploads\/2024\/03\/IMG_6918-scaled.jpg","width":2560,"height":1707},{"@type":"BreadcrumbList","@id":"https:\/\/www.nouscims.com\/ca\/actualitat\/assumir-riscos-academics-dret-o-privilegi\/#breadcrumb","itemListElement":[{"@type":"ListItem","position":1,"name":"Portada","item":"https:\/\/www.nouscims.com\/ca\/"},{"@type":"ListItem","position":2,"name":"Assumir riscos acad\u00e8mics: dret o privilegi?"}]},{"@type":"WebSite","@id":"https:\/\/www.nouscims.com\/ca\/#website","url":"https:\/\/www.nouscims.com\/ca\/","name":"Fundaci\u00f3n Privada Nous Cims","description":"Impulsamos y desarrollamos proyectos de innovaci\u00f3n social","potentialAction":[{"@type":"SearchAction","target":{"@type":"EntryPoint","urlTemplate":"https:\/\/www.nouscims.com\/ca\/?s={search_term_string}"},"query-input":{"@type":"PropertyValueSpecification","valueRequired":true,"valueName":"search_term_string"}}],"inLanguage":"ca"},{"@type":"Person","@id":"https:\/\/www.nouscims.com\/ca\/#\/schema\/person\/c49be7fd7667a36f1b39c1c5a2becf99","name":"Nous Cims","image":{"@type":"ImageObject","inLanguage":"ca","@id":"https:\/\/secure.gravatar.com\/avatar\/1dd42f1cafb4dfa67ddb690263b49eb6dd0b847386b5e1ee729643a318a2de73?s=96&d=mm&r=g","url":"https:\/\/secure.gravatar.com\/avatar\/1dd42f1cafb4dfa67ddb690263b49eb6dd0b847386b5e1ee729643a318a2de73?s=96&d=mm&r=g","contentUrl":"https:\/\/secure.gravatar.com\/avatar\/1dd42f1cafb4dfa67ddb690263b49eb6dd0b847386b5e1ee729643a318a2de73?s=96&d=mm&r=g","caption":"Nous Cims"},"url":"https:\/\/www.nouscims.com\/ca\/author\/edelcampo\/"}]}},"_links":{"self":[{"href":"https:\/\/www.nouscims.com\/ca\/wp-json\/wp\/v2\/posts\/9072","targetHints":{"allow":["GET"]}}],"collection":[{"href":"https:\/\/www.nouscims.com\/ca\/wp-json\/wp\/v2\/posts"}],"about":[{"href":"https:\/\/www.nouscims.com\/ca\/wp-json\/wp\/v2\/types\/post"}],"author":[{"embeddable":true,"href":"https:\/\/www.nouscims.com\/ca\/wp-json\/wp\/v2\/users\/2"}],"replies":[{"embeddable":true,"href":"https:\/\/www.nouscims.com\/ca\/wp-json\/wp\/v2\/comments?post=9072"}],"version-history":[{"count":10,"href":"https:\/\/www.nouscims.com\/ca\/wp-json\/wp\/v2\/posts\/9072\/revisions"}],"predecessor-version":[{"id":9099,"href":"https:\/\/www.nouscims.com\/ca\/wp-json\/wp\/v2\/posts\/9072\/revisions\/9099"}],"wp:featuredmedia":[{"embeddable":true,"href":"https:\/\/www.nouscims.com\/ca\/wp-json\/wp\/v2\/media\/9081"}],"wp:attachment":[{"href":"https:\/\/www.nouscims.com\/ca\/wp-json\/wp\/v2\/media?parent=9072"}],"wp:term":[{"taxonomy":"category","embeddable":true,"href":"https:\/\/www.nouscims.com\/ca\/wp-json\/wp\/v2\/categories?post=9072"},{"taxonomy":"post_tag","embeddable":true,"href":"https:\/\/www.nouscims.com\/ca\/wp-json\/wp\/v2\/tags?post=9072"}],"curies":[{"name":"wp","href":"https:\/\/api.w.org\/{rel}","templated":true}]}}