{"id":9007,"date":"2024-03-15T13:02:18","date_gmt":"2024-03-15T12:02:18","guid":{"rendered":"https:\/\/www.nouscims.com\/?p=9007"},"modified":"2024-03-20T09:36:15","modified_gmt":"2024-03-20T08:36:15","slug":"estrategies-de-comunicacio-en-campanyes-de-sensibilitzacio","status":"publish","type":"post","link":"https:\/\/www.nouscims.com\/ca\/actualitat\/estrategies-de-comunicacio-en-campanyes-de-sensibilitzacio\/","title":{"rendered":"Estrat\u00e8gies de Comunicaci\u00f3 en Campanyes de Sensibilitzaci\u00f3"},"content":{"rendered":"<div class=\"wpb-content-wrapper\"><p>[vc_row][vc_column width=&#8221;1\/2&#8243;][vc_column_text uncode_shortcode_id=&#8221;111901&#8243;]<\/p>\n<h3><strong><span style=\"color: #f64943\">ESTRAT\u00c8GIES DE COMUNICACI\u00d3 EN CAMPANYES DE SENSIBILITZACI\u00d3<\/span><\/strong><\/h3>\n<p><em><strong><span style=\"color: #f64943\">Ana Peris, Responsable de comunicaci\u00f3 i m\u00e0rqueting<\/span><\/strong><\/em><\/p>\n<p><span style=\"color: #000000\">La comunicaci\u00f3 en el tercer sector exerceix un paper fonamental en conscienciar sobre realitats sovint invisibilitzades. La sensibilitzaci\u00f3 social \u00e9s una eina poderosa que pot mobilitzar accions tant en el pla individual com col\u00b7lectiu. No obstant aix\u00f2, \u00e9s important considerar alguns factors diferencials que infereixen en l&#8217;efectivitat de les campanyes de sensibilitzaci\u00f3.<\/span>[\/vc_column_text][\/vc_column][vc_column width=&#8221;1\/2&#8243;][vc_single_image media=&#8221;9019&#8243; media_width_percent=&#8221;100&#8243; uncode_shortcode_id=&#8221;110045&#8243;][\/vc_column][\/vc_row][vc_row][vc_column width=&#8221;1\/1&#8243;][vc_column_text uncode_shortcode_id=&#8221;207011&#8243;]<span style=\"color: #000000\">M\u00e9s enll\u00e0 de les estrat\u00e8gies narratives habituals en el camp de la comunicaci\u00f3, aquestes dependran tamb\u00e9 de la nostra capacitat per a comprendre i treballar amb els matisos psicol\u00f2gics de l&#8217;empatia. \u00c9s a dir, m\u00e9s enll\u00e0 de considerar com construir campanyes que captin l&#8217;atenci\u00f3, hem d&#8217;apostar per una aproximaci\u00f3 capa\u00e7 de traslladar la complexitat d&#8217;aquestes realitats i despertar una empatia sostenible i accionable en l&#8217;audi\u00e8ncia.<\/span><\/p>\n<h3><span style=\"color: #000000\">Sensibilitzaci\u00f3, \u00c8tica i Dessensibilitzaci\u00f3<\/span><\/h3>\n<p>Les estrat\u00e8gies de sensibilitzaci\u00f3 col\u00b7loquen sovint hist\u00f2ries humanes en primer pla, ja que les hist\u00f2ries personals, en presentar narratives que permeten la identificaci\u00f3 amb els protagonistes, activen l&#8217;empatia de manera natural. Les persones som m\u00e9s propenses a involucrar-nos emocionalment quan podem veure les nostres pr\u00f2pies experi\u00e8ncies, desitjos o pors reflectides en els altres. La intenci\u00f3 \u00faltima \u00e9s portar a l&#8217;audi\u00e8ncia, m\u00e9s enll\u00e0 de les estad\u00edstiques, cap a la realitat tangible.<\/p>\n<p>Aquesta utilitzaci\u00f3 d&#8217;hist\u00f2ries reals desperta un debat pertinent en el sector, on sovint es crida a la responsabilitat, ja que hem de recordar que es tracta de testimoniatges d&#8217;experi\u00e8ncies viscudes, no un simple instrument de comunicaci\u00f3.<\/p>\n<p>Existeix un cert acord t\u00e0cit, no sempre respectat per les organitzacions, d&#8217;una representaci\u00f3 acurada i respectuosa com a condici\u00f3 essencial per a no revictimitzar als seus protagonistes ni perpetuar estereotips que danyin al col\u00b7lectiu en consolidar prejudicis o presentar simplificacions que perjudiquin comunitats senceres.<\/p>\n<p>En definitiva, s&#8217;advoca encertadament per una narrativa que honri l&#8217;autenticitat, protegeixi la dignitat dels protagonistes i fomenti la comprensi\u00f3 sense caure en el parany de l&#8217;explotaci\u00f3 emocional com a clau per a construir ponts emocionals significatius sense comprometre la integritat de les persones darrere de cada hist\u00f2ria.<\/p>\n<p>Hi ha, no obstant aix\u00f2, altres arestes en les campanyes comunicatives que activen l&#8217;empatia, potser menys present entre els responsables de comunicaci\u00f3:<\/p>\n<p>En primer lloc, una comunicaci\u00f3 basada en una viv\u00e8ncia individual comporta uns certs riscos, especialment en termes de representativitat i comprensi\u00f3 completa de la situaci\u00f3. Generalitzar a partir d&#8217;una experi\u00e8ncia personal pot portar a una visi\u00f3 esbiaixada de la realitat. La pr\u00f2pia selecci\u00f3 de testimoniatges \u00e9s a m\u00e9s subjectiva, podent excloure perspectives importants i creant una imatge distorsionada de la realitat en deixar de costat certs aspectes o grups de persones.<\/p>\n<p>En definitiva, la realitat \u00e9s complexa. En comunicar-la a trav\u00e9s de testimoniatges individuals, existeix el risc de simplificar massa la narrativa i perdre la riquesa i complexitat de la situaci\u00f3 que dep\u00e8n de factors com el context hist\u00f2ric, social, econ\u00f2mic i pol\u00edtic, que poden no ser presents en un testimoniatge individual.<\/p>\n<p>En segon lloc, paradoxalment, l&#8217;exposici\u00f3 constant a narratives que provoquen aquesta connexi\u00f3 emocional, pot resultar en dessensibilitzaci\u00f3, portant l&#8217;audi\u00e8ncia a desenvolupar una esp\u00e8cie de blindatge emocional. Dit d&#8217;una altra manera: la sobrec\u00e0rrega pot convertir-se en soroll, anul\u00b7lant la capacitat de percebre el sofriment com una cosa davant la qual hem d&#8217;actuar.<\/p>\n<p>Aix\u00ed, l&#8217;empatia, la nostra capacitat de sentir i comprendre les emocions dels altres, pot xocar amb els mecanismes psicol\u00f2gics d&#8217;autoprotecci\u00f3 quan desperta emocions inc\u00f2modes. El constant bombardeig de realitats que percebem com a tr\u00e0giques, pot desencadenar la necessitat de desconnectar emocionalment per a preservar el benestar emocional.<\/p>\n<h3><span style=\"color: #000000\">Comunicaci\u00f3 Conscient<\/span><\/h3>\n<p><span style=\"color: #000000\">Respecte a aquest \u00faltim punt, per a mantenir l&#8217;efectivitat de la comunicaci\u00f3, cal tenir en compte no sols l&#8217;instint natural de connexi\u00f3, sin\u00f3 tamb\u00e9 el d&#8217;autopreservaci\u00f3. \u00a0<\/span><\/p>\n<p><span style=\"color: #000000\">No existeixen solucions m\u00e0giques ni receptes infal\u00b7libles, especialment si tenim en consideraci\u00f3 que som responsables sols d&#8217;un percentatge m\u00ednim del total d&#8217;impactes que rebr\u00e0 la nostra audi\u00e8ncia.<\/span><\/p>\n<p><span style=\"color: #000000\">No obstant aix\u00f2, algunes teories psicol\u00f2giques com la d&#8217;autoefic\u00e0cia o l&#8217;evitaci\u00f3 de la desesperan\u00e7a ens donen algunes pistes sobre les possibles aproximacions.<\/span><\/p>\n<p><span style=\"color: #000000\">La principal estrat\u00e8gia passa potser per la comunicaci\u00f3 en positiu. Sense edulcorar o versionar la realitat, l&#8217;\u00e8mfasi en solucions i la inclusi\u00f3 d&#8217;hist\u00f2ries de resili\u00e8ncia no sols eviten la fatiga emocional, sin\u00f3 que tamb\u00e9 mobilitzen a l&#8217;audi\u00e8ncia en traslladar que les seves accions poden marcar la difer\u00e8ncia.<\/span><\/p>\n<p><span style=\"color: #000000\">Aix\u00f2 es deu al fet que les persones tendim a evitar situacions en les quals percebem que no hi ha possibilitat de canvi o millora. L&#8217;esperan\u00e7a, d&#8217;altra banda, actua com un motivador intr\u00ednsec i proporciona un est\u00edmul que fomenta l&#8217;acci\u00f3.<\/span><\/p>\n<p><span style=\"color: #000000\">A m\u00e9s, s&#8217;ha de donar espai a l&#8217;audi\u00e8ncia per a processar i actuar. Involucrar-la de manera activa fomentant la seva participaci\u00f3 refor\u00e7a la connexi\u00f3 emocional d&#8217;una audi\u00e8ncia que se sentir\u00e0 part de la soluci\u00f3.<\/span><\/p>\n<h3><span style=\"color: #000000\"><strong>Conclusions<\/strong><\/span><\/h3>\n<p><span style=\"color: #000000\">Construir campanyes de sensibilitzaci\u00f3 efectives no \u00e9s nom\u00e9s transmetre informaci\u00f3; \u00e9s crear ponts emocionals que connectin a l&#8217;audi\u00e8ncia amb la realitat presentada, en tota la seva complexitat.<\/span><\/p>\n<p><span style=\"color: #000000\">Devem, no obstant aix\u00f2, ser conscients dels riscos de dessensibilitzaci\u00f3 i treballar activament per a mantenir l&#8217;equilibri entre l&#8217;empatia i els mecanismes de defensa psicol\u00f2gica. En \u00faltima inst\u00e0ncia, la comunicaci\u00f3 efectiva no sols crea consci\u00e8ncia, sin\u00f3 que tamb\u00e9 inspira un canvi significatiu i sostenible en la societat.<\/span>[\/vc_column_text][\/vc_column][\/vc_row]<\/p>\n<\/div>","protected":false},"excerpt":{"rendered":"<p> ESTRAT\u00c8GIES DE COMUNICACI\u00d3 EN CAMPANYES DE SENSIBILITZACI\u00d3 Ana Peris, Responsable de comunicaci\u00f3 i m\u00e0rqueting La comunicaci\u00f3 en [&hellip;]<\/p>\n","protected":false},"author":2,"featured_media":9170,"comment_status":"open","ping_status":"open","sticky":false,"template":"","format":"standard","meta":{"footnotes":""},"categories":[2],"tags":[],"class_list":["post-9007","post","type-post","status-publish","format-standard","has-post-thumbnail","hentry","category-actualitat"],"yoast_head":"<!-- This site is optimized with the Yoast SEO plugin v27.4 - https:\/\/yoast.com\/product\/yoast-seo-wordpress\/ -->\n<title>Estrat\u00e8gies de Comunicaci\u00f3 en Campanyes de Sensibilitzaci\u00f3 - Fundaci\u00f3n Privada Nous Cims<\/title>\n<meta name=\"description\" content=\"La sensibilitzaci\u00f3 social \u00e9s una eina poderosa que pot mobilitzar accions tant en el pla individual com col\u00b7lectiu.\" \/>\n<meta name=\"robots\" content=\"index, follow, max-snippet:-1, max-image-preview:large, max-video-preview:-1\" \/>\n<link rel=\"canonical\" href=\"https:\/\/www.nouscims.com\/ca\/actualitat\/estrategies-de-comunicacio-en-campanyes-de-sensibilitzacio\/\" \/>\n<meta property=\"og:locale\" content=\"ca_ES\" \/>\n<meta property=\"og:type\" content=\"article\" \/>\n<meta property=\"og:title\" content=\"Estrat\u00e8gies de Comunicaci\u00f3 en Campanyes de Sensibilitzaci\u00f3 - Fundaci\u00f3n Privada Nous Cims\" \/>\n<meta property=\"og:description\" content=\"La sensibilitzaci\u00f3 social \u00e9s una eina poderosa que pot mobilitzar accions tant en el pla individual com col\u00b7lectiu.\" \/>\n<meta property=\"og:url\" content=\"https:\/\/www.nouscims.com\/ca\/actualitat\/estrategies-de-comunicacio-en-campanyes-de-sensibilitzacio\/\" \/>\n<meta property=\"og:site_name\" content=\"Fundaci\u00f3n Privada Nous Cims\" \/>\n<meta property=\"article:publisher\" content=\"https:\/\/www.facebook.com\/nouscims\" \/>\n<meta property=\"article:published_time\" content=\"2024-03-15T12:02:18+00:00\" \/>\n<meta property=\"article:modified_time\" content=\"2024-03-20T08:36:15+00:00\" \/>\n<meta property=\"og:image\" content=\"https:\/\/www.nouscims.com\/wp-content\/uploads\/2024\/03\/IMG-20240320-WA0000.jpg\" \/>\n\t<meta property=\"og:image:width\" content=\"1600\" \/>\n\t<meta property=\"og:image:height\" content=\"1200\" \/>\n\t<meta property=\"og:image:type\" content=\"image\/jpeg\" \/>\n<meta name=\"author\" content=\"Nous Cims\" \/>\n<meta name=\"twitter:card\" content=\"summary_large_image\" \/>\n<meta name=\"twitter:creator\" content=\"@nouscims\" \/>\n<meta name=\"twitter:site\" content=\"@nouscims\" \/>\n<meta name=\"twitter:label1\" content=\"Escrit per\" \/>\n\t<meta name=\"twitter:data1\" content=\"Nous Cims\" \/>\n\t<meta name=\"twitter:label2\" content=\"Temps estimat de lectura\" \/>\n\t<meta name=\"twitter:data2\" content=\"4 minuts\" \/>\n<script type=\"application\/ld+json\" class=\"yoast-schema-graph\">{\"@context\":\"https:\\\/\\\/schema.org\",\"@graph\":[{\"@type\":\"Article\",\"@id\":\"https:\\\/\\\/www.nouscims.com\\\/ca\\\/actualitat\\\/estrategies-de-comunicacio-en-campanyes-de-sensibilitzacio\\\/#article\",\"isPartOf\":{\"@id\":\"https:\\\/\\\/www.nouscims.com\\\/ca\\\/actualitat\\\/estrategies-de-comunicacio-en-campanyes-de-sensibilitzacio\\\/\"},\"author\":{\"name\":\"Nous Cims\",\"@id\":\"https:\\\/\\\/www.nouscims.com\\\/ca\\\/#\\\/schema\\\/person\\\/c49be7fd7667a36f1b39c1c5a2becf99\"},\"headline\":\"Estrat\u00e8gies de Comunicaci\u00f3 en Campanyes de Sensibilitzaci\u00f3\",\"datePublished\":\"2024-03-15T12:02:18+00:00\",\"dateModified\":\"2024-03-20T08:36:15+00:00\",\"mainEntityOfPage\":{\"@id\":\"https:\\\/\\\/www.nouscims.com\\\/ca\\\/actualitat\\\/estrategies-de-comunicacio-en-campanyes-de-sensibilitzacio\\\/\"},\"wordCount\":1010,\"commentCount\":0,\"image\":{\"@id\":\"https:\\\/\\\/www.nouscims.com\\\/ca\\\/actualitat\\\/estrategies-de-comunicacio-en-campanyes-de-sensibilitzacio\\\/#primaryimage\"},\"thumbnailUrl\":\"https:\\\/\\\/www.nouscims.com\\\/wp-content\\\/uploads\\\/2024\\\/03\\\/IMG-20240320-WA0000.jpg\",\"articleSection\":[\"Actualitat\"],\"inLanguage\":\"ca\",\"potentialAction\":[{\"@type\":\"CommentAction\",\"name\":\"Comment\",\"target\":[\"https:\\\/\\\/www.nouscims.com\\\/ca\\\/actualitat\\\/estrategies-de-comunicacio-en-campanyes-de-sensibilitzacio\\\/#respond\"]}]},{\"@type\":\"WebPage\",\"@id\":\"https:\\\/\\\/www.nouscims.com\\\/ca\\\/actualitat\\\/estrategies-de-comunicacio-en-campanyes-de-sensibilitzacio\\\/\",\"url\":\"https:\\\/\\\/www.nouscims.com\\\/ca\\\/actualitat\\\/estrategies-de-comunicacio-en-campanyes-de-sensibilitzacio\\\/\",\"name\":\"Estrat\u00e8gies de Comunicaci\u00f3 en Campanyes de Sensibilitzaci\u00f3 - Fundaci\u00f3n Privada Nous Cims\",\"isPartOf\":{\"@id\":\"https:\\\/\\\/www.nouscims.com\\\/ca\\\/#website\"},\"primaryImageOfPage\":{\"@id\":\"https:\\\/\\\/www.nouscims.com\\\/ca\\\/actualitat\\\/estrategies-de-comunicacio-en-campanyes-de-sensibilitzacio\\\/#primaryimage\"},\"image\":{\"@id\":\"https:\\\/\\\/www.nouscims.com\\\/ca\\\/actualitat\\\/estrategies-de-comunicacio-en-campanyes-de-sensibilitzacio\\\/#primaryimage\"},\"thumbnailUrl\":\"https:\\\/\\\/www.nouscims.com\\\/wp-content\\\/uploads\\\/2024\\\/03\\\/IMG-20240320-WA0000.jpg\",\"datePublished\":\"2024-03-15T12:02:18+00:00\",\"dateModified\":\"2024-03-20T08:36:15+00:00\",\"author\":{\"@id\":\"https:\\\/\\\/www.nouscims.com\\\/ca\\\/#\\\/schema\\\/person\\\/c49be7fd7667a36f1b39c1c5a2becf99\"},\"description\":\"La sensibilitzaci\u00f3 social \u00e9s una eina poderosa que pot mobilitzar accions tant en el pla individual com col\u00b7lectiu.\",\"breadcrumb\":{\"@id\":\"https:\\\/\\\/www.nouscims.com\\\/ca\\\/actualitat\\\/estrategies-de-comunicacio-en-campanyes-de-sensibilitzacio\\\/#breadcrumb\"},\"inLanguage\":\"ca\",\"potentialAction\":[{\"@type\":\"ReadAction\",\"target\":[\"https:\\\/\\\/www.nouscims.com\\\/ca\\\/actualitat\\\/estrategies-de-comunicacio-en-campanyes-de-sensibilitzacio\\\/\"]}]},{\"@type\":\"ImageObject\",\"inLanguage\":\"ca\",\"@id\":\"https:\\\/\\\/www.nouscims.com\\\/ca\\\/actualitat\\\/estrategies-de-comunicacio-en-campanyes-de-sensibilitzacio\\\/#primaryimage\",\"url\":\"https:\\\/\\\/www.nouscims.com\\\/wp-content\\\/uploads\\\/2024\\\/03\\\/IMG-20240320-WA0000.jpg\",\"contentUrl\":\"https:\\\/\\\/www.nouscims.com\\\/wp-content\\\/uploads\\\/2024\\\/03\\\/IMG-20240320-WA0000.jpg\",\"width\":1600,\"height\":1200},{\"@type\":\"BreadcrumbList\",\"@id\":\"https:\\\/\\\/www.nouscims.com\\\/ca\\\/actualitat\\\/estrategies-de-comunicacio-en-campanyes-de-sensibilitzacio\\\/#breadcrumb\",\"itemListElement\":[{\"@type\":\"ListItem\",\"position\":1,\"name\":\"Portada\",\"item\":\"https:\\\/\\\/www.nouscims.com\\\/ca\\\/\"},{\"@type\":\"ListItem\",\"position\":2,\"name\":\"Estrat\u00e8gies de Comunicaci\u00f3 en Campanyes de Sensibilitzaci\u00f3\"}]},{\"@type\":\"WebSite\",\"@id\":\"https:\\\/\\\/www.nouscims.com\\\/ca\\\/#website\",\"url\":\"https:\\\/\\\/www.nouscims.com\\\/ca\\\/\",\"name\":\"Fundaci\u00f3n Privada Nous Cims\",\"description\":\"Impulsamos y desarrollamos proyectos de innovaci\u00f3n social\",\"potentialAction\":[{\"@type\":\"SearchAction\",\"target\":{\"@type\":\"EntryPoint\",\"urlTemplate\":\"https:\\\/\\\/www.nouscims.com\\\/ca\\\/?s={search_term_string}\"},\"query-input\":{\"@type\":\"PropertyValueSpecification\",\"valueRequired\":true,\"valueName\":\"search_term_string\"}}],\"inLanguage\":\"ca\"},{\"@type\":\"Person\",\"@id\":\"https:\\\/\\\/www.nouscims.com\\\/ca\\\/#\\\/schema\\\/person\\\/c49be7fd7667a36f1b39c1c5a2becf99\",\"name\":\"Nous Cims\",\"image\":{\"@type\":\"ImageObject\",\"inLanguage\":\"ca\",\"@id\":\"https:\\\/\\\/secure.gravatar.com\\\/avatar\\\/1dd42f1cafb4dfa67ddb690263b49eb6dd0b847386b5e1ee729643a318a2de73?s=96&d=mm&r=g\",\"url\":\"https:\\\/\\\/secure.gravatar.com\\\/avatar\\\/1dd42f1cafb4dfa67ddb690263b49eb6dd0b847386b5e1ee729643a318a2de73?s=96&d=mm&r=g\",\"contentUrl\":\"https:\\\/\\\/secure.gravatar.com\\\/avatar\\\/1dd42f1cafb4dfa67ddb690263b49eb6dd0b847386b5e1ee729643a318a2de73?s=96&d=mm&r=g\",\"caption\":\"Nous Cims\"},\"url\":\"https:\\\/\\\/www.nouscims.com\\\/ca\\\/author\\\/edelcampo\\\/\"}]}<\/script>\n<!-- \/ Yoast SEO plugin. -->","yoast_head_json":{"title":"Estrat\u00e8gies de Comunicaci\u00f3 en Campanyes de Sensibilitzaci\u00f3 - Fundaci\u00f3n Privada Nous Cims","description":"La sensibilitzaci\u00f3 social \u00e9s una eina poderosa que pot mobilitzar accions tant en el pla individual com col\u00b7lectiu.","robots":{"index":"index","follow":"follow","max-snippet":"max-snippet:-1","max-image-preview":"max-image-preview:large","max-video-preview":"max-video-preview:-1"},"canonical":"https:\/\/www.nouscims.com\/ca\/actualitat\/estrategies-de-comunicacio-en-campanyes-de-sensibilitzacio\/","og_locale":"ca_ES","og_type":"article","og_title":"Estrat\u00e8gies de Comunicaci\u00f3 en Campanyes de Sensibilitzaci\u00f3 - Fundaci\u00f3n Privada Nous Cims","og_description":"La sensibilitzaci\u00f3 social \u00e9s una eina poderosa que pot mobilitzar accions tant en el pla individual com col\u00b7lectiu.","og_url":"https:\/\/www.nouscims.com\/ca\/actualitat\/estrategies-de-comunicacio-en-campanyes-de-sensibilitzacio\/","og_site_name":"Fundaci\u00f3n Privada Nous Cims","article_publisher":"https:\/\/www.facebook.com\/nouscims","article_published_time":"2024-03-15T12:02:18+00:00","article_modified_time":"2024-03-20T08:36:15+00:00","og_image":[{"width":1600,"height":1200,"url":"https:\/\/www.nouscims.com\/wp-content\/uploads\/2024\/03\/IMG-20240320-WA0000.jpg","type":"image\/jpeg"}],"author":"Nous Cims","twitter_card":"summary_large_image","twitter_creator":"@nouscims","twitter_site":"@nouscims","twitter_misc":{"Escrit per":"Nous Cims","Temps estimat de lectura":"4 minuts"},"schema":{"@context":"https:\/\/schema.org","@graph":[{"@type":"Article","@id":"https:\/\/www.nouscims.com\/ca\/actualitat\/estrategies-de-comunicacio-en-campanyes-de-sensibilitzacio\/#article","isPartOf":{"@id":"https:\/\/www.nouscims.com\/ca\/actualitat\/estrategies-de-comunicacio-en-campanyes-de-sensibilitzacio\/"},"author":{"name":"Nous Cims","@id":"https:\/\/www.nouscims.com\/ca\/#\/schema\/person\/c49be7fd7667a36f1b39c1c5a2becf99"},"headline":"Estrat\u00e8gies de Comunicaci\u00f3 en Campanyes de Sensibilitzaci\u00f3","datePublished":"2024-03-15T12:02:18+00:00","dateModified":"2024-03-20T08:36:15+00:00","mainEntityOfPage":{"@id":"https:\/\/www.nouscims.com\/ca\/actualitat\/estrategies-de-comunicacio-en-campanyes-de-sensibilitzacio\/"},"wordCount":1010,"commentCount":0,"image":{"@id":"https:\/\/www.nouscims.com\/ca\/actualitat\/estrategies-de-comunicacio-en-campanyes-de-sensibilitzacio\/#primaryimage"},"thumbnailUrl":"https:\/\/www.nouscims.com\/wp-content\/uploads\/2024\/03\/IMG-20240320-WA0000.jpg","articleSection":["Actualitat"],"inLanguage":"ca","potentialAction":[{"@type":"CommentAction","name":"Comment","target":["https:\/\/www.nouscims.com\/ca\/actualitat\/estrategies-de-comunicacio-en-campanyes-de-sensibilitzacio\/#respond"]}]},{"@type":"WebPage","@id":"https:\/\/www.nouscims.com\/ca\/actualitat\/estrategies-de-comunicacio-en-campanyes-de-sensibilitzacio\/","url":"https:\/\/www.nouscims.com\/ca\/actualitat\/estrategies-de-comunicacio-en-campanyes-de-sensibilitzacio\/","name":"Estrat\u00e8gies de Comunicaci\u00f3 en Campanyes de Sensibilitzaci\u00f3 - Fundaci\u00f3n Privada Nous Cims","isPartOf":{"@id":"https:\/\/www.nouscims.com\/ca\/#website"},"primaryImageOfPage":{"@id":"https:\/\/www.nouscims.com\/ca\/actualitat\/estrategies-de-comunicacio-en-campanyes-de-sensibilitzacio\/#primaryimage"},"image":{"@id":"https:\/\/www.nouscims.com\/ca\/actualitat\/estrategies-de-comunicacio-en-campanyes-de-sensibilitzacio\/#primaryimage"},"thumbnailUrl":"https:\/\/www.nouscims.com\/wp-content\/uploads\/2024\/03\/IMG-20240320-WA0000.jpg","datePublished":"2024-03-15T12:02:18+00:00","dateModified":"2024-03-20T08:36:15+00:00","author":{"@id":"https:\/\/www.nouscims.com\/ca\/#\/schema\/person\/c49be7fd7667a36f1b39c1c5a2becf99"},"description":"La sensibilitzaci\u00f3 social \u00e9s una eina poderosa que pot mobilitzar accions tant en el pla individual com col\u00b7lectiu.","breadcrumb":{"@id":"https:\/\/www.nouscims.com\/ca\/actualitat\/estrategies-de-comunicacio-en-campanyes-de-sensibilitzacio\/#breadcrumb"},"inLanguage":"ca","potentialAction":[{"@type":"ReadAction","target":["https:\/\/www.nouscims.com\/ca\/actualitat\/estrategies-de-comunicacio-en-campanyes-de-sensibilitzacio\/"]}]},{"@type":"ImageObject","inLanguage":"ca","@id":"https:\/\/www.nouscims.com\/ca\/actualitat\/estrategies-de-comunicacio-en-campanyes-de-sensibilitzacio\/#primaryimage","url":"https:\/\/www.nouscims.com\/wp-content\/uploads\/2024\/03\/IMG-20240320-WA0000.jpg","contentUrl":"https:\/\/www.nouscims.com\/wp-content\/uploads\/2024\/03\/IMG-20240320-WA0000.jpg","width":1600,"height":1200},{"@type":"BreadcrumbList","@id":"https:\/\/www.nouscims.com\/ca\/actualitat\/estrategies-de-comunicacio-en-campanyes-de-sensibilitzacio\/#breadcrumb","itemListElement":[{"@type":"ListItem","position":1,"name":"Portada","item":"https:\/\/www.nouscims.com\/ca\/"},{"@type":"ListItem","position":2,"name":"Estrat\u00e8gies de Comunicaci\u00f3 en Campanyes de Sensibilitzaci\u00f3"}]},{"@type":"WebSite","@id":"https:\/\/www.nouscims.com\/ca\/#website","url":"https:\/\/www.nouscims.com\/ca\/","name":"Fundaci\u00f3n Privada Nous Cims","description":"Impulsamos y desarrollamos proyectos de innovaci\u00f3n social","potentialAction":[{"@type":"SearchAction","target":{"@type":"EntryPoint","urlTemplate":"https:\/\/www.nouscims.com\/ca\/?s={search_term_string}"},"query-input":{"@type":"PropertyValueSpecification","valueRequired":true,"valueName":"search_term_string"}}],"inLanguage":"ca"},{"@type":"Person","@id":"https:\/\/www.nouscims.com\/ca\/#\/schema\/person\/c49be7fd7667a36f1b39c1c5a2becf99","name":"Nous Cims","image":{"@type":"ImageObject","inLanguage":"ca","@id":"https:\/\/secure.gravatar.com\/avatar\/1dd42f1cafb4dfa67ddb690263b49eb6dd0b847386b5e1ee729643a318a2de73?s=96&d=mm&r=g","url":"https:\/\/secure.gravatar.com\/avatar\/1dd42f1cafb4dfa67ddb690263b49eb6dd0b847386b5e1ee729643a318a2de73?s=96&d=mm&r=g","contentUrl":"https:\/\/secure.gravatar.com\/avatar\/1dd42f1cafb4dfa67ddb690263b49eb6dd0b847386b5e1ee729643a318a2de73?s=96&d=mm&r=g","caption":"Nous Cims"},"url":"https:\/\/www.nouscims.com\/ca\/author\/edelcampo\/"}]}},"_links":{"self":[{"href":"https:\/\/www.nouscims.com\/ca\/wp-json\/wp\/v2\/posts\/9007","targetHints":{"allow":["GET"]}}],"collection":[{"href":"https:\/\/www.nouscims.com\/ca\/wp-json\/wp\/v2\/posts"}],"about":[{"href":"https:\/\/www.nouscims.com\/ca\/wp-json\/wp\/v2\/types\/post"}],"author":[{"embeddable":true,"href":"https:\/\/www.nouscims.com\/ca\/wp-json\/wp\/v2\/users\/2"}],"replies":[{"embeddable":true,"href":"https:\/\/www.nouscims.com\/ca\/wp-json\/wp\/v2\/comments?post=9007"}],"version-history":[{"count":9,"href":"https:\/\/www.nouscims.com\/ca\/wp-json\/wp\/v2\/posts\/9007\/revisions"}],"predecessor-version":[{"id":9168,"href":"https:\/\/www.nouscims.com\/ca\/wp-json\/wp\/v2\/posts\/9007\/revisions\/9168"}],"wp:featuredmedia":[{"embeddable":true,"href":"https:\/\/www.nouscims.com\/ca\/wp-json\/wp\/v2\/media\/9170"}],"wp:attachment":[{"href":"https:\/\/www.nouscims.com\/ca\/wp-json\/wp\/v2\/media?parent=9007"}],"wp:term":[{"taxonomy":"category","embeddable":true,"href":"https:\/\/www.nouscims.com\/ca\/wp-json\/wp\/v2\/categories?post=9007"},{"taxonomy":"post_tag","embeddable":true,"href":"https:\/\/www.nouscims.com\/ca\/wp-json\/wp\/v2\/tags?post=9007"}],"curies":[{"name":"wp","href":"https:\/\/api.w.org\/{rel}","templated":true}]}}