{"id":8980,"date":"2024-02-26T17:04:54","date_gmt":"2024-02-26T16:04:54","guid":{"rendered":"https:\/\/www.nouscims.com\/?p=8980"},"modified":"2024-02-26T17:04:55","modified_gmt":"2024-02-26T16:04:55","slug":"la-ia-aplicada-al-camp-de-la-salut-mental","status":"publish","type":"post","link":"https:\/\/www.nouscims.com\/ca\/actualitat\/la-ia-aplicada-al-camp-de-la-salut-mental\/","title":{"rendered":"La IA Aplicada al Camp de la Salut Mental"},"content":{"rendered":"<div class=\"wpb-content-wrapper\"><p>[vc_row][vc_column width=&#8221;1\/2&#8243;][vc_column_text uncode_shortcode_id=&#8221;182388&#8243;]<\/p>\n<h3><strong><span style=\"color: #f64943\">LA IA APLICADA EN EL CAMP DE LA SALUT MENTAL<\/span><\/strong><\/h3>\n<p><em><strong><span style=\"color: #f64943\">Guillermo Romero, Data Analyst<\/span><\/strong><\/em><\/p>\n<p><span style=\"color: #000000\">Actualment, estem vivint una revoluci\u00f3 digital marcada principalment per la implementaci\u00f3 de noves tecnologies que han transformat de manera radical la manera en la qual vivim i treballem. Un component que t\u00e9 molt pes en aquesta revoluci\u00f3 \u00e9s la famosa i tan esmentada \u00faltimament intel\u00b7lig\u00e8ncia artificial.<\/span><\/p>\n<p><span style=\"color: #000000\">Id\u00edl\u00b7licament, la IA \u00e9s una disciplina que busca dotar a les m\u00e0quines de capacitats cognitives similars a les humanes, permetent-los aprendre, raonar i prendre decisions de manera aut\u00f2noma.<\/span>[\/vc_column_text][\/vc_column][vc_column width=&#8221;1\/2&#8243;][vc_single_image media=&#8221;8996&#8243; media_width_percent=&#8221;100&#8243; uncode_shortcode_id=&#8221;581339&#8243;][\/vc_column][\/vc_row][vc_row][vc_column width=&#8221;1\/1&#8243;][vc_column_text uncode_shortcode_id=&#8221;211324&#8243;]<span style=\"color: #000000\">En aquest context, l&#8217;article que es presenta a continuaci\u00f3 t\u00e9 la intenci\u00f3 de detallar l&#8217;estat actual de la IA dins del camp de la salut mental i quines perspectives presenta en el panorama cl\u00ednic.<\/span><\/p>\n<p><span style=\"color: #000000\">En el programa DOMUM, ens proposem detallar la metodologia que s&#8217;est\u00e0 duent a terme i a m\u00e9s, com la IA pot aportar molt de valor al programa. Buscarem comprendre a fons l&#8217;abast i les limitacions actuals de la IA, aix\u00ed com el seu potencial per a millorar i complementar les activitats i pr\u00e0ctiques cl\u00edniques.<\/span><\/p>\n<h3><span style=\"color: #000000\">AI Aplicada a Healthcare<\/span><\/h3>\n<p><span style=\"color: #000000\">A pesar que tot el relacionat amb la IA s&#8217;ha convertit en una pot\u00e8ncia present dins del camp de la medicina, pel que fa al camp de la salut mental i el benestar emocional, est\u00e0 sent un proc\u00e9s m\u00e9s lent. Els professionals de la salut mental tendeixen a ser m\u00e9s pr\u00e0ctics en el seu dia a dia, a difer\u00e8ncia d&#8217;altres professionals fora del sector. El diagn\u00f2stic i l&#8217;an\u00e0lisi es fonamenten sovint en estats emocionals i\/o an\u00edmics, com, per exemple, l&#8217;observaci\u00f3 d&#8217;uns certs comportaments o factors psicol\u00f2gics dels seus pacients.<\/span><\/p>\n<p><span style=\"color: #000000\">Avui dia, les dades presentades pel professional es reporten en forma de declaracions o afirmacions subjectives i notes qualitatives de pacients, que s\u00f3n fruit de les verbalitzacions del pacient i interpretacions del propi professional. A m\u00e9s, per a l&#8217;avan\u00e7 del mesurament de les intervencions cl\u00edniques, la IA encara no ha estat prou desenvolupada dins del camp de la salut mental.\u00a0<\/span><\/p>\n<p><span style=\"color: #000000\">Una pregunta pertinent sobre aquest tema seria:<\/span> <strong><span style=\"color: #000000\">Fins a quin punt els professionals de la salut mental confien en la Intel\u00b7lig\u00e8ncia Artificial per a la seva pr\u00e0ctica cl\u00ednica i d&#8217;intervenci\u00f3 psicosocial? Qu\u00e8 es necessita per a poder treballar de la m\u00e0 d&#8217;ella?<\/span><\/strong><\/p>\n<p><span style=\"color: #000000\">Per a trobar resposta a les preguntes formulades anteriorment, necessitem con\u00e8ixer molt b\u00e9 com funciona la IA, per a qu\u00e8 la necessitem i quines s\u00f3n les expectatives que tenim sobre ella.<\/span><\/p>\n<h3><span style=\"color: #000000\">Dades no centralitzades i poc definides<\/span><\/h3>\n<p><span style=\"color: #000000\">En primer lloc, \u00e9s primordial anar a buscar el punt de partida, la dada. Sense la capacitat de tenir una metodologia de captaci\u00f3 rigorosa de dades cient\u00edfiques i de qualitat, la IA no t\u00e9 sentit. Actualment, en el camp de la salut mental, m\u00e9s del 75% (Josu\u00e8 Sallent, 2) de la informaci\u00f3 \u00e9s desestructurada. Per tant, resulta crucial comptar amb sistemes que facilitin una estructuraci\u00f3 de la informaci\u00f3, permetent un acc\u00e9s r\u00e0pid i senzill i que estigui a disposici\u00f3 de totes les persones implicades.<\/span><\/p>\n<p><span style=\"color: #000000\">Una via per a millorar l&#8217;estructuraci\u00f3 d&#8217;aquestes dades \u00e9s optimitzar el proc\u00e9s de captaci\u00f3, ja que en el sector \u201chealthcare\u201d encara es realitzen els informes manualment. La recol\u00b7lecci\u00f3 de dades suposa per al professional una gran part del seu treball, per aquesta ra\u00f3 proposem buscar eines digitals que ajudin a parametritzar els diagn\u00f2stics m\u00e8dics i de benestar del pacient. Aquestes eines digitals poden ser aparells de monitoratge, aplicacions de registre de salut o fins i tot plataformes i solucions especialitzades en el seguiment del pacient i telemedicina.<\/span><\/p>\n<p><span style=\"color: #000000\">No obstant aix\u00f2, fins ara, no s&#8217;utilitzen solucions d&#8217;aquest tipus en el camp del benestar i la salut mental, \u00fanicament en especialitats m\u00e8diques espec\u00edfiques.\u00a0\u00a0<\/span><\/p>\n<p><span style=\"color: #000000\">D&#8217;aquesta manera, un desenvolupament eficient de la IA requereix disposar d&#8217;una molt bona capacitat de col\u00b7laboraci\u00f3 entre els professionals de la salut mental, desenvolupadors de la tecnologia i els cient\u00edfics de dades.<\/span><\/p>\n<h3><span style=\"color: #000000\">Desafiaments \u00e8tics i socioculturals<\/span><\/h3>\n<p><span style=\"color: #000000\">Com ja hem vist, la implementaci\u00f3 de la IA no planteja nom\u00e9s interrogants t\u00e8cnics, sin\u00f3 que tamb\u00e9 suscita q\u00fcestions \u00e8tiques. Com qualsevol projecte de recerca i de noves caracter\u00edstiques, aquests han de sotmetre&#8217;s a un comit\u00e8 d&#8217;\u00e8tica corresponent. Avui dia, cal destacar que hi ha poques organitzacions dins del sector social que disposin d&#8217;inst\u00e0ncies de tecnologia, \u00e8tica i protecci\u00f3 de dades lligades al tractament d&#8217;aquests.\u00a0<\/span><\/p>\n<p><span style=\"color: #000000\">La transpar\u00e8ncia en l&#8217;\u00fas d&#8217;algorismes ja sigui que estiguin relacionats amb la IA o no, emergeix com un requisit essencial. \u00c9s vital assegurar que aquests algorismes no presentin biaixos ni discriminaci\u00f3 i, en canvi, demostrin beneficis tangibles per a la societat. M\u00e9s enll\u00e0 de l&#8217;an\u00e0lisi etic de l&#8217;\u00fas de dades en la recerca, es requereix la implementaci\u00f3 d&#8217;un organisme amb funcions similars a un comit\u00e8 de bio\u00e8tica. Aquest comit\u00e8 interdisciplinari hauria d&#8217;incloure experts humanistes, com a fil\u00f2sofs i soci\u00f2legs, per a garantir una representaci\u00f3 completa dels valors socials i abordar preguntes fonamentals sobre el model de societat que estem construint.<\/span><\/p>\n<p><span style=\"color: #000000\">En el context pol\u00edtic i de regulaci\u00f3, \u00e9s d&#8217;alta rellev\u00e0ncia establir pol\u00edtiques clares que gui\u00efn el desenvolupament i la implementaci\u00f3 de la IA en la salut mental. La falta d&#8217;inst\u00e0ncies que integrin aspectes \u00e8tics i tecnol\u00f2gics en els comit\u00e8s d&#8217;avaluaci\u00f3 de projectes de IA \u00e9s un buit que ha d&#8217;omplir-se per a assegurar una presa de decisions justa i equitativa. La privacitat i els drets dels ciutadans han de ser salvaguardats mitjan\u00e7ant la implementaci\u00f3 de mesures reguladores s\u00f2lides.<\/span><\/p>\n<p><span style=\"color: #000000\">En els \u00faltims mesos, les organitzacions s&#8217;han vist obligats a destacar i parlar sobre l&#8217;\u00e8tica de la IA. En aquest cas, l&#8217;OMS ha posat l&#8217;accent que els nous sistemes de tractament i captaci\u00f3 de dades tenen acc\u00e9s a informaci\u00f3 personal sensible, per la qual cosa es requereix d&#8217;uns marcs jur\u00eddicos i reguladors s\u00f2lids per a poder protegir aquestes dades i el dret a la privacitat de les persones.<\/span><\/p>\n<blockquote><p><span style=\"color: #000000\">\u201cLa intel\u00b7lig\u00e8ncia artificial resulta molt prometedora per a la salut i el benestar, per\u00f2 tamb\u00e9 presenta reptes importants, la qual cosa inclou la recopilaci\u00f3 de dades no \u00e8tiques, les amenaces de ciberseguretat i l&#8217;augment de biaixos i desinformaci\u00f3\u201d va dir el Dr. Tedros Adhanom, director general de l&#8217;OMS.\u00a0<\/span><\/p><\/blockquote>\n<p><span style=\"color: #000000\">Tal com comenta el Dr. Adahanom, existeixen moltes solucions que utilitzen la IA que poden ajudar dins del sector sanitari. Per exemple, es pot arribar a fer diagn\u00f2stics m\u00e9s precisos i primerencs utilitzant grans conjunts de dades m\u00e8diques per a identificar patrons que moltes vegades els professionals de la salut poden passar per alt.<\/span><\/p>\n<p><span style=\"color: #000000\">D&#8217;aquesta manera, es poden numerar diversos punts clau per a comprendre i confiar en un sistema de IA: el foment de la confian\u00e7a a trav\u00e9s de la documentaci\u00f3, la gesti\u00f3 de riscos, la validaci\u00f3 de dades externa, el comprom\u00eds amb la qualitat de dades, abordatge de totes les regulacions, promoci\u00f3 de la col\u00b7laboraci\u00f3 intersectorial.<\/span><\/p>\n<h3><span style=\"color: #000000\"><strong>Domum, un projecte amb ADN innovador<\/strong><\/span><\/h3>\n<p><span style=\"color: #000000\">DOMUM \u00e9s un projecte enfocat a millorar el benestar emocional i la qualitat de vida de les persones adultes en proc\u00e9s oncol\u00f2gic. \u00c9s un projecte que acompanya les unitats d&#8217;oncologia d&#8217;hospitals especialitzats en l&#8217;atenci\u00f3 integral i la humanitzaci\u00f3 de les cures oncol\u00f2giques. Compta amb entorns terap\u00e8utics on es desenvolupen tallers i formacions de tipus psicosocial que aborden qualsevol tipus de necessitat emocional. D&#8217;una banda, l&#8217;objectiu \u00e9s millorar el benestar emocional del pacient i els seus cuidadors, per\u00f2 tamb\u00e9 el d&#8217;acompanyar a l&#8217;equip de professionals sanitaris amb recursos i estrat\u00e8gies per a millorar la relaci\u00f3 amb el pacient i fer prevenci\u00f3 de l&#8217;estr\u00e8s.\u00a0<\/span><\/p>\n<p><span style=\"color: #000000\">Com hem esmentat en aquest article anteriorment, per a poder desenvolupar una eina de IA que permeti en l&#8217;exemple del projecte de Domum avaluar i identificar tipus de pacients en els seus espais, cal anar retrocedint fins a arribar a la dada.<\/span><\/p>\n<p><span style=\"color: #000000\">Per aquesta ra\u00f3, estem treballant estrat\u00e8gies per a obtenir un conjunt de dades estructurades que aportin valor sobre la salut mental i el benestar emocional dels beneficiaris. Aquesta iniciativa t\u00e9 com a focus la centralitzaci\u00f3 de la informaci\u00f3 en un \u00fanic repositori accessible (data cloud\/warehouse), permetent una visi\u00f3 integral i detallada de l&#8217;evoluci\u00f3 temporal de cadascun dels individus.\u00a0<\/span><\/p>\n<p><span style=\"color: #000000\">De les primeres fases sobre l&#8217;aplicabilitat i \u00fas de la IA en el projecte DOMUM podem destacar diferents punts:\u00a0<\/span><\/p>\n<ul>\n<li><strong><span style=\"color: #000000\">Eines d&#8217;Avaluaci\u00f3:<\/span><\/strong><\/li>\n<\/ul>\n<p><span style=\"color: #000000\">DOMUM utilitza eines d&#8217;avaluaci\u00f3, que poden incloure enquestes, q\u00fcestionaris i dispositius de monitoratge. Aquestes eines no sols capturen dades quantitatives i qualitatives, sin\u00f3 que tamb\u00e9 faciliten la identificaci\u00f3 de patrons emocionals i necessitats espec\u00edfiques de cada pacient.<\/span><\/p>\n<ul>\n<li><strong><span style=\"color: #000000\">Centralitzaci\u00f3 de Dades:<\/span><\/strong><\/li>\n<\/ul>\n<p><span style=\"color: #000000\">La centralitzaci\u00f3 de dades \u00e9s essencial per a l&#8217;\u00e8xit d&#8217;aquesta iniciativa. DOMUM cerca reunir informaci\u00f3 dispersa en un \u00fanic lloc, simplificant la gesti\u00f3 i l&#8217;an\u00e0lisi de dades. La implementaci\u00f3 de tecnologies avan\u00e7ades, recolzades per intel\u00b7lig\u00e8ncia artificial, garanteix la coher\u00e8ncia i la seguretat de la informaci\u00f3 recopilada. Utilitzant aquesta metodologia, busquem rigorosament complir amb la pol\u00edtica de privacitat i tenir acc\u00e9s a aquelles dades que exclusivament aportin valor al projecte.<\/span><\/p>\n<p><span style=\"color: #000000\">D&#8217;altra banda, podem tamb\u00e9 destacar algunes de les potencialitats que la IA podria aportar dins del programa. Cal tenir en compte que per a poder implementar el que es comenta a continuaci\u00f3, s&#8217;han d&#8217;involucrar a totes les parts interventores: els hospitals, pacients, professionals\u2026<\/span><\/p>\n<ul>\n<li><strong><span style=\"color: #000000\">Caracteritzaci\u00f3 de l&#8217;Evoluci\u00f3 del Benestar Emocional:<\/span><\/strong><\/li>\n<\/ul>\n<p><span style=\"color: #000000\">La parametritzaci\u00f3 de la informaci\u00f3 permet identificar factors clau que influeixen en el benestar emocional, la qual cosa facilita l&#8217;adaptaci\u00f3 d&#8217;intervencions i el disseny d&#8217;estrat\u00e8gies personalitzades. Aix\u00f2 \u00e9s fonamental per a la definici\u00f3 de les activitats terap\u00e8utiques i l&#8217;impacte que tenen sobre les persones en tractament.<\/span><\/p>\n<p><span style=\"color: #000000\">Una vegada que aquesta metodologia sigui implementada, es pot arribar a incorporar reconeixement per veu per a captar dades que no estiguin actualment al nostre abast i mitjan\u00e7ant un sistema l\u00f2gic d&#8217;algorisme potenciarem la identificaci\u00f3 de patrons tenint en compte totes les dades recopilades (sempre tenint en consideraci\u00f3 el comentat sobre la privacitat i l&#8217;\u00e8tica de la IA).<\/span><\/p>\n<ul>\n<li><strong><span style=\"color: #000000\">Identificaci\u00f3 i Parametritzaci\u00f3 de Pacients:<\/span><\/strong><\/li>\n<\/ul>\n<p><span style=\"color: #000000\">Estem treballant perqu\u00e8 cada pacient sigui identificat de manera \u00fanica en el sistema de DOMUM i de manera anonimitzada. Aquesta identificaci\u00f3 individual permet la creaci\u00f3 de perfils personalitzats, on es registren i parametritzen aspectes clau del proc\u00e9s i l&#8217;evoluci\u00f3 socioemocional de cada persona. La IA pot jugar un paper fonamental en l&#8217;an\u00e0lisi d&#8217;aquestes dades per a identificar tend\u00e8ncies i proporcionar una comprensi\u00f3 profunda de les necessitats emocionals dels pacients.<\/span><\/p>\n<h3><span style=\"color: #000000\">Protecci\u00f3 de dades<\/span><\/h3>\n<p><span style=\"color: #000000\">Com he esmentat anteriorment, la recopilaci\u00f3 i utilitzaci\u00f3 de dades sensibles, especialment en l&#8217;\u00e0mbit de la salut, comporta una responsabilitat \u00e8tica i legal significativa. En el context del projecte DOMUM, l&#8217;anonimitzaci\u00f3 de dades es presenta com un component clau per a garantir la privacitat i la seguretat de la informaci\u00f3 recopilada. Per a aconseguir una implementaci\u00f3 \u00f2ptima, treballem en col\u00b7laboraci\u00f3 amb Dig8tal, especialistes en ciberseguretat, la qual cosa ens permet implementar mesures s\u00f2lides per a protegir la identitat dels individus i complir amb les regulacions, com la GDPR.<\/span><\/p>\n<h4><span style=\"color: #000000\">Colaboraci\u00f3 amb Dig8tal<\/span><\/h4>\n<p><span style=\"color: #000000\">La col\u00b7laboraci\u00f3 amb Dig8tal refor\u00e7a la nostra capacitat per a garantir la confidencialitat i la integritat de les dades en el projecte DOMUM. La seva experi\u00e8ncia en seguretat de dades ens permet implementar estrat\u00e8gies avan\u00e7ades d&#8217;anonimitzaci\u00f3, mitigant els riscos associats amb la recopilaci\u00f3 i el processament d&#8217;informaci\u00f3 sensible. Aquesta associaci\u00f3 enforteix la base \u00e8tica i legal del projecte, assegurant que la tecnologia utilitzada benefici\u00ef als pacients i professionals de la salut sense comprometre la privacitat dels individus involucrats.<\/span><\/p>\n<p><span style=\"color: #000000\">Per a concloure es podria dir que el programa DOMUM no sols representa un avan\u00e7 significatiu en la humanitzaci\u00f3 de l&#8217;atenci\u00f3 a persones en proc\u00e9s oncol\u00f2gic, sin\u00f3 que tamb\u00e9 es proposa desplegar un enfocament pioner en la recopilaci\u00f3 i gesti\u00f3 de dades sobre el benestar emocional. En buscar centralitzar i parametritzar l&#8217;evoluci\u00f3 emocional de cada pacient, utilitzant eines avan\u00e7ades recolzades per intel\u00b7lig\u00e8ncia artificial, el projecte no sols es limita a oferir espais terap\u00e8utics i tallers, sin\u00f3 que tamb\u00e9 aborda la individualitat de les necessitats emocionals. Aquesta iniciativa promet no sols millorar la qualitat de vida dels qui viuen el c\u00e0ncer, sin\u00f3 tamb\u00e9 establir un model que pugui\u00a0 integrar de manera efectiva la tecnologia i l&#8217;atenci\u00f3 centrada en el pacient en l&#8217;\u00e0mbit de la salut.<\/span>[\/vc_column_text][\/vc_column][\/vc_row][vc_row][vc_column width=&#8221;1\/1&#8243;][vc_column_text uncode_shortcode_id=&#8221;105182&#8243;]Lee, E. E., Torous, J., De Choudhury, M., Depp, C. A., Graham, S. A., Kim, H. C., &#8230; Jeste, D. V. (2020). <em>Artificial Intelligence for Mental Healthcare: Clinical Applications, Barriers, Facilitators, and Artificial Wisdom.<\/em><\/p>\n<p>Cl\u00faster Salut Mental Catalunya. (2022). <em>Inteligencia Artificial y Salud Mental.<\/em> Barcelona, Espa\u00f1a: Dandelion Contents, SL.<\/p>\n<p>Gibert, K., S\u00e0nchez-Marr\u00e8, M., &amp; Izquierdo, J. (2016). A survey on pre-processing techniques: Relevant issues in the context of environmental data mining. AI Communications, 29(6), 627-663.<\/p>\n<p>Valls, A., Gibert, K., S\u00e1nchez, D., &amp; Batet, M. (2010). Using ontologies for structuring organizational knowledge in Home Care assistance. Int J Med Inform, 79(5), 370-387.<\/p>\n<p>D. Darcet, et al. (2021). &#8220;Artificial Intelligence and Digital Tools for Mental Healthcare: Advantages, Concerns, and Recommendations for Psychological Well-being Apps<\/p>\n<p>J. Montagud, et al. (2022). &#8220;Review of Artificial Intelligence in Mental Health Applications: Opportunities and Challenges.<\/p>\n<p>Bishnoi L, Narayan Singh S. Artificial intelligence techniques used in medical sciences: a review. Proc 8th Int Conf Conflu 2018. Cloud Comput Data Sci Eng Conflu. 2018;<\/p>\n<p>Wiens J, Shenoy ES. Machine learning for healthcare: on the verge of a major shift in healthcare epidemiology. Clin Infect Dis. 2018[\/vc_column_text][\/vc_column][\/vc_row]<\/p>\n<\/div>","protected":false},"excerpt":{"rendered":"<p> LA IA APLICADA EN EL CAMP DE LA SALUT MENTAL Guillermo Romero, Data Analyst Actualment, estem vivint [&hellip;]<\/p>\n","protected":false},"author":2,"featured_media":8993,"comment_status":"open","ping_status":"open","sticky":false,"template":"","format":"standard","meta":{"footnotes":""},"categories":[2],"tags":[],"class_list":["post-8980","post","type-post","status-publish","format-standard","has-post-thumbnail","hentry","category-actualitat"],"yoast_head":"<!-- This site is optimized with the Yoast SEO plugin v27.4 - https:\/\/yoast.com\/product\/yoast-seo-wordpress\/ -->\n<title>La IA Aplicada al Camp de la Salut Mental - Fundaci\u00f3n Privada Nous Cims<\/title>\n<meta name=\"description\" content=\"L&#039;article detalla l&#039;estat actual de la IA dins del camp de la salut mental i quines perspectives presenta en el panorama cl\u00ednic.\" \/>\n<meta name=\"robots\" content=\"index, follow, max-snippet:-1, max-image-preview:large, max-video-preview:-1\" \/>\n<link rel=\"canonical\" href=\"https:\/\/www.nouscims.com\/ca\/actualitat\/la-ia-aplicada-al-camp-de-la-salut-mental\/\" \/>\n<meta property=\"og:locale\" content=\"ca_ES\" \/>\n<meta property=\"og:type\" content=\"article\" \/>\n<meta property=\"og:title\" content=\"La IA Aplicada al Camp de la Salut Mental - Fundaci\u00f3n Privada Nous Cims\" \/>\n<meta property=\"og:description\" content=\"L&#039;article detalla l&#039;estat actual de la IA dins del camp de la salut mental i quines perspectives presenta en el panorama cl\u00ednic.\" \/>\n<meta property=\"og:url\" content=\"https:\/\/www.nouscims.com\/ca\/actualitat\/la-ia-aplicada-al-camp-de-la-salut-mental\/\" \/>\n<meta property=\"og:site_name\" content=\"Fundaci\u00f3n Privada Nous Cims\" \/>\n<meta property=\"article:publisher\" content=\"https:\/\/www.facebook.com\/nouscims\" \/>\n<meta property=\"article:published_time\" content=\"2024-02-26T16:04:54+00:00\" \/>\n<meta property=\"article:modified_time\" content=\"2024-02-26T16:04:55+00:00\" \/>\n<meta property=\"og:image\" content=\"https:\/\/www.nouscims.com\/wp-content\/uploads\/2024\/02\/Domum_ICO_Hospitalet_2022_E0I2862-scaled.jpg\" \/>\n\t<meta property=\"og:image:width\" content=\"2560\" \/>\n\t<meta property=\"og:image:height\" content=\"1707\" \/>\n\t<meta property=\"og:image:type\" content=\"image\/jpeg\" \/>\n<meta name=\"author\" content=\"Nous Cims\" \/>\n<meta name=\"twitter:card\" content=\"summary_large_image\" \/>\n<meta name=\"twitter:creator\" content=\"@nouscims\" \/>\n<meta name=\"twitter:site\" content=\"@nouscims\" \/>\n<meta name=\"twitter:label1\" content=\"Escrit per\" \/>\n\t<meta name=\"twitter:data1\" content=\"Nous Cims\" \/>\n\t<meta name=\"twitter:label2\" content=\"Temps estimat de lectura\" \/>\n\t<meta name=\"twitter:data2\" content=\"10 minuts\" \/>\n<script type=\"application\/ld+json\" class=\"yoast-schema-graph\">{\"@context\":\"https:\\\/\\\/schema.org\",\"@graph\":[{\"@type\":\"Article\",\"@id\":\"https:\\\/\\\/www.nouscims.com\\\/ca\\\/actualitat\\\/la-ia-aplicada-al-camp-de-la-salut-mental\\\/#article\",\"isPartOf\":{\"@id\":\"https:\\\/\\\/www.nouscims.com\\\/ca\\\/actualitat\\\/la-ia-aplicada-al-camp-de-la-salut-mental\\\/\"},\"author\":{\"name\":\"Nous Cims\",\"@id\":\"https:\\\/\\\/www.nouscims.com\\\/ca\\\/#\\\/schema\\\/person\\\/c49be7fd7667a36f1b39c1c5a2becf99\"},\"headline\":\"La IA Aplicada al Camp de la Salut Mental\",\"datePublished\":\"2024-02-26T16:04:54+00:00\",\"dateModified\":\"2024-02-26T16:04:55+00:00\",\"mainEntityOfPage\":{\"@id\":\"https:\\\/\\\/www.nouscims.com\\\/ca\\\/actualitat\\\/la-ia-aplicada-al-camp-de-la-salut-mental\\\/\"},\"wordCount\":2414,\"commentCount\":0,\"image\":{\"@id\":\"https:\\\/\\\/www.nouscims.com\\\/ca\\\/actualitat\\\/la-ia-aplicada-al-camp-de-la-salut-mental\\\/#primaryimage\"},\"thumbnailUrl\":\"https:\\\/\\\/www.nouscims.com\\\/wp-content\\\/uploads\\\/2024\\\/02\\\/Domum_ICO_Hospitalet_2022_E0I2862-scaled.jpg\",\"articleSection\":[\"Actualitat\"],\"inLanguage\":\"ca\",\"potentialAction\":[{\"@type\":\"CommentAction\",\"name\":\"Comment\",\"target\":[\"https:\\\/\\\/www.nouscims.com\\\/ca\\\/actualitat\\\/la-ia-aplicada-al-camp-de-la-salut-mental\\\/#respond\"]}]},{\"@type\":\"WebPage\",\"@id\":\"https:\\\/\\\/www.nouscims.com\\\/ca\\\/actualitat\\\/la-ia-aplicada-al-camp-de-la-salut-mental\\\/\",\"url\":\"https:\\\/\\\/www.nouscims.com\\\/ca\\\/actualitat\\\/la-ia-aplicada-al-camp-de-la-salut-mental\\\/\",\"name\":\"La IA Aplicada al Camp de la Salut Mental - Fundaci\u00f3n Privada Nous Cims\",\"isPartOf\":{\"@id\":\"https:\\\/\\\/www.nouscims.com\\\/ca\\\/#website\"},\"primaryImageOfPage\":{\"@id\":\"https:\\\/\\\/www.nouscims.com\\\/ca\\\/actualitat\\\/la-ia-aplicada-al-camp-de-la-salut-mental\\\/#primaryimage\"},\"image\":{\"@id\":\"https:\\\/\\\/www.nouscims.com\\\/ca\\\/actualitat\\\/la-ia-aplicada-al-camp-de-la-salut-mental\\\/#primaryimage\"},\"thumbnailUrl\":\"https:\\\/\\\/www.nouscims.com\\\/wp-content\\\/uploads\\\/2024\\\/02\\\/Domum_ICO_Hospitalet_2022_E0I2862-scaled.jpg\",\"datePublished\":\"2024-02-26T16:04:54+00:00\",\"dateModified\":\"2024-02-26T16:04:55+00:00\",\"author\":{\"@id\":\"https:\\\/\\\/www.nouscims.com\\\/ca\\\/#\\\/schema\\\/person\\\/c49be7fd7667a36f1b39c1c5a2becf99\"},\"description\":\"L'article detalla l'estat actual de la IA dins del camp de la salut mental i quines perspectives presenta en el panorama cl\u00ednic.\",\"breadcrumb\":{\"@id\":\"https:\\\/\\\/www.nouscims.com\\\/ca\\\/actualitat\\\/la-ia-aplicada-al-camp-de-la-salut-mental\\\/#breadcrumb\"},\"inLanguage\":\"ca\",\"potentialAction\":[{\"@type\":\"ReadAction\",\"target\":[\"https:\\\/\\\/www.nouscims.com\\\/ca\\\/actualitat\\\/la-ia-aplicada-al-camp-de-la-salut-mental\\\/\"]}]},{\"@type\":\"ImageObject\",\"inLanguage\":\"ca\",\"@id\":\"https:\\\/\\\/www.nouscims.com\\\/ca\\\/actualitat\\\/la-ia-aplicada-al-camp-de-la-salut-mental\\\/#primaryimage\",\"url\":\"https:\\\/\\\/www.nouscims.com\\\/wp-content\\\/uploads\\\/2024\\\/02\\\/Domum_ICO_Hospitalet_2022_E0I2862-scaled.jpg\",\"contentUrl\":\"https:\\\/\\\/www.nouscims.com\\\/wp-content\\\/uploads\\\/2024\\\/02\\\/Domum_ICO_Hospitalet_2022_E0I2862-scaled.jpg\",\"width\":2560,\"height\":1707},{\"@type\":\"BreadcrumbList\",\"@id\":\"https:\\\/\\\/www.nouscims.com\\\/ca\\\/actualitat\\\/la-ia-aplicada-al-camp-de-la-salut-mental\\\/#breadcrumb\",\"itemListElement\":[{\"@type\":\"ListItem\",\"position\":1,\"name\":\"Portada\",\"item\":\"https:\\\/\\\/www.nouscims.com\\\/ca\\\/\"},{\"@type\":\"ListItem\",\"position\":2,\"name\":\"La IA Aplicada al Camp de la Salut Mental\"}]},{\"@type\":\"WebSite\",\"@id\":\"https:\\\/\\\/www.nouscims.com\\\/ca\\\/#website\",\"url\":\"https:\\\/\\\/www.nouscims.com\\\/ca\\\/\",\"name\":\"Fundaci\u00f3n Privada Nous Cims\",\"description\":\"Impulsamos y desarrollamos proyectos de innovaci\u00f3n social\",\"potentialAction\":[{\"@type\":\"SearchAction\",\"target\":{\"@type\":\"EntryPoint\",\"urlTemplate\":\"https:\\\/\\\/www.nouscims.com\\\/ca\\\/?s={search_term_string}\"},\"query-input\":{\"@type\":\"PropertyValueSpecification\",\"valueRequired\":true,\"valueName\":\"search_term_string\"}}],\"inLanguage\":\"ca\"},{\"@type\":\"Person\",\"@id\":\"https:\\\/\\\/www.nouscims.com\\\/ca\\\/#\\\/schema\\\/person\\\/c49be7fd7667a36f1b39c1c5a2becf99\",\"name\":\"Nous Cims\",\"image\":{\"@type\":\"ImageObject\",\"inLanguage\":\"ca\",\"@id\":\"https:\\\/\\\/secure.gravatar.com\\\/avatar\\\/1dd42f1cafb4dfa67ddb690263b49eb6dd0b847386b5e1ee729643a318a2de73?s=96&d=mm&r=g\",\"url\":\"https:\\\/\\\/secure.gravatar.com\\\/avatar\\\/1dd42f1cafb4dfa67ddb690263b49eb6dd0b847386b5e1ee729643a318a2de73?s=96&d=mm&r=g\",\"contentUrl\":\"https:\\\/\\\/secure.gravatar.com\\\/avatar\\\/1dd42f1cafb4dfa67ddb690263b49eb6dd0b847386b5e1ee729643a318a2de73?s=96&d=mm&r=g\",\"caption\":\"Nous Cims\"},\"url\":\"https:\\\/\\\/www.nouscims.com\\\/ca\\\/author\\\/edelcampo\\\/\"}]}<\/script>\n<!-- \/ Yoast SEO plugin. -->","yoast_head_json":{"title":"La IA Aplicada al Camp de la Salut Mental - Fundaci\u00f3n Privada Nous Cims","description":"L'article detalla l'estat actual de la IA dins del camp de la salut mental i quines perspectives presenta en el panorama cl\u00ednic.","robots":{"index":"index","follow":"follow","max-snippet":"max-snippet:-1","max-image-preview":"max-image-preview:large","max-video-preview":"max-video-preview:-1"},"canonical":"https:\/\/www.nouscims.com\/ca\/actualitat\/la-ia-aplicada-al-camp-de-la-salut-mental\/","og_locale":"ca_ES","og_type":"article","og_title":"La IA Aplicada al Camp de la Salut Mental - Fundaci\u00f3n Privada Nous Cims","og_description":"L'article detalla l'estat actual de la IA dins del camp de la salut mental i quines perspectives presenta en el panorama cl\u00ednic.","og_url":"https:\/\/www.nouscims.com\/ca\/actualitat\/la-ia-aplicada-al-camp-de-la-salut-mental\/","og_site_name":"Fundaci\u00f3n Privada Nous Cims","article_publisher":"https:\/\/www.facebook.com\/nouscims","article_published_time":"2024-02-26T16:04:54+00:00","article_modified_time":"2024-02-26T16:04:55+00:00","og_image":[{"width":2560,"height":1707,"url":"https:\/\/www.nouscims.com\/wp-content\/uploads\/2024\/02\/Domum_ICO_Hospitalet_2022_E0I2862-scaled.jpg","type":"image\/jpeg"}],"author":"Nous Cims","twitter_card":"summary_large_image","twitter_creator":"@nouscims","twitter_site":"@nouscims","twitter_misc":{"Escrit per":"Nous Cims","Temps estimat de lectura":"10 minuts"},"schema":{"@context":"https:\/\/schema.org","@graph":[{"@type":"Article","@id":"https:\/\/www.nouscims.com\/ca\/actualitat\/la-ia-aplicada-al-camp-de-la-salut-mental\/#article","isPartOf":{"@id":"https:\/\/www.nouscims.com\/ca\/actualitat\/la-ia-aplicada-al-camp-de-la-salut-mental\/"},"author":{"name":"Nous Cims","@id":"https:\/\/www.nouscims.com\/ca\/#\/schema\/person\/c49be7fd7667a36f1b39c1c5a2becf99"},"headline":"La IA Aplicada al Camp de la Salut Mental","datePublished":"2024-02-26T16:04:54+00:00","dateModified":"2024-02-26T16:04:55+00:00","mainEntityOfPage":{"@id":"https:\/\/www.nouscims.com\/ca\/actualitat\/la-ia-aplicada-al-camp-de-la-salut-mental\/"},"wordCount":2414,"commentCount":0,"image":{"@id":"https:\/\/www.nouscims.com\/ca\/actualitat\/la-ia-aplicada-al-camp-de-la-salut-mental\/#primaryimage"},"thumbnailUrl":"https:\/\/www.nouscims.com\/wp-content\/uploads\/2024\/02\/Domum_ICO_Hospitalet_2022_E0I2862-scaled.jpg","articleSection":["Actualitat"],"inLanguage":"ca","potentialAction":[{"@type":"CommentAction","name":"Comment","target":["https:\/\/www.nouscims.com\/ca\/actualitat\/la-ia-aplicada-al-camp-de-la-salut-mental\/#respond"]}]},{"@type":"WebPage","@id":"https:\/\/www.nouscims.com\/ca\/actualitat\/la-ia-aplicada-al-camp-de-la-salut-mental\/","url":"https:\/\/www.nouscims.com\/ca\/actualitat\/la-ia-aplicada-al-camp-de-la-salut-mental\/","name":"La IA Aplicada al Camp de la Salut Mental - Fundaci\u00f3n Privada Nous Cims","isPartOf":{"@id":"https:\/\/www.nouscims.com\/ca\/#website"},"primaryImageOfPage":{"@id":"https:\/\/www.nouscims.com\/ca\/actualitat\/la-ia-aplicada-al-camp-de-la-salut-mental\/#primaryimage"},"image":{"@id":"https:\/\/www.nouscims.com\/ca\/actualitat\/la-ia-aplicada-al-camp-de-la-salut-mental\/#primaryimage"},"thumbnailUrl":"https:\/\/www.nouscims.com\/wp-content\/uploads\/2024\/02\/Domum_ICO_Hospitalet_2022_E0I2862-scaled.jpg","datePublished":"2024-02-26T16:04:54+00:00","dateModified":"2024-02-26T16:04:55+00:00","author":{"@id":"https:\/\/www.nouscims.com\/ca\/#\/schema\/person\/c49be7fd7667a36f1b39c1c5a2becf99"},"description":"L'article detalla l'estat actual de la IA dins del camp de la salut mental i quines perspectives presenta en el panorama cl\u00ednic.","breadcrumb":{"@id":"https:\/\/www.nouscims.com\/ca\/actualitat\/la-ia-aplicada-al-camp-de-la-salut-mental\/#breadcrumb"},"inLanguage":"ca","potentialAction":[{"@type":"ReadAction","target":["https:\/\/www.nouscims.com\/ca\/actualitat\/la-ia-aplicada-al-camp-de-la-salut-mental\/"]}]},{"@type":"ImageObject","inLanguage":"ca","@id":"https:\/\/www.nouscims.com\/ca\/actualitat\/la-ia-aplicada-al-camp-de-la-salut-mental\/#primaryimage","url":"https:\/\/www.nouscims.com\/wp-content\/uploads\/2024\/02\/Domum_ICO_Hospitalet_2022_E0I2862-scaled.jpg","contentUrl":"https:\/\/www.nouscims.com\/wp-content\/uploads\/2024\/02\/Domum_ICO_Hospitalet_2022_E0I2862-scaled.jpg","width":2560,"height":1707},{"@type":"BreadcrumbList","@id":"https:\/\/www.nouscims.com\/ca\/actualitat\/la-ia-aplicada-al-camp-de-la-salut-mental\/#breadcrumb","itemListElement":[{"@type":"ListItem","position":1,"name":"Portada","item":"https:\/\/www.nouscims.com\/ca\/"},{"@type":"ListItem","position":2,"name":"La IA Aplicada al Camp de la Salut Mental"}]},{"@type":"WebSite","@id":"https:\/\/www.nouscims.com\/ca\/#website","url":"https:\/\/www.nouscims.com\/ca\/","name":"Fundaci\u00f3n Privada Nous Cims","description":"Impulsamos y desarrollamos proyectos de innovaci\u00f3n social","potentialAction":[{"@type":"SearchAction","target":{"@type":"EntryPoint","urlTemplate":"https:\/\/www.nouscims.com\/ca\/?s={search_term_string}"},"query-input":{"@type":"PropertyValueSpecification","valueRequired":true,"valueName":"search_term_string"}}],"inLanguage":"ca"},{"@type":"Person","@id":"https:\/\/www.nouscims.com\/ca\/#\/schema\/person\/c49be7fd7667a36f1b39c1c5a2becf99","name":"Nous Cims","image":{"@type":"ImageObject","inLanguage":"ca","@id":"https:\/\/secure.gravatar.com\/avatar\/1dd42f1cafb4dfa67ddb690263b49eb6dd0b847386b5e1ee729643a318a2de73?s=96&d=mm&r=g","url":"https:\/\/secure.gravatar.com\/avatar\/1dd42f1cafb4dfa67ddb690263b49eb6dd0b847386b5e1ee729643a318a2de73?s=96&d=mm&r=g","contentUrl":"https:\/\/secure.gravatar.com\/avatar\/1dd42f1cafb4dfa67ddb690263b49eb6dd0b847386b5e1ee729643a318a2de73?s=96&d=mm&r=g","caption":"Nous Cims"},"url":"https:\/\/www.nouscims.com\/ca\/author\/edelcampo\/"}]}},"_links":{"self":[{"href":"https:\/\/www.nouscims.com\/ca\/wp-json\/wp\/v2\/posts\/8980","targetHints":{"allow":["GET"]}}],"collection":[{"href":"https:\/\/www.nouscims.com\/ca\/wp-json\/wp\/v2\/posts"}],"about":[{"href":"https:\/\/www.nouscims.com\/ca\/wp-json\/wp\/v2\/types\/post"}],"author":[{"embeddable":true,"href":"https:\/\/www.nouscims.com\/ca\/wp-json\/wp\/v2\/users\/2"}],"replies":[{"embeddable":true,"href":"https:\/\/www.nouscims.com\/ca\/wp-json\/wp\/v2\/comments?post=8980"}],"version-history":[{"count":6,"href":"https:\/\/www.nouscims.com\/ca\/wp-json\/wp\/v2\/posts\/8980\/revisions"}],"predecessor-version":[{"id":9062,"href":"https:\/\/www.nouscims.com\/ca\/wp-json\/wp\/v2\/posts\/8980\/revisions\/9062"}],"wp:featuredmedia":[{"embeddable":true,"href":"https:\/\/www.nouscims.com\/ca\/wp-json\/wp\/v2\/media\/8993"}],"wp:attachment":[{"href":"https:\/\/www.nouscims.com\/ca\/wp-json\/wp\/v2\/media?parent=8980"}],"wp:term":[{"taxonomy":"category","embeddable":true,"href":"https:\/\/www.nouscims.com\/ca\/wp-json\/wp\/v2\/categories?post=8980"},{"taxonomy":"post_tag","embeddable":true,"href":"https:\/\/www.nouscims.com\/ca\/wp-json\/wp\/v2\/tags?post=8980"}],"curies":[{"name":"wp","href":"https:\/\/api.w.org\/{rel}","templated":true}]}}