{"id":8800,"date":"2024-01-30T12:27:49","date_gmt":"2024-01-30T11:27:49","guid":{"rendered":"https:\/\/www.nouscims.com\/?p=8800"},"modified":"2024-01-31T17:00:58","modified_gmt":"2024-01-31T16:00:58","slug":"ponts-de-comprensio-i-acceptacio","status":"publish","type":"post","link":"https:\/\/www.nouscims.com\/ca\/actualitat\/ponts-de-comprensio-i-acceptacio\/","title":{"rendered":"Ponts de comprensi\u00f3 i acceptaci\u00f3"},"content":{"rendered":"<div class=\"wpb-content-wrapper\"><p>[vc_row][vc_column width=&#8221;1\/2&#8243;][vc_column_text uncode_shortcode_id=&#8221;230153&#8243;]<\/p>\n<h3><strong><span style=\"color: #f64943\">PONTS DE COMPRENSI\u00d3 I ACCEPTACI\u00d3<\/span><\/strong><\/h3>\n<p><em><strong><span style=\"color: #f64943\">Cristina Morat\u00f3, Project Manager, \u00c0rea de Benestar Emocional<\/span><\/strong><\/em><\/p>\n<div class=\"traductor-textarea form-group\">\n<div class=\"textarea-desti col-xs-12 col-sm-6\">\n<div class=\"form-control second-textarea\">Ens comuniquem cada dia, en tot moment, de manera constant. Fins i tot quan estem en silenci, estem comunicant, amb el nostre cos, les nostres expressions. La comunicaci\u00f3 \u00e9s una necessitat humana, \u00e9s un pont d\u2019uni\u00f3 entre les persones, tant en l\u2019\u00e0mbit personal com professional. A l\u2019escola, la comunicaci\u00f3 tamb\u00e9 \u00e9s indispensable. \u00c9s el nexe entre els diferents col\u00b7lectius de la comunitat educativa: equip directiu-claustre, escola-fam\u00edlies, mestres-alumnes, claustre-equip migdia, entre d\u2019altres.<\/div>\n<\/div>\n<\/div>\n<p>Alhora, la comunicaci\u00f3 \u00e9s una habilitat que es pot entrenar, millorar, en la que podem posar consci\u00e8ncia i que tamb\u00e9 ens pot ajudar a con\u00e8ixer-nos a nosaltres mateixos\/es. A l\u2019escola es dona molta import\u00e0ncia a la comunicaci\u00f3 a nivell pedag\u00f2gic, \u00f2bviament! Els infants reben classes d\u2019idiomes, d\u2019ortografia, de gram\u00e0tica, s\u2019expliquen els emissors, els receptors&#8230; Per\u00f2 a m\u00e9s cal considerar que una comunicaci\u00f3 efectiva \u00e9s un element clau per al desenvolupament en el benestar emocional dels infants.[\/vc_column_text][\/vc_column][vc_column width=&#8221;1\/2&#8243;][vc_single_image media=&#8221;8840&#8243; media_width_percent=&#8221;100&#8243; uncode_shortcode_id=&#8221;771990&#8243;][\/vc_column][\/vc_row][vc_row][vc_column width=&#8221;1\/1&#8243;][vc_column_text uncode_shortcode_id=&#8221;135534&#8243;]Amb una comunicaci\u00f3 efectiva podem millorar l\u2019acompanyament emocional que, com a adults de refer\u00e8ncia, donem als infants que es troben en proc\u00e9s constant d\u2019aprenentatge. Per gaudir d\u2019una crian\u00e7a\/educaci\u00f3 sana i enriquidora ens cal comunicar-nos de manera clara, efectiva i emp\u00e0tica. No oblidem que som model en tot moment, i que el to de veu, la comunicaci\u00f3 verbal i no verbal, i el vocabulari que utilitzem, t\u00e9 un impacte en els infants que acompanyem. Triem les paraules que volem fer servir, els adjectius amb els que ens referim als infants, el moment en el que ens comuniquem, el contacte visual, l\u2019entonaci\u00f3.<\/p>\n<p>Una comunicaci\u00f3 efectiva per part dels adults\/docents\/professionals afavoreix l\u2019aprenentatge dels infants, enforteix les relacions i afavoreix la creaci\u00f3 de vincles sans entre infants i adults, i entre el grup d\u2019iguals.<\/p>\n<p>Tot i la gran import\u00e0ncia que t\u00e9 la comunicaci\u00f3, no sempre tenim les eines per poder-la millorar, o no hi posem el focus que requereix, doncs donem per fet que l\u2019altre ja ens ent\u00e9n, o que necessita els mateixos elements que nosaltres per entendre el missatge que volem transmetre. Per\u00f2 la comunicaci\u00f3 humana \u00e9s complexa i quan compartim relacions personals o professionals amb altres, la comunicaci\u00f3 \u00e9s un element clau.<\/p>\n<p>Des del <a href=\"https:\/\/www.komtu.org\/\">programa Komt\u00fc<\/a>, abans d\u2019iniciar la implementaci\u00f3, fem una an\u00e0lisi de fortaleses i debilitats de les escoles. Un dels aspectes amb marge de millora com\u00fa a un 90% dels casos, \u00e9s la comunicaci\u00f3 entre equips, entre cicles, o entre diferents membres de la comunitat educativa. S\u2019observen marges de millora tant en els canals de comunicaci\u00f3, com en estils comunicatius, fets que desencadenen dificultats de comprensi\u00f3 i de posar en com\u00fa objectius entre els diferents interlocutors. \u00c9s molt com\u00fa que la informaci\u00f3 que es comparteix sigui mal interpretada, creant confusi\u00f3 i aix\u00f2 generi falta de confian\u00e7a i dificultats de lideratge.<\/p>\n<p>Degut a aquesta observaci\u00f3, treballar la millora de la comunicaci\u00f3 a les escoles \u00e9s un dels objectius principals del full de ruta que el programa Komt\u00fc teixeix amb els equips directius de les escoles. Entenem que la millora de la comunicaci\u00f3 permet una millora de la gesti\u00f3 de l\u2019escola, i tamb\u00e9 una millor cura de les persones de l\u2019equip, propiciant un millor clima d\u2019escola, i una millor relaci\u00f3 entre els diferents membres de la comunitat educativa.<\/p>\n<p>Per poder treballar aquest objectiu, es realitza formaci\u00f3 en habilitats comunicatives, incloent-hi aspectes de comunicaci\u00f3 no violenta, escolta activa, cercles de di\u00e0leg, i altres eines que poden propiciar l\u2019entesa i el treball en com\u00fa per l\u2019objectiu final del programa i de les escoles, el benestar dels infants.<\/p>\n<p>Una nova proposta que volem oferir com a pilotatge aquest curs a una escola \u00e9s el model Bridge\u00ae (creat per Ferran-Ramon Cort\u00e9s i Alex Galofr\u00e9) en angl\u00e8s \u201cpont\u201d. Aquest \u00e9s un model que ajuda a identificar l\u2019estil relacional i comunicatiu de les persones que conformen els equips directius, per poder treballar la millora de la comunicaci\u00f3 al centre a trav\u00e9s de les especificitats dels estils comunicatius de les persones que lideren la gesti\u00f3 de l\u2019escola.<\/p>\n<p>Totes les persones tenim estils diferents, i aix\u00f2 fa que rebem la comunicaci\u00f3 de forma diferent. No us ha passat mai que amb algunes persones us enteneu f\u00e0cilment quasi sense dir-vos res i, en canvi, amb altres us resulta m\u00e9s dif\u00edcil? Si adaptem la comunicaci\u00f3 a l\u2019estil de la persona a la que ens dirigim fa que ens puguem entendre millor, i aix\u00ed evitarem malentesos i conflictes.<\/p>\n<p>El model Bridge\u00ae parteix de dos eixos; el primer eix \u00e9s el <em>racional-emocional<\/em>, i l\u2019identifiquem per la <u>forma en que prenem les decisions<\/u>. Totes aquelles persones que decideixen a base de criteris purament objectius s\u00f3n m\u00e9s racionals, i, en canvi, els que es guien per criteris subjectius s\u00f3n m\u00e9s emocionals. Per exemple, a l\u2019hora de comprar-nos un cotxe, hi ha els que es fixen i prioritzen les prestacions de l\u2019autom\u00f2bil, s\u00f3n m\u00e9s racionals o els que es guien per \u201cl\u2019enamorament de la sensaci\u00f3 al volant\u201d que serien m\u00e9s emocionals. El segon eix \u00e9s el reflexiu-actiu i es basa en el <u>nostre ritme vital.<\/u> Aquelles persones que es prenen el temps necessari per pensar detingudament les coses abans d\u2019actuar s\u00f3n reflexives, diem que s\u2019ho han de rumiar amb el coix\u00ed mentre que n\u2019hi ha d\u2019altres que actuen i pensen al mateix temps, o que es tiren a la piscina sense parar a pensar-ho massa, s\u00f3n actives.\u00a0 Aix\u00f2 no vol dir que amb totes les decisions actuem aix\u00ed, per\u00f2 s\u00ed que hi ha una certa tend\u00e8ncia a actuar d\u2019una manera o altra.<\/p>\n<p>I aix\u00f2 ens configura els <u>quatre estils relacionals<\/u>: Terra, Foc, Aire i Aigua, tots els estils tenen atributs m\u00e9s positius, i atributs que ens suposen un repte: tenen les dues cares de la moneda, no tenim uns sense els altres. I tamb\u00e9 cal mencionar que totes les persones tenim una mica de tots els estils en diferents percentatges.<\/p>\n<p>Les persones en les que els predomina l\u2019estil foc s\u00f3n apassionades, franques i valentes i els agrada el repte i la confrontaci\u00f3. Necessiten titulars clars, \u201canar al gra\u201d i saber-ho tot. No els agrada la indecisi\u00f3 i la falta d\u2019acci\u00f3.<\/p>\n<p>Les persones en les que predomina l\u2019estil aire s\u00f3n entusiastes, sociables, curioses i expressives. Necessiten una comunicaci\u00f3 estimulant, visual i connecten amb les met\u00e0fores. No els agrada els procediments i protocols, i tampoc la poca expressivitat.<\/p>\n<p>Les persones en les que predomina l\u2019estil aigua s\u00f3n emp\u00e0tiques, compassives, i tenen una alta sensibilitat. Necessiten connexi\u00f3 personal, hist\u00f2ries i exemples. Els molesta l\u2019agressivitat i la pressi\u00f3.<\/p>\n<p>Les persones en les que predomina l\u2019estil terra s\u00f3n pragm\u00e0tiques realistes i els agrada viure amb els peus a terra. Necessiten entendre les coses, volen tenir tota la informaci\u00f3 i s\u00f3n amants de les dades precises; no els agrada que els hi venguin fum.<\/p>\n<p>Et sents identificada? Amb quin element et sentiries m\u00e9s c\u00f2mode? Has pensat en quins estils tenen les persones que t\u2019envolten o amb les que hi treballes?<\/p>\n<p>Bridge\u00ae com a eina ens permet una aplicaci\u00f3 propera, intu\u00eftiva i universal amb tots els col\u00b7lectius. Al parlar dels elements de la naturalesa habitualment tots connectem. Tamb\u00e9 ens permet afrontar converses complexes entre diferents equips, entre cicles, i tamb\u00e9 alhora de les tutories entre docents i fam\u00edlies.<\/p>\n<p>Aventura\u2019t a explorar i veure amb quin altre estil tens m\u00e9s bona connexi\u00f3 o dificultat per poder tra\u00e7ar ponts de comprensi\u00f3 i acceptaci\u00f3; i aix\u00ed aconseguir relacions sanes i positives entre els diferents estils.[\/vc_column_text][\/vc_column][\/vc_row][vc_row][vc_column width=&#8221;1\/1&#8243;][vc_column_text uncode_shortcode_id=&#8221;846432&#8243;]Ram\u00f3n-Cort\u00e9s, F., Galofr\u00e9, A. (2015)\u00a0<em>Relaciones que funcionan: C\u00f3mo entenderte hasta con tu peor enemigo.\u00a0<\/em>Conecta.[\/vc_column_text][\/vc_column][\/vc_row]<\/p>\n<\/div>","protected":false},"excerpt":{"rendered":"<p> PONTS DE COMPRENSI\u00d3 I ACCEPTACI\u00d3 Cristina Morat\u00f3, Project Manager, \u00c0rea de Benestar Emocional Ens comuniquem cada dia, [&hellip;]<\/p>\n","protected":false},"author":2,"featured_media":8872,"comment_status":"open","ping_status":"open","sticky":false,"template":"","format":"standard","meta":{"footnotes":""},"categories":[2],"tags":[],"class_list":["post-8800","post","type-post","status-publish","format-standard","has-post-thumbnail","hentry","category-actualitat"],"yoast_head":"<!-- This site is optimized with the Yoast SEO plugin v27.4 - https:\/\/yoast.com\/product\/yoast-seo-wordpress\/ -->\n<title>Ponts de comprensi\u00f3 i acceptaci\u00f3 - Fundaci\u00f3n Privada Nous Cims<\/title>\n<meta name=\"description\" content=\"Ens comuniquem cada dia, en tot moment, de manera constant.\" \/>\n<meta name=\"robots\" content=\"index, follow, max-snippet:-1, max-image-preview:large, max-video-preview:-1\" \/>\n<link rel=\"canonical\" href=\"https:\/\/www.nouscims.com\/ca\/actualitat\/ponts-de-comprensio-i-acceptacio\/\" \/>\n<meta property=\"og:locale\" content=\"ca_ES\" \/>\n<meta property=\"og:type\" content=\"article\" \/>\n<meta property=\"og:title\" content=\"Ponts de comprensi\u00f3 i acceptaci\u00f3 - Fundaci\u00f3n Privada Nous Cims\" \/>\n<meta property=\"og:description\" content=\"Ens comuniquem cada dia, en tot moment, de manera constant.\" \/>\n<meta property=\"og:url\" content=\"https:\/\/www.nouscims.com\/ca\/actualitat\/ponts-de-comprensio-i-acceptacio\/\" \/>\n<meta property=\"og:site_name\" content=\"Fundaci\u00f3n Privada Nous Cims\" \/>\n<meta property=\"article:publisher\" content=\"https:\/\/www.facebook.com\/nouscims\" \/>\n<meta property=\"article:published_time\" content=\"2024-01-30T11:27:49+00:00\" \/>\n<meta property=\"article:modified_time\" content=\"2024-01-31T16:00:58+00:00\" \/>\n<meta property=\"og:image\" content=\"https:\/\/www.nouscims.com\/wp-content\/uploads\/2024\/01\/IMG_5611-scaled.jpg\" \/>\n\t<meta property=\"og:image:width\" content=\"2560\" \/>\n\t<meta property=\"og:image:height\" content=\"1707\" \/>\n\t<meta property=\"og:image:type\" content=\"image\/jpeg\" \/>\n<meta name=\"author\" content=\"Nous Cims\" \/>\n<meta name=\"twitter:card\" content=\"summary_large_image\" \/>\n<meta name=\"twitter:creator\" content=\"@nouscims\" \/>\n<meta name=\"twitter:site\" content=\"@nouscims\" \/>\n<meta name=\"twitter:label1\" content=\"Escrit per\" \/>\n\t<meta name=\"twitter:data1\" content=\"Nous Cims\" \/>\n\t<meta name=\"twitter:label2\" content=\"Temps estimat de lectura\" \/>\n\t<meta name=\"twitter:data2\" content=\"6 minuts\" \/>\n<script type=\"application\/ld+json\" class=\"yoast-schema-graph\">{\"@context\":\"https:\\\/\\\/schema.org\",\"@graph\":[{\"@type\":\"Article\",\"@id\":\"https:\\\/\\\/www.nouscims.com\\\/ca\\\/actualitat\\\/ponts-de-comprensio-i-acceptacio\\\/#article\",\"isPartOf\":{\"@id\":\"https:\\\/\\\/www.nouscims.com\\\/ca\\\/actualitat\\\/ponts-de-comprensio-i-acceptacio\\\/\"},\"author\":{\"name\":\"Nous Cims\",\"@id\":\"https:\\\/\\\/www.nouscims.com\\\/ca\\\/#\\\/schema\\\/person\\\/c49be7fd7667a36f1b39c1c5a2becf99\"},\"headline\":\"Ponts de comprensi\u00f3 i acceptaci\u00f3\",\"datePublished\":\"2024-01-30T11:27:49+00:00\",\"dateModified\":\"2024-01-31T16:00:58+00:00\",\"mainEntityOfPage\":{\"@id\":\"https:\\\/\\\/www.nouscims.com\\\/ca\\\/actualitat\\\/ponts-de-comprensio-i-acceptacio\\\/\"},\"wordCount\":1406,\"commentCount\":0,\"image\":{\"@id\":\"https:\\\/\\\/www.nouscims.com\\\/ca\\\/actualitat\\\/ponts-de-comprensio-i-acceptacio\\\/#primaryimage\"},\"thumbnailUrl\":\"https:\\\/\\\/www.nouscims.com\\\/wp-content\\\/uploads\\\/2024\\\/01\\\/IMG_5611-scaled.jpg\",\"articleSection\":[\"Actualitat\"],\"inLanguage\":\"ca\",\"potentialAction\":[{\"@type\":\"CommentAction\",\"name\":\"Comment\",\"target\":[\"https:\\\/\\\/www.nouscims.com\\\/ca\\\/actualitat\\\/ponts-de-comprensio-i-acceptacio\\\/#respond\"]}]},{\"@type\":\"WebPage\",\"@id\":\"https:\\\/\\\/www.nouscims.com\\\/ca\\\/actualitat\\\/ponts-de-comprensio-i-acceptacio\\\/\",\"url\":\"https:\\\/\\\/www.nouscims.com\\\/ca\\\/actualitat\\\/ponts-de-comprensio-i-acceptacio\\\/\",\"name\":\"Ponts de comprensi\u00f3 i acceptaci\u00f3 - Fundaci\u00f3n Privada Nous Cims\",\"isPartOf\":{\"@id\":\"https:\\\/\\\/www.nouscims.com\\\/ca\\\/#website\"},\"primaryImageOfPage\":{\"@id\":\"https:\\\/\\\/www.nouscims.com\\\/ca\\\/actualitat\\\/ponts-de-comprensio-i-acceptacio\\\/#primaryimage\"},\"image\":{\"@id\":\"https:\\\/\\\/www.nouscims.com\\\/ca\\\/actualitat\\\/ponts-de-comprensio-i-acceptacio\\\/#primaryimage\"},\"thumbnailUrl\":\"https:\\\/\\\/www.nouscims.com\\\/wp-content\\\/uploads\\\/2024\\\/01\\\/IMG_5611-scaled.jpg\",\"datePublished\":\"2024-01-30T11:27:49+00:00\",\"dateModified\":\"2024-01-31T16:00:58+00:00\",\"author\":{\"@id\":\"https:\\\/\\\/www.nouscims.com\\\/ca\\\/#\\\/schema\\\/person\\\/c49be7fd7667a36f1b39c1c5a2becf99\"},\"description\":\"Ens comuniquem cada dia, en tot moment, de manera constant.\",\"breadcrumb\":{\"@id\":\"https:\\\/\\\/www.nouscims.com\\\/ca\\\/actualitat\\\/ponts-de-comprensio-i-acceptacio\\\/#breadcrumb\"},\"inLanguage\":\"ca\",\"potentialAction\":[{\"@type\":\"ReadAction\",\"target\":[\"https:\\\/\\\/www.nouscims.com\\\/ca\\\/actualitat\\\/ponts-de-comprensio-i-acceptacio\\\/\"]}]},{\"@type\":\"ImageObject\",\"inLanguage\":\"ca\",\"@id\":\"https:\\\/\\\/www.nouscims.com\\\/ca\\\/actualitat\\\/ponts-de-comprensio-i-acceptacio\\\/#primaryimage\",\"url\":\"https:\\\/\\\/www.nouscims.com\\\/wp-content\\\/uploads\\\/2024\\\/01\\\/IMG_5611-scaled.jpg\",\"contentUrl\":\"https:\\\/\\\/www.nouscims.com\\\/wp-content\\\/uploads\\\/2024\\\/01\\\/IMG_5611-scaled.jpg\",\"width\":2560,\"height\":1707},{\"@type\":\"BreadcrumbList\",\"@id\":\"https:\\\/\\\/www.nouscims.com\\\/ca\\\/actualitat\\\/ponts-de-comprensio-i-acceptacio\\\/#breadcrumb\",\"itemListElement\":[{\"@type\":\"ListItem\",\"position\":1,\"name\":\"Portada\",\"item\":\"https:\\\/\\\/www.nouscims.com\\\/ca\\\/\"},{\"@type\":\"ListItem\",\"position\":2,\"name\":\"Ponts de comprensi\u00f3 i acceptaci\u00f3\"}]},{\"@type\":\"WebSite\",\"@id\":\"https:\\\/\\\/www.nouscims.com\\\/ca\\\/#website\",\"url\":\"https:\\\/\\\/www.nouscims.com\\\/ca\\\/\",\"name\":\"Fundaci\u00f3n Privada Nous Cims\",\"description\":\"Impulsamos y desarrollamos proyectos de innovaci\u00f3n social\",\"potentialAction\":[{\"@type\":\"SearchAction\",\"target\":{\"@type\":\"EntryPoint\",\"urlTemplate\":\"https:\\\/\\\/www.nouscims.com\\\/ca\\\/?s={search_term_string}\"},\"query-input\":{\"@type\":\"PropertyValueSpecification\",\"valueRequired\":true,\"valueName\":\"search_term_string\"}}],\"inLanguage\":\"ca\"},{\"@type\":\"Person\",\"@id\":\"https:\\\/\\\/www.nouscims.com\\\/ca\\\/#\\\/schema\\\/person\\\/c49be7fd7667a36f1b39c1c5a2becf99\",\"name\":\"Nous Cims\",\"image\":{\"@type\":\"ImageObject\",\"inLanguage\":\"ca\",\"@id\":\"https:\\\/\\\/secure.gravatar.com\\\/avatar\\\/1dd42f1cafb4dfa67ddb690263b49eb6dd0b847386b5e1ee729643a318a2de73?s=96&d=mm&r=g\",\"url\":\"https:\\\/\\\/secure.gravatar.com\\\/avatar\\\/1dd42f1cafb4dfa67ddb690263b49eb6dd0b847386b5e1ee729643a318a2de73?s=96&d=mm&r=g\",\"contentUrl\":\"https:\\\/\\\/secure.gravatar.com\\\/avatar\\\/1dd42f1cafb4dfa67ddb690263b49eb6dd0b847386b5e1ee729643a318a2de73?s=96&d=mm&r=g\",\"caption\":\"Nous Cims\"},\"url\":\"https:\\\/\\\/www.nouscims.com\\\/ca\\\/author\\\/edelcampo\\\/\"}]}<\/script>\n<!-- \/ Yoast SEO plugin. -->","yoast_head_json":{"title":"Ponts de comprensi\u00f3 i acceptaci\u00f3 - Fundaci\u00f3n Privada Nous Cims","description":"Ens comuniquem cada dia, en tot moment, de manera constant.","robots":{"index":"index","follow":"follow","max-snippet":"max-snippet:-1","max-image-preview":"max-image-preview:large","max-video-preview":"max-video-preview:-1"},"canonical":"https:\/\/www.nouscims.com\/ca\/actualitat\/ponts-de-comprensio-i-acceptacio\/","og_locale":"ca_ES","og_type":"article","og_title":"Ponts de comprensi\u00f3 i acceptaci\u00f3 - Fundaci\u00f3n Privada Nous Cims","og_description":"Ens comuniquem cada dia, en tot moment, de manera constant.","og_url":"https:\/\/www.nouscims.com\/ca\/actualitat\/ponts-de-comprensio-i-acceptacio\/","og_site_name":"Fundaci\u00f3n Privada Nous Cims","article_publisher":"https:\/\/www.facebook.com\/nouscims","article_published_time":"2024-01-30T11:27:49+00:00","article_modified_time":"2024-01-31T16:00:58+00:00","og_image":[{"width":2560,"height":1707,"url":"https:\/\/www.nouscims.com\/wp-content\/uploads\/2024\/01\/IMG_5611-scaled.jpg","type":"image\/jpeg"}],"author":"Nous Cims","twitter_card":"summary_large_image","twitter_creator":"@nouscims","twitter_site":"@nouscims","twitter_misc":{"Escrit per":"Nous Cims","Temps estimat de lectura":"6 minuts"},"schema":{"@context":"https:\/\/schema.org","@graph":[{"@type":"Article","@id":"https:\/\/www.nouscims.com\/ca\/actualitat\/ponts-de-comprensio-i-acceptacio\/#article","isPartOf":{"@id":"https:\/\/www.nouscims.com\/ca\/actualitat\/ponts-de-comprensio-i-acceptacio\/"},"author":{"name":"Nous Cims","@id":"https:\/\/www.nouscims.com\/ca\/#\/schema\/person\/c49be7fd7667a36f1b39c1c5a2becf99"},"headline":"Ponts de comprensi\u00f3 i acceptaci\u00f3","datePublished":"2024-01-30T11:27:49+00:00","dateModified":"2024-01-31T16:00:58+00:00","mainEntityOfPage":{"@id":"https:\/\/www.nouscims.com\/ca\/actualitat\/ponts-de-comprensio-i-acceptacio\/"},"wordCount":1406,"commentCount":0,"image":{"@id":"https:\/\/www.nouscims.com\/ca\/actualitat\/ponts-de-comprensio-i-acceptacio\/#primaryimage"},"thumbnailUrl":"https:\/\/www.nouscims.com\/wp-content\/uploads\/2024\/01\/IMG_5611-scaled.jpg","articleSection":["Actualitat"],"inLanguage":"ca","potentialAction":[{"@type":"CommentAction","name":"Comment","target":["https:\/\/www.nouscims.com\/ca\/actualitat\/ponts-de-comprensio-i-acceptacio\/#respond"]}]},{"@type":"WebPage","@id":"https:\/\/www.nouscims.com\/ca\/actualitat\/ponts-de-comprensio-i-acceptacio\/","url":"https:\/\/www.nouscims.com\/ca\/actualitat\/ponts-de-comprensio-i-acceptacio\/","name":"Ponts de comprensi\u00f3 i acceptaci\u00f3 - Fundaci\u00f3n Privada Nous Cims","isPartOf":{"@id":"https:\/\/www.nouscims.com\/ca\/#website"},"primaryImageOfPage":{"@id":"https:\/\/www.nouscims.com\/ca\/actualitat\/ponts-de-comprensio-i-acceptacio\/#primaryimage"},"image":{"@id":"https:\/\/www.nouscims.com\/ca\/actualitat\/ponts-de-comprensio-i-acceptacio\/#primaryimage"},"thumbnailUrl":"https:\/\/www.nouscims.com\/wp-content\/uploads\/2024\/01\/IMG_5611-scaled.jpg","datePublished":"2024-01-30T11:27:49+00:00","dateModified":"2024-01-31T16:00:58+00:00","author":{"@id":"https:\/\/www.nouscims.com\/ca\/#\/schema\/person\/c49be7fd7667a36f1b39c1c5a2becf99"},"description":"Ens comuniquem cada dia, en tot moment, de manera constant.","breadcrumb":{"@id":"https:\/\/www.nouscims.com\/ca\/actualitat\/ponts-de-comprensio-i-acceptacio\/#breadcrumb"},"inLanguage":"ca","potentialAction":[{"@type":"ReadAction","target":["https:\/\/www.nouscims.com\/ca\/actualitat\/ponts-de-comprensio-i-acceptacio\/"]}]},{"@type":"ImageObject","inLanguage":"ca","@id":"https:\/\/www.nouscims.com\/ca\/actualitat\/ponts-de-comprensio-i-acceptacio\/#primaryimage","url":"https:\/\/www.nouscims.com\/wp-content\/uploads\/2024\/01\/IMG_5611-scaled.jpg","contentUrl":"https:\/\/www.nouscims.com\/wp-content\/uploads\/2024\/01\/IMG_5611-scaled.jpg","width":2560,"height":1707},{"@type":"BreadcrumbList","@id":"https:\/\/www.nouscims.com\/ca\/actualitat\/ponts-de-comprensio-i-acceptacio\/#breadcrumb","itemListElement":[{"@type":"ListItem","position":1,"name":"Portada","item":"https:\/\/www.nouscims.com\/ca\/"},{"@type":"ListItem","position":2,"name":"Ponts de comprensi\u00f3 i acceptaci\u00f3"}]},{"@type":"WebSite","@id":"https:\/\/www.nouscims.com\/ca\/#website","url":"https:\/\/www.nouscims.com\/ca\/","name":"Fundaci\u00f3n Privada Nous Cims","description":"Impulsamos y desarrollamos proyectos de innovaci\u00f3n social","potentialAction":[{"@type":"SearchAction","target":{"@type":"EntryPoint","urlTemplate":"https:\/\/www.nouscims.com\/ca\/?s={search_term_string}"},"query-input":{"@type":"PropertyValueSpecification","valueRequired":true,"valueName":"search_term_string"}}],"inLanguage":"ca"},{"@type":"Person","@id":"https:\/\/www.nouscims.com\/ca\/#\/schema\/person\/c49be7fd7667a36f1b39c1c5a2becf99","name":"Nous Cims","image":{"@type":"ImageObject","inLanguage":"ca","@id":"https:\/\/secure.gravatar.com\/avatar\/1dd42f1cafb4dfa67ddb690263b49eb6dd0b847386b5e1ee729643a318a2de73?s=96&d=mm&r=g","url":"https:\/\/secure.gravatar.com\/avatar\/1dd42f1cafb4dfa67ddb690263b49eb6dd0b847386b5e1ee729643a318a2de73?s=96&d=mm&r=g","contentUrl":"https:\/\/secure.gravatar.com\/avatar\/1dd42f1cafb4dfa67ddb690263b49eb6dd0b847386b5e1ee729643a318a2de73?s=96&d=mm&r=g","caption":"Nous Cims"},"url":"https:\/\/www.nouscims.com\/ca\/author\/edelcampo\/"}]}},"_links":{"self":[{"href":"https:\/\/www.nouscims.com\/ca\/wp-json\/wp\/v2\/posts\/8800","targetHints":{"allow":["GET"]}}],"collection":[{"href":"https:\/\/www.nouscims.com\/ca\/wp-json\/wp\/v2\/posts"}],"about":[{"href":"https:\/\/www.nouscims.com\/ca\/wp-json\/wp\/v2\/types\/post"}],"author":[{"embeddable":true,"href":"https:\/\/www.nouscims.com\/ca\/wp-json\/wp\/v2\/users\/2"}],"replies":[{"embeddable":true,"href":"https:\/\/www.nouscims.com\/ca\/wp-json\/wp\/v2\/comments?post=8800"}],"version-history":[{"count":7,"href":"https:\/\/www.nouscims.com\/ca\/wp-json\/wp\/v2\/posts\/8800\/revisions"}],"predecessor-version":[{"id":8877,"href":"https:\/\/www.nouscims.com\/ca\/wp-json\/wp\/v2\/posts\/8800\/revisions\/8877"}],"wp:featuredmedia":[{"embeddable":true,"href":"https:\/\/www.nouscims.com\/ca\/wp-json\/wp\/v2\/media\/8872"}],"wp:attachment":[{"href":"https:\/\/www.nouscims.com\/ca\/wp-json\/wp\/v2\/media?parent=8800"}],"wp:term":[{"taxonomy":"category","embeddable":true,"href":"https:\/\/www.nouscims.com\/ca\/wp-json\/wp\/v2\/categories?post=8800"},{"taxonomy":"post_tag","embeddable":true,"href":"https:\/\/www.nouscims.com\/ca\/wp-json\/wp\/v2\/tags?post=8800"}],"curies":[{"name":"wp","href":"https:\/\/api.w.org\/{rel}","templated":true}]}}