{"id":8764,"date":"2024-01-29T11:01:29","date_gmt":"2024-01-29T10:01:29","guid":{"rendered":"https:\/\/www.nouscims.com\/?p=8764"},"modified":"2024-01-29T11:01:30","modified_gmt":"2024-01-29T10:01:30","slug":"genere-una-lent-fonamental-per-a-abordar-els-problemes-socials","status":"publish","type":"post","link":"https:\/\/www.nouscims.com\/ca\/actualitat\/genere-una-lent-fonamental-per-a-abordar-els-problemes-socials\/","title":{"rendered":"G\u00e8nere: una lent fonamental per a abordar els problemes socials"},"content":{"rendered":"<div class=\"wpb-content-wrapper\"><p>[vc_row][vc_column width=&#8221;1\/2&#8243;][vc_column_text uncode_shortcode_id=&#8221;690620&#8243;]<\/p>\n<h3><strong><span style=\"color: #f64943\">G\u00c8NERE: UNA LENT FONAMENTAL PER A ABORDAR ELS PROBLEMES SOCIALS<\/span><\/strong><\/h3>\n<p><em><strong><span style=\"color: #f64943\">Jessica Corpas, Responsable de gesti\u00f3 de projectes, \u00c0rea de Desenvolupament Global<\/span><\/strong><\/em><em><strong><span style=\"color: #f64943\"><br \/>\n<\/span><\/strong><\/em><\/p>\n<p>Aquest article presenta algunes reflexions que fonamenten sobre la necessitat d&#8217;incorporar un enfocament de g\u00e8nere en la vida interna o organitzativa de les entitats amb vocaci\u00f3 social i en els projectes socials que desenvolupen. No se centra en conceptualitzacions, ni en manuals pr\u00e0ctics pedag\u00f2gics sobre aquest tema, at\u00e8s que existeix una ampl\u00edssima bibliografia <a href=\"#_ftn1\" name=\"_ftnref1\">[1]<\/a> origin\u00e0ria de diversos corrents te\u00f2rics, pr\u00e0ctiques i contextos per a aterrar els seus continguts.<a href=\"#_ftnref1\" name=\"_ftn1\"><\/a>[\/vc_column_text][\/vc_column][vc_column width=&#8221;1\/2&#8243;][vc_single_image media=&#8221;8771&#8243; media_width_percent=&#8221;100&#8243; uncode_shortcode_id=&#8221;171937&#8243;][\/vc_column][\/vc_row][vc_row][vc_column width=&#8221;1\/1&#8243;][vc_column_text uncode_shortcode_id=&#8221;197639&#8243;]Quan parlem d&#8217;incorporar intencionadament un enfocament o perspectiva de g\u00e8nere en les institucions p\u00fabliques, en les empreses, en les organitzacions socials i comunit\u00e0ries, no es tracta d&#8217;una exig\u00e8ncia capritxosa, d&#8217;una moda o tend\u00e8ncia, o d&#8217;un criteri obligatori per a complir el requisit, sin\u00f3 d&#8217;una imperiosa necessitat per a avan\u00e7ar cap a transformacions econ\u00f2miques i socioculturals profundes, que equipessin en dignitat, drets i oportunitats a nenes, joves, dones i persones de les comunitats LGBTIQ+.<\/p>\n<p>Segons el Global Gender Gap Report 2023<a href=\"#_ftn2\" name=\"_ftnref2\">[2]<\/a>,\u00a0s&#8217;estima que la bretxa de g\u00e8nere a nivell global es mitigar\u00e0 en 131 anys. Per\u00f2 si es desagrega per \u00e0mbits, s&#8217;observa que es necessiten 169 anys per a aconseguir la paritat en participaci\u00f3 i oportunitats econ\u00f2miques; 162 anys per a aconseguir la paritat en representaci\u00f3 pol\u00edtica; 16 anys per a equiparar la bretxa de g\u00e8nere educativa; i \u00e9s indeterminat el temps que es requereix per a equiparar la situaci\u00f3 a nivell de salut i superviv\u00e8ncia. Aix\u00f2 sempre que continuem avan\u00e7ant a la velocitat actual. No obstant aix\u00f2, situacions com les guerres, les pand\u00e8mies, les cat\u00e0strofes naturals, els efectes del canvi clim\u00e0tic o els viratges pol\u00edtics antidrets, s\u00f3n condicions que poden limitar o fins i tot detenir tal avan\u00e7.<\/p>\n<p>La meva invitaci\u00f3 \u00e9s a pensar en el g\u00e8nere m\u00e9s enll\u00e0 de la seva perspectiva conceptual, associada amb la construcci\u00f3 social sostinguda en la difer\u00e8ncia f\u00edsica-biol\u00f2gica entra homes i dones, que assigna normes socioculturals que determinen el comportament, les expectatives, les maneres de relacionar-se i de percebre&#8217;s en el m\u00f3n. Anar m\u00e9s enll\u00e0, per a recon\u00e8ixer-ho com una eina, unes lents indispensables per a analitzar la realitat i els problemes socials des d&#8217;una perspectiva que ens alliberi de la miopia i ens permeti abordar integralment les situacions estructurals que subjeuen a les relacions de poder desiguals en ra\u00f3 al g\u00e8nere.<\/p>\n<p>En aquesta l\u00ednia, les lents de g\u00e8nere a les quals em refereixo s\u00f3n obligat\u00f2riament interseccionals, \u00e9s a dir, que reconeixen i interconnecten amb altres condicions estructurals i conjunturals (sexe, g\u00e8nere, racialitzaci\u00f3, pertinen\u00e7a socioecon\u00f2mica, origen rural \u2013 urb\u00e0, discapacitat, per exemple) que determinen la posici\u00f3 de les persones en el m\u00f3n, ja sigui de privilegi o d&#8217;opressi\u00f3. Es tracta de condicions que estan \u00edntimament relacionades i hist\u00f2ricament constru\u00efdes, situades en un context, i determinen en conjunt l&#8217;experi\u00e8ncia de les persones en la seva relaci\u00f3 amb el m\u00f3n <a href=\"#_ftn3\" name=\"_ftnref3\">[3]<\/a>.<\/p>\n<p>En altres paraules, implica recon\u00e8ixer que un ordenament de g\u00e8nere desigual, limita o impedeix a les nenes, a les dones i a persones de comunitats LGBTQI+ l&#8217;acc\u00e9s a una nutrici\u00f3 adequada, a una educaci\u00f3 de qualitat, a oportunitats laborals i econ\u00f2miques dignes, a una salut integral, a una vida lliure de viol\u00e8ncies, a la possibilitat de representar pol\u00edticament a les seves comunitats, o en paraules simples a gaudir plenament dels drets humans i d&#8217;una vida digna.<\/p>\n<p>Segons les Plataformes Nacionals d&#8217;Informaci\u00f3 sobre Nutrici\u00f3 <a href=\"#_ftn4\" name=\"_ftnref4\">[4]<\/a> palanquejades per la Uni\u00f3 Europea, dels 690 milions de persones que sofreixen fam en el m\u00f3n, el 60% s\u00f3n dones, aix\u00ed mateix s&#8217;indica que per al 2021 el 31,9% de dones en el m\u00f3n sofria inseguretat aliment\u00e0ria greu o moderada, enfront d&#8217;un 27,6% d&#8217;homes. Est\u00e0 comprovat que la desnutrici\u00f3 \u00e9s causa i conseq\u00fc\u00e8ncia de les desigualtats de g\u00e8nere. Les nenes i les dones pateixen de manera desproporcionada els rigors de la desnutrici\u00f3 i de la inseguretat aliment\u00e0ria, aix\u00ed com patrons socioculturals, econ\u00f2mics i pol\u00edtics que afecten el seu estat nutricional, com el fet que elles ingereixen menys aliments per ser nenes o dones. La reducci\u00f3 de la desnutrici\u00f3 en el m\u00f3n passa per l&#8217;educaci\u00f3, l&#8217;acc\u00e9s a oportunitats econ\u00f2miques i l&#8217;apoderament de les dones, perqu\u00e8 s\u00f3n elles les garants de l&#8217;alimentaci\u00f3 de les nenes i els nens a nivell global.<a href=\"#_ftnref1\" name=\"_ftn1\"><\/a><\/p>\n<p>Quant a l&#8217;educaci\u00f3, la UNESCO<a href=\"#_ftn5\" name=\"_ftnref5\">[5]<\/a> assenyala que en els \u00faltims 20 anys l&#8217;acc\u00e9s a l&#8217;educaci\u00f3 per a les nenes i els nens s&#8217;ha enrobustit, no obstant aix\u00f2, les nenes tenen m\u00e9s dificultats per a l&#8217;acc\u00e9s i la perman\u00e8ncia a l&#8217;escola, ja que es considera prioritari en uns certs contextos que siguin elles els qui es facin c\u00e0rrec de la cura d&#8217;altres familiars o del treball dom\u00e8stic, per sobre de la seva participaci\u00f3 a l&#8217;escola. Aix\u00ed mateix, s&#8217;observa que el rendiment en mat\u00e8ries associades amb matem\u00e0tiques \u00e9s notablement menor en les nenes i les joves, aclarint que, la predisposici\u00f3 a l&#8217;aprenentatge de les matem\u00e0tiques no t\u00e9 a veure amb una q\u00fcesti\u00f3 biol\u00f2gica, sin\u00f3 que respon a normes socioculturals i estereotips de g\u00e8nere que desmotiven per se a les nenes i dones del m\u00f3n de les matem\u00e0tiques. Segons l&#8217;informe PISA 2023<a href=\"#_ftn6\" name=\"_ftnref6\">[6]<\/a> aix\u00f2 respon a assumptes socioculturals on les nenes senten m\u00e9s ansietat enfront dels desafiaments de les matem\u00e0tiques que els homes, aix\u00ed mateix all\u00ed es destaca com el g\u00e8nere, la condici\u00f3 socioecon\u00f2mica i la condici\u00f3 migrant afecten de mode negatiu l&#8217;acompliment escolar en matem\u00e0tiques de nenes, persones empobrides i migrants.<\/p>\n<p>Per aix\u00f2, promoure i impulsar en les nenes un millor acompliment en matem\u00e0tiques \u00e9s un desafiament per a equiparar l&#8217;actual vacant existent en professions STEAM (science, technology, engineering and mathematics) en les quals les dones estan subrepresentades. Factors estructurals com l&#8217;empobriment, el racisme, la xenof\u00f2bia, aix\u00ed com un ordenament patriarcal de les relacions socials, afecten la possibilitat d&#8217;acc\u00e9s, perman\u00e8ncia i millora de rendiment escolar per a nenes i joves en el m\u00f3n.<\/p>\n<p>A nivell d&#8217;ocupabilitat el panorama \u00e9s complex. Segons dades de l&#8217;Organitzaci\u00f3 Internacional de Treball<a href=\"#_ftn7\" name=\"_ftnref7\">[7]<\/a>en pa\u00efsos de renda baixa i mitjana el 24,9% de les dones en edat productiva i amb intenci\u00f3 de treballar, no han aconseguit accedir a una ocupaci\u00f3, en contrast amb el 16% d&#8217;homes en aquesta mateixa situaci\u00f3. A tot el m\u00f3n, les dones tenen un salari inferior que els homes en el mateix c\u00e0rrec o ocupaci\u00f3, elles guanyen 51 c\u00e8ntims de d\u00f2lar, per cada d\u00f2lar que guanyen els homes. D&#8217;altra banda, la deficient distribuci\u00f3 de la c\u00e0rrega dels treballs de cures no remunerades recau principalment en les dones i les limita per a buscar, accedir o mantenir-se en una ocupaci\u00f3 formal. Aix\u00ed mateix, si b\u00e9 la informalitat laboral \u00e9s \u00e0mpliament estesa, les dones ocupen majorit\u00e0riament aquest tipus de llocs amb condicions flagrants de vulneraci\u00f3 de drets laborals.<\/p>\n<p>Llavors, si els treballs de cures no remunerades (cura de nenes, nens, persones majors, persones en condici\u00f3 de discapacitat, manteniment de tasques dom\u00e8stiques, entre altres activitats d&#8217;aquest ordre) s\u00f3n realitzades principalment per les dones; dones que compten al seu torn amb greus d\u00e8ficits a nivell nutricional, educatiu i d&#8217;acc\u00e9s a oportunitats econ\u00f2miques, ens trobem davant un panorama d&#8217;alts nivells d&#8217;injust\u00edcia socioecon\u00f2mica, que castiga les dones, i amb aix\u00f2 es perjudica el desenvolupament de tota la societat, inclosos els nens i els homes.<\/p>\n<h3>Perqu\u00e8 parlar de g\u00e8nere no sigui un mer clix\u00e9\u2026<\/h3>\n<p>Al juny de 2023, La Fundaci\u00f3 Nous Cims va liderar una trobada de g\u00e8nere en projectes socials enfocat a reflexionar sobre les experi\u00e8ncies i pr\u00e0ctiques relacionades amb g\u00e8nere en les 14 coparts que actualment acompanyem des de l&#8217;\u00c0rea de Desenvolupament Global a Col\u00f2mbia. Van participar 31 persones, 28 dones i 3 homes, la qual cosa \u00e9s la representaci\u00f3 que, en l&#8217;\u00e0mbit social, especialment en els treballs ampliats de cures a les comunitats, els qui estan majorit\u00e0riament s\u00f3n dones.<\/p>\n<p>En aquest espai, es van tractar diferents assumptes referits a les problem\u00e0tiques socials que troben en les comunitats i territoris, abordats des dels seus projectes i estrat\u00e8gies de treball, com: viol\u00e8ncies basades en g\u00e8nere, adultocentrisme, masclisme i dificultats per al seu afrontament en contextos d&#8217;alta viol\u00e8ncia o en comunitats \u00e8tniques, falta d&#8217;oportunitats \u2014educatives, recreatives, econ\u00f2miques, de salut integral, etc.\u2014 per a les nenes, les joves i les dones per un entramat socioecon\u00f2mic sexista, falta d&#8217;autonomia econ\u00f2mica de les dones (que aprofundeix el circuit de viol\u00e8ncies basades en g\u00e8nere), la corporalitat de les nenes i les dones, els mandats de bellesa dominant, estereotips de g\u00e8nere i hipersexualizaci\u00f3 de nenes i dones.<\/p>\n<p>Per\u00f2, a m\u00e9s, tractem assumptes que concerneixen a l&#8217;estructura organitzativa de cada entitat, perqu\u00e8 el punt de partida va ser que, sense pressupostos destinats a q\u00fcestions de g\u00e8nere i voluntats pol\u00edtiques per a materialitzar-les en tota la gesti\u00f3 organitzativa, parlar de g\u00e8nere \u00e9s un clix\u00e9. Dins de l&#8217;organitzatiu es va reflexionar entorn de: planeaci\u00f3, pressupostos sensibles al g\u00e8nere, pol\u00edtiques de selecci\u00f3 amb enfocament de g\u00e8nere, formaci\u00f3 o capacitaci\u00f3 del personal, viol\u00e8ncies basades en g\u00e8nere en l&#8217;espai laboral, treball de cures col\u00b7lectives, formulaci\u00f3, seguiment i avaluaci\u00f3 de projectes amb enfocament de g\u00e8nere.<\/p>\n<p>En els tres dies de trobada, vam poder recon\u00e8ixer aspectes que s\u00f3n d&#8217;inter\u00e8s a l&#8217;hora de pensar una estrat\u00e8gia que faciliti la incorporaci\u00f3 d&#8217;un enfocament de g\u00e8nere en les coparts i en els projectes que dinamitzen. Aqu\u00ed assenyalem algunes:<\/p>\n<p>L&#8217;enfocament de g\u00e8nere \u00e9s un tema pertinent i en vacant dins de les organitzacions aliades de la Fundaci\u00f3 Nous Cims, tenint en compte que totes s\u00f3n organitzacions territorials amb vocaci\u00f3 de transformaci\u00f3 social. Part central d&#8217;aquesta reflexi\u00f3 va ser que abordar assumptes de g\u00e8nere, t\u00e9 a veure amb processos profunds i transversals dins de les organitzacions socials; no es tracta de fer un \u201ctaller de g\u00e8nere\u201d i amb aix\u00f2 es compleix el criteri. Sin\u00f3 que \u00e9s una manera d&#8217;entendre i posicionar-se davant la realitat i els problemes socials que li concerneixen; \u00e9s comprendre i actuar enfront de les desigualtats, perqu\u00e8 en la base de cada tipus de desigualtat (econ\u00f2mica, ambiental, sociocultural, de drets humans, etc.) s\u00f3n presents inequitats de g\u00e8nere que han de ser abordades de mode integral per a mitigar els efectes nocius d&#8217;aquestes.<\/p>\n<p>Quan referim a un enfocament de g\u00e8nere dins de l&#8217;organitzaci\u00f3, t\u00e9 a veure amb un eix transversal i institucional que s&#8217;observa en les formes de treball, en les relacions socials i en els processos que construeixen. Una directora d&#8217;instituci\u00f3, o coordinadora de projecte o professional del projecte amb una perspectiva feminista o de g\u00e8nere no \u00e9s equivalent al fet que l&#8217;entitat t\u00e9 un enfocament de g\u00e8nere. Tampoc \u00e9s equivalent, que la poblaci\u00f3 subjecte d&#8217;acompanyament per part de l&#8217;organitzaci\u00f3 sigui \u00edntegrament o majorit\u00e0riament femenina.<\/p>\n<p>Com a organitzacions socials tenim la responsabilitat de garantir drets. Els drets de les nenes, les joves, les dones i les poblacions amb identitats de g\u00e8nere diverses o dissidents s\u00f3n drets humans. Per aix\u00f2, \u00e9s una responsabilitat incorporar a l&#8217;an\u00e0lisi de la realitat un enfocament de g\u00e8nere que permeti construir projectes i idees de transformaci\u00f3 concordes a les necessitats d&#8217;aquesta poblaci\u00f3.<\/p>\n<p>La planificaci\u00f3 d&#8217;un projecte ha de considerar que les desigualtats econ\u00f2miques, socials, \u00e8tniques, per discapacitat, ambientals, entre altres, oprimeixen de manera diferent d&#8217;homes, a dones i a persones amb identitats de g\u00e8nere diverses o dissidents, justament en ra\u00f3 al g\u00e8nere. Aix\u00f2 \u00e9s la base per a promoure accions amb pressupostos espec\u00edfics que els permetin a aquests grups poblacionals accedir a drets i oportunitats d&#8217;una manera efectiva. Perqu\u00e8, si un projecte inverteix el seu pressupost de manera general sense destinar recursos a accions espec\u00edfiques que atenguin aquest enfocament, continuar\u00e0 perpetuant les desigualtats de g\u00e8nere en la societat.<\/p>\n<p>Una transformaci\u00f3 sociocultural d&#8217;aquesta \u00edndole necess\u00e0riament requereix de la participaci\u00f3 de tots els actors de la societat. En particular, de la participaci\u00f3 dels homes. Nom\u00e9s amb la implicaci\u00f3 del conjunt de la poblaci\u00f3, ser\u00e0 possible una transformaci\u00f3 de l&#8217;ordenament patriarcal i sexista de la societat.<\/p>\n<h3>Reflexions finals<\/h3>\n<p>La incorporaci\u00f3 d&#8217;un enfocament de g\u00e8nere en els projectes socials i en la vida interna o organitzativa de qualsevol tipus d&#8217;entitat, especialment si \u00e9s de car\u00e0cter social, \u00e9s un imperatiu, una necessitat de primer ordre si el que subjeu \u00e9s la intenci\u00f3 d&#8217;avan\u00e7ar cap a una transformaci\u00f3 social incloent, respectuosa dels drets humans i garant de la dignitat de totes les persones.<\/p>\n<p>Existeixen m\u00faltiples maneres d&#8217;abordar els assumptes que concerneixen al g\u00e8nere, aix\u00ed com manuals pr\u00e0ctics que permeten transversalizar i fer pedagogia sobre g\u00e8nere, d&#8217;acord amb els desafiaments que s&#8217;imposen en els temps actuals. El que \u00e9s clar, a m\u00e9s, \u00e9s que es necessita d&#8217;una voluntat pol\u00edtica determinada i carregada amb pressupostos sensibles al g\u00e8nere que permetin materialitzar accions transformadores concretes concordes a les necessitats de cada comunitat, territori, organitzaci\u00f3 social o entitat.<\/p>\n<p>Com a societat necessitem avan\u00e7ar en canvis profunds on abundin condicions dignes de vida, en la qual s&#8217;ampli\u00efn drets i oportunitats per a totes les persones, evitant les desigualtats de g\u00e8nere. Per a aix\u00f2, \u00e9s b\u00e0sic que com a organitzacions socials ens comprometem amb an\u00e0lisis profundes de g\u00e8nere, amb producci\u00f3 de coneixements s\u00f2lids, amb processos de seguiment, avaluaci\u00f3 i aprenentatge que incorporin transversalment dades i formes de mesurament que responguin als desafiaments que representen els enfocaments de g\u00e8nere; i sobretot, destinar partides presupuestales concretes que travessin totes les \u00e0rees, processos i procediments tant missionals com estrat\u00e8gics de les nostres organitzacions. Nom\u00e9s aix\u00ed, podrem dir que treballem per la transformaci\u00f3 de les bretxes de g\u00e8nere.[\/vc_column_text][\/vc_column][\/vc_row][vc_row][vc_column width=&#8221;1\/1&#8243;][vc_column_text uncode_shortcode_id=&#8221;470471&#8243;]<a href=\"#_ftnref1\" name=\"_ftn1\">[1]<\/a> A tall d&#8217;exemple de l&#8217;enorme varietat de treballs entorn al g\u00e8nere es comparteixen alguns enlla\u00e7os claus:<\/p>\n<p><strong>\u00a0Transversalizaci\u00f3n de perspectiva de g\u00e9nero<\/strong><\/p>\n<p>fund.ar\/wp-content\/uploads\/2022\/04\/Manual-de-transversalizacion-de-la-perspectiva-de-genero-Fundar.pdf<\/p>\n<p>https:\/\/bibliotecadigital.aecid.es\/bibliodig\/es\/consulta\/registro.do?id=3149<\/p>\n<p>Gu\u00eda de g\u00e9nero e interseccionalidad en el \u00e1mbito laboral www.genderlab.io\/Guia-de-g%C3%A9nero-e-interseccionalidad-en-el-trabajo.pdf<\/p>\n<p><strong>Manual para una comunicaci\u00f3n libre de sexismo <\/strong><\/p>\n<p>www.secretariajuridica.gov.co\/sites\/default\/files\/Manual_Comunicacion_LibreSexismo_SDM.pdf<\/p>\n<p><strong>Plataforma regional g\u00e9nero y metodolog\u00edas<\/strong>: gu\u00edas metodol\u00f3gicas desde organizaciones que abordan la educaci\u00f3n popular feminista en Centro Am\u00e9rica<\/p>\n<p>https:\/\/generoymetodologias.org\/recursos-metodologicos\/publicaciones\/palabras-claves\/educacion-popular_1\/<\/p>\n<p><strong>Perspectiva acad\u00e9mica e investigaci\u00f3n<\/strong> CLACSO Consejo Latinoamericano de Ciencias Sociales, colecci\u00f3n grupos de trabajo: g\u00e9nero y desigualdades<\/p>\n<p>https:\/\/libreria.clacso.org\/publicaciones_buscar.php?param=g%C3%A9nero#listado_publicaciones<\/p>\n<p>Cartograf\u00edas de g\u00e9nero https:\/\/libreria.clacso.org\/publicacion.php?p=2784&amp;c=0<\/p>\n<p>Interseccionalidad, giro decolonial y comunitario https:\/\/libreria.clacso.org\/publicacion.php?p=2839&amp;c=51<\/p>\n<p><strong>Manuales de masculinidades <\/strong><\/p>\n<p>UNFPA Argentina \u2013 espacios de atenci\u00f3n a varones que ejercieron violencias basadas en g\u00e9nero https:\/\/argentina.unfpa.org\/sites\/default\/files\/pub-pdf\/libro_espacio_atencion_varones.86345ae39e34027b251f.pdf<\/p>\n<p>Ministerio de igualdad, G\u00e9nero y Diversidad Argentina &#8211; herramientas pedag\u00f3gicas para abordar con docentes y estudiantes en la educaci\u00f3n t\u00e9cnica www.santafe.gob.ar\/juegosmicaela\/static\/media\/Cuadernillo.4966544979a560315272.pdf<\/p>\n<p><a href=\"#_ftnref2\" name=\"_ftn2\">[2]<\/a> Global Gap Report 2023 https:\/\/www.weforum.org\/publications\/global-gender-gap-report-2023\/digest\/#report-nav<\/p>\n<p><a href=\"#_ftnref3\" name=\"_ftn3\">[3]<\/a> Corpas Figueroa, Jessica (2020). Interseccionalidad y Trabajo Social: perspectiva para el an\u00e1lisis de la desigualdad y la intervenci\u00f3n social. <em>ConCienciaSocial<\/em>, Revista digital de Trabajo Social. Vol. 3 (2020) Nro. Especial 2 &#8211; ISSN 2591-5339 https:\/\/revistas.unc.edu.ar\/index.php\/ConCienciaSocial\/<\/p>\n<p><a href=\"#_ftnref4\" name=\"_ftn4\">[4]<\/a> https:\/\/www.nipn-nutrition-platforms.org\/5-1-Antecedentes-sobre-nutricion-y-genero#:~:text=La%20brecha%20de%20g%C3%A9nero%20en,%2C6%20%25%20de%20los%20hombres.<\/p>\n<p><a href=\"#_ftnref5\" name=\"_ftn5\">[5]<\/a> https:\/\/www.unesco.org\/es\/gender-equality\/education\/need-know<\/p>\n<p><a href=\"#_ftnref6\" name=\"_ftn6\">[6]<\/a> www.oecd-ilibrary.org\/deliver\/a97db61c-en.pdf?itemId=%2Fcontent%2Fpublication%2Fa97db61c-en&amp;mimeType=pdf<\/p>\n<p><a href=\"#_ftnref7\" name=\"_ftn7\">[7]<\/a> https:\/\/news.un.org\/es\/story\/2023\/03\/1519117[\/vc_column_text][\/vc_column][\/vc_row]<\/p>\n<\/div>","protected":false},"excerpt":{"rendered":"<p> G\u00c8NERE: UNA LENT FONAMENTAL PER A ABORDAR ELS PROBLEMES SOCIALS Jessica Corpas, Responsable de gesti\u00f3 de projectes, [&hellip;]<\/p>\n","protected":false},"author":2,"featured_media":8776,"comment_status":"open","ping_status":"open","sticky":false,"template":"","format":"standard","meta":{"footnotes":""},"categories":[2],"tags":[],"class_list":["post-8764","post","type-post","status-publish","format-standard","has-post-thumbnail","hentry","category-actualitat"],"yoast_head":"<!-- This site is optimized with the Yoast SEO plugin v27.4 - https:\/\/yoast.com\/product\/yoast-seo-wordpress\/ -->\n<title>G\u00e8nere: una lent fonamental per a abordar els problemes socials - Fundaci\u00f3n Privada Nous Cims<\/title>\n<meta name=\"description\" content=\"La necessitat d&#039;incorporar un enfocament de g\u00e8nere en la vida interna o organitzativa de les entitats amb vocaci\u00f3 social i en els projectes socials.\" \/>\n<meta name=\"robots\" content=\"index, follow, max-snippet:-1, max-image-preview:large, max-video-preview:-1\" \/>\n<link rel=\"canonical\" href=\"https:\/\/www.nouscims.com\/ca\/actualitat\/genere-una-lent-fonamental-per-a-abordar-els-problemes-socials\/\" \/>\n<meta property=\"og:locale\" content=\"ca_ES\" \/>\n<meta property=\"og:type\" content=\"article\" \/>\n<meta property=\"og:title\" content=\"G\u00e8nere: una lent fonamental per a abordar els problemes socials - Fundaci\u00f3n Privada Nous Cims\" \/>\n<meta property=\"og:description\" content=\"La necessitat d&#039;incorporar un enfocament de g\u00e8nere en la vida interna o organitzativa de les entitats amb vocaci\u00f3 social i en els projectes socials.\" \/>\n<meta property=\"og:url\" content=\"https:\/\/www.nouscims.com\/ca\/actualitat\/genere-una-lent-fonamental-per-a-abordar-els-problemes-socials\/\" \/>\n<meta property=\"og:site_name\" content=\"Fundaci\u00f3n Privada Nous Cims\" \/>\n<meta property=\"article:publisher\" content=\"https:\/\/www.facebook.com\/nouscims\" \/>\n<meta property=\"article:published_time\" content=\"2024-01-29T10:01:29+00:00\" \/>\n<meta property=\"article:modified_time\" content=\"2024-01-29T10:01:30+00:00\" \/>\n<meta property=\"og:image\" content=\"https:\/\/www.nouscims.com\/wp-content\/uploads\/2024\/01\/COL-Nou-Cims-0222-scaled.jpg\" \/>\n\t<meta property=\"og:image:width\" content=\"2560\" \/>\n\t<meta property=\"og:image:height\" content=\"1710\" \/>\n\t<meta property=\"og:image:type\" content=\"image\/jpeg\" \/>\n<meta name=\"author\" content=\"Nous Cims\" \/>\n<meta name=\"twitter:card\" content=\"summary_large_image\" \/>\n<meta name=\"twitter:creator\" content=\"@nouscims\" \/>\n<meta name=\"twitter:site\" content=\"@nouscims\" \/>\n<meta name=\"twitter:label1\" content=\"Escrit per\" \/>\n\t<meta name=\"twitter:data1\" content=\"Nous Cims\" \/>\n\t<meta name=\"twitter:label2\" content=\"Temps estimat de lectura\" \/>\n\t<meta name=\"twitter:data2\" content=\"11 minuts\" \/>\n<script type=\"application\/ld+json\" class=\"yoast-schema-graph\">{\"@context\":\"https:\\\/\\\/schema.org\",\"@graph\":[{\"@type\":\"Article\",\"@id\":\"https:\\\/\\\/www.nouscims.com\\\/ca\\\/actualitat\\\/genere-una-lent-fonamental-per-a-abordar-els-problemes-socials\\\/#article\",\"isPartOf\":{\"@id\":\"https:\\\/\\\/www.nouscims.com\\\/ca\\\/actualitat\\\/genere-una-lent-fonamental-per-a-abordar-els-problemes-socials\\\/\"},\"author\":{\"name\":\"Nous Cims\",\"@id\":\"https:\\\/\\\/www.nouscims.com\\\/ca\\\/#\\\/schema\\\/person\\\/c49be7fd7667a36f1b39c1c5a2becf99\"},\"headline\":\"G\u00e8nere: una lent fonamental per a abordar els problemes socials\",\"datePublished\":\"2024-01-29T10:01:29+00:00\",\"dateModified\":\"2024-01-29T10:01:30+00:00\",\"mainEntityOfPage\":{\"@id\":\"https:\\\/\\\/www.nouscims.com\\\/ca\\\/actualitat\\\/genere-una-lent-fonamental-per-a-abordar-els-problemes-socials\\\/\"},\"wordCount\":2845,\"commentCount\":0,\"image\":{\"@id\":\"https:\\\/\\\/www.nouscims.com\\\/ca\\\/actualitat\\\/genere-una-lent-fonamental-per-a-abordar-els-problemes-socials\\\/#primaryimage\"},\"thumbnailUrl\":\"https:\\\/\\\/www.nouscims.com\\\/wp-content\\\/uploads\\\/2024\\\/01\\\/COL-Nou-Cims-0222-scaled.jpg\",\"articleSection\":[\"Actualitat\"],\"inLanguage\":\"ca\",\"potentialAction\":[{\"@type\":\"CommentAction\",\"name\":\"Comment\",\"target\":[\"https:\\\/\\\/www.nouscims.com\\\/ca\\\/actualitat\\\/genere-una-lent-fonamental-per-a-abordar-els-problemes-socials\\\/#respond\"]}]},{\"@type\":\"WebPage\",\"@id\":\"https:\\\/\\\/www.nouscims.com\\\/ca\\\/actualitat\\\/genere-una-lent-fonamental-per-a-abordar-els-problemes-socials\\\/\",\"url\":\"https:\\\/\\\/www.nouscims.com\\\/ca\\\/actualitat\\\/genere-una-lent-fonamental-per-a-abordar-els-problemes-socials\\\/\",\"name\":\"G\u00e8nere: una lent fonamental per a abordar els problemes socials - Fundaci\u00f3n Privada Nous Cims\",\"isPartOf\":{\"@id\":\"https:\\\/\\\/www.nouscims.com\\\/ca\\\/#website\"},\"primaryImageOfPage\":{\"@id\":\"https:\\\/\\\/www.nouscims.com\\\/ca\\\/actualitat\\\/genere-una-lent-fonamental-per-a-abordar-els-problemes-socials\\\/#primaryimage\"},\"image\":{\"@id\":\"https:\\\/\\\/www.nouscims.com\\\/ca\\\/actualitat\\\/genere-una-lent-fonamental-per-a-abordar-els-problemes-socials\\\/#primaryimage\"},\"thumbnailUrl\":\"https:\\\/\\\/www.nouscims.com\\\/wp-content\\\/uploads\\\/2024\\\/01\\\/COL-Nou-Cims-0222-scaled.jpg\",\"datePublished\":\"2024-01-29T10:01:29+00:00\",\"dateModified\":\"2024-01-29T10:01:30+00:00\",\"author\":{\"@id\":\"https:\\\/\\\/www.nouscims.com\\\/ca\\\/#\\\/schema\\\/person\\\/c49be7fd7667a36f1b39c1c5a2becf99\"},\"description\":\"La necessitat d'incorporar un enfocament de g\u00e8nere en la vida interna o organitzativa de les entitats amb vocaci\u00f3 social i en els projectes socials.\",\"breadcrumb\":{\"@id\":\"https:\\\/\\\/www.nouscims.com\\\/ca\\\/actualitat\\\/genere-una-lent-fonamental-per-a-abordar-els-problemes-socials\\\/#breadcrumb\"},\"inLanguage\":\"ca\",\"potentialAction\":[{\"@type\":\"ReadAction\",\"target\":[\"https:\\\/\\\/www.nouscims.com\\\/ca\\\/actualitat\\\/genere-una-lent-fonamental-per-a-abordar-els-problemes-socials\\\/\"]}]},{\"@type\":\"ImageObject\",\"inLanguage\":\"ca\",\"@id\":\"https:\\\/\\\/www.nouscims.com\\\/ca\\\/actualitat\\\/genere-una-lent-fonamental-per-a-abordar-els-problemes-socials\\\/#primaryimage\",\"url\":\"https:\\\/\\\/www.nouscims.com\\\/wp-content\\\/uploads\\\/2024\\\/01\\\/COL-Nou-Cims-0222-scaled.jpg\",\"contentUrl\":\"https:\\\/\\\/www.nouscims.com\\\/wp-content\\\/uploads\\\/2024\\\/01\\\/COL-Nou-Cims-0222-scaled.jpg\",\"width\":2560,\"height\":1710},{\"@type\":\"BreadcrumbList\",\"@id\":\"https:\\\/\\\/www.nouscims.com\\\/ca\\\/actualitat\\\/genere-una-lent-fonamental-per-a-abordar-els-problemes-socials\\\/#breadcrumb\",\"itemListElement\":[{\"@type\":\"ListItem\",\"position\":1,\"name\":\"Portada\",\"item\":\"https:\\\/\\\/www.nouscims.com\\\/ca\\\/\"},{\"@type\":\"ListItem\",\"position\":2,\"name\":\"G\u00e8nere: una lent fonamental per a abordar els problemes socials\"}]},{\"@type\":\"WebSite\",\"@id\":\"https:\\\/\\\/www.nouscims.com\\\/ca\\\/#website\",\"url\":\"https:\\\/\\\/www.nouscims.com\\\/ca\\\/\",\"name\":\"Fundaci\u00f3n Privada Nous Cims\",\"description\":\"Impulsamos y desarrollamos proyectos de innovaci\u00f3n social\",\"potentialAction\":[{\"@type\":\"SearchAction\",\"target\":{\"@type\":\"EntryPoint\",\"urlTemplate\":\"https:\\\/\\\/www.nouscims.com\\\/ca\\\/?s={search_term_string}\"},\"query-input\":{\"@type\":\"PropertyValueSpecification\",\"valueRequired\":true,\"valueName\":\"search_term_string\"}}],\"inLanguage\":\"ca\"},{\"@type\":\"Person\",\"@id\":\"https:\\\/\\\/www.nouscims.com\\\/ca\\\/#\\\/schema\\\/person\\\/c49be7fd7667a36f1b39c1c5a2becf99\",\"name\":\"Nous Cims\",\"image\":{\"@type\":\"ImageObject\",\"inLanguage\":\"ca\",\"@id\":\"https:\\\/\\\/secure.gravatar.com\\\/avatar\\\/1dd42f1cafb4dfa67ddb690263b49eb6dd0b847386b5e1ee729643a318a2de73?s=96&d=mm&r=g\",\"url\":\"https:\\\/\\\/secure.gravatar.com\\\/avatar\\\/1dd42f1cafb4dfa67ddb690263b49eb6dd0b847386b5e1ee729643a318a2de73?s=96&d=mm&r=g\",\"contentUrl\":\"https:\\\/\\\/secure.gravatar.com\\\/avatar\\\/1dd42f1cafb4dfa67ddb690263b49eb6dd0b847386b5e1ee729643a318a2de73?s=96&d=mm&r=g\",\"caption\":\"Nous Cims\"},\"url\":\"https:\\\/\\\/www.nouscims.com\\\/ca\\\/author\\\/edelcampo\\\/\"}]}<\/script>\n<!-- \/ Yoast SEO plugin. -->","yoast_head_json":{"title":"G\u00e8nere: una lent fonamental per a abordar els problemes socials - Fundaci\u00f3n Privada Nous Cims","description":"La necessitat d'incorporar un enfocament de g\u00e8nere en la vida interna o organitzativa de les entitats amb vocaci\u00f3 social i en els projectes socials.","robots":{"index":"index","follow":"follow","max-snippet":"max-snippet:-1","max-image-preview":"max-image-preview:large","max-video-preview":"max-video-preview:-1"},"canonical":"https:\/\/www.nouscims.com\/ca\/actualitat\/genere-una-lent-fonamental-per-a-abordar-els-problemes-socials\/","og_locale":"ca_ES","og_type":"article","og_title":"G\u00e8nere: una lent fonamental per a abordar els problemes socials - Fundaci\u00f3n Privada Nous Cims","og_description":"La necessitat d'incorporar un enfocament de g\u00e8nere en la vida interna o organitzativa de les entitats amb vocaci\u00f3 social i en els projectes socials.","og_url":"https:\/\/www.nouscims.com\/ca\/actualitat\/genere-una-lent-fonamental-per-a-abordar-els-problemes-socials\/","og_site_name":"Fundaci\u00f3n Privada Nous Cims","article_publisher":"https:\/\/www.facebook.com\/nouscims","article_published_time":"2024-01-29T10:01:29+00:00","article_modified_time":"2024-01-29T10:01:30+00:00","og_image":[{"width":2560,"height":1710,"url":"https:\/\/www.nouscims.com\/wp-content\/uploads\/2024\/01\/COL-Nou-Cims-0222-scaled.jpg","type":"image\/jpeg"}],"author":"Nous Cims","twitter_card":"summary_large_image","twitter_creator":"@nouscims","twitter_site":"@nouscims","twitter_misc":{"Escrit per":"Nous Cims","Temps estimat de lectura":"11 minuts"},"schema":{"@context":"https:\/\/schema.org","@graph":[{"@type":"Article","@id":"https:\/\/www.nouscims.com\/ca\/actualitat\/genere-una-lent-fonamental-per-a-abordar-els-problemes-socials\/#article","isPartOf":{"@id":"https:\/\/www.nouscims.com\/ca\/actualitat\/genere-una-lent-fonamental-per-a-abordar-els-problemes-socials\/"},"author":{"name":"Nous Cims","@id":"https:\/\/www.nouscims.com\/ca\/#\/schema\/person\/c49be7fd7667a36f1b39c1c5a2becf99"},"headline":"G\u00e8nere: una lent fonamental per a abordar els problemes socials","datePublished":"2024-01-29T10:01:29+00:00","dateModified":"2024-01-29T10:01:30+00:00","mainEntityOfPage":{"@id":"https:\/\/www.nouscims.com\/ca\/actualitat\/genere-una-lent-fonamental-per-a-abordar-els-problemes-socials\/"},"wordCount":2845,"commentCount":0,"image":{"@id":"https:\/\/www.nouscims.com\/ca\/actualitat\/genere-una-lent-fonamental-per-a-abordar-els-problemes-socials\/#primaryimage"},"thumbnailUrl":"https:\/\/www.nouscims.com\/wp-content\/uploads\/2024\/01\/COL-Nou-Cims-0222-scaled.jpg","articleSection":["Actualitat"],"inLanguage":"ca","potentialAction":[{"@type":"CommentAction","name":"Comment","target":["https:\/\/www.nouscims.com\/ca\/actualitat\/genere-una-lent-fonamental-per-a-abordar-els-problemes-socials\/#respond"]}]},{"@type":"WebPage","@id":"https:\/\/www.nouscims.com\/ca\/actualitat\/genere-una-lent-fonamental-per-a-abordar-els-problemes-socials\/","url":"https:\/\/www.nouscims.com\/ca\/actualitat\/genere-una-lent-fonamental-per-a-abordar-els-problemes-socials\/","name":"G\u00e8nere: una lent fonamental per a abordar els problemes socials - Fundaci\u00f3n Privada Nous Cims","isPartOf":{"@id":"https:\/\/www.nouscims.com\/ca\/#website"},"primaryImageOfPage":{"@id":"https:\/\/www.nouscims.com\/ca\/actualitat\/genere-una-lent-fonamental-per-a-abordar-els-problemes-socials\/#primaryimage"},"image":{"@id":"https:\/\/www.nouscims.com\/ca\/actualitat\/genere-una-lent-fonamental-per-a-abordar-els-problemes-socials\/#primaryimage"},"thumbnailUrl":"https:\/\/www.nouscims.com\/wp-content\/uploads\/2024\/01\/COL-Nou-Cims-0222-scaled.jpg","datePublished":"2024-01-29T10:01:29+00:00","dateModified":"2024-01-29T10:01:30+00:00","author":{"@id":"https:\/\/www.nouscims.com\/ca\/#\/schema\/person\/c49be7fd7667a36f1b39c1c5a2becf99"},"description":"La necessitat d'incorporar un enfocament de g\u00e8nere en la vida interna o organitzativa de les entitats amb vocaci\u00f3 social i en els projectes socials.","breadcrumb":{"@id":"https:\/\/www.nouscims.com\/ca\/actualitat\/genere-una-lent-fonamental-per-a-abordar-els-problemes-socials\/#breadcrumb"},"inLanguage":"ca","potentialAction":[{"@type":"ReadAction","target":["https:\/\/www.nouscims.com\/ca\/actualitat\/genere-una-lent-fonamental-per-a-abordar-els-problemes-socials\/"]}]},{"@type":"ImageObject","inLanguage":"ca","@id":"https:\/\/www.nouscims.com\/ca\/actualitat\/genere-una-lent-fonamental-per-a-abordar-els-problemes-socials\/#primaryimage","url":"https:\/\/www.nouscims.com\/wp-content\/uploads\/2024\/01\/COL-Nou-Cims-0222-scaled.jpg","contentUrl":"https:\/\/www.nouscims.com\/wp-content\/uploads\/2024\/01\/COL-Nou-Cims-0222-scaled.jpg","width":2560,"height":1710},{"@type":"BreadcrumbList","@id":"https:\/\/www.nouscims.com\/ca\/actualitat\/genere-una-lent-fonamental-per-a-abordar-els-problemes-socials\/#breadcrumb","itemListElement":[{"@type":"ListItem","position":1,"name":"Portada","item":"https:\/\/www.nouscims.com\/ca\/"},{"@type":"ListItem","position":2,"name":"G\u00e8nere: una lent fonamental per a abordar els problemes socials"}]},{"@type":"WebSite","@id":"https:\/\/www.nouscims.com\/ca\/#website","url":"https:\/\/www.nouscims.com\/ca\/","name":"Fundaci\u00f3n Privada Nous Cims","description":"Impulsamos y desarrollamos proyectos de innovaci\u00f3n social","potentialAction":[{"@type":"SearchAction","target":{"@type":"EntryPoint","urlTemplate":"https:\/\/www.nouscims.com\/ca\/?s={search_term_string}"},"query-input":{"@type":"PropertyValueSpecification","valueRequired":true,"valueName":"search_term_string"}}],"inLanguage":"ca"},{"@type":"Person","@id":"https:\/\/www.nouscims.com\/ca\/#\/schema\/person\/c49be7fd7667a36f1b39c1c5a2becf99","name":"Nous Cims","image":{"@type":"ImageObject","inLanguage":"ca","@id":"https:\/\/secure.gravatar.com\/avatar\/1dd42f1cafb4dfa67ddb690263b49eb6dd0b847386b5e1ee729643a318a2de73?s=96&d=mm&r=g","url":"https:\/\/secure.gravatar.com\/avatar\/1dd42f1cafb4dfa67ddb690263b49eb6dd0b847386b5e1ee729643a318a2de73?s=96&d=mm&r=g","contentUrl":"https:\/\/secure.gravatar.com\/avatar\/1dd42f1cafb4dfa67ddb690263b49eb6dd0b847386b5e1ee729643a318a2de73?s=96&d=mm&r=g","caption":"Nous Cims"},"url":"https:\/\/www.nouscims.com\/ca\/author\/edelcampo\/"}]}},"_links":{"self":[{"href":"https:\/\/www.nouscims.com\/ca\/wp-json\/wp\/v2\/posts\/8764","targetHints":{"allow":["GET"]}}],"collection":[{"href":"https:\/\/www.nouscims.com\/ca\/wp-json\/wp\/v2\/posts"}],"about":[{"href":"https:\/\/www.nouscims.com\/ca\/wp-json\/wp\/v2\/types\/post"}],"author":[{"embeddable":true,"href":"https:\/\/www.nouscims.com\/ca\/wp-json\/wp\/v2\/users\/2"}],"replies":[{"embeddable":true,"href":"https:\/\/www.nouscims.com\/ca\/wp-json\/wp\/v2\/comments?post=8764"}],"version-history":[{"count":6,"href":"https:\/\/www.nouscims.com\/ca\/wp-json\/wp\/v2\/posts\/8764\/revisions"}],"predecessor-version":[{"id":8824,"href":"https:\/\/www.nouscims.com\/ca\/wp-json\/wp\/v2\/posts\/8764\/revisions\/8824"}],"wp:featuredmedia":[{"embeddable":true,"href":"https:\/\/www.nouscims.com\/ca\/wp-json\/wp\/v2\/media\/8776"}],"wp:attachment":[{"href":"https:\/\/www.nouscims.com\/ca\/wp-json\/wp\/v2\/media?parent=8764"}],"wp:term":[{"taxonomy":"category","embeddable":true,"href":"https:\/\/www.nouscims.com\/ca\/wp-json\/wp\/v2\/categories?post=8764"},{"taxonomy":"post_tag","embeddable":true,"href":"https:\/\/www.nouscims.com\/ca\/wp-json\/wp\/v2\/tags?post=8764"}],"curies":[{"name":"wp","href":"https:\/\/api.w.org\/{rel}","templated":true}]}}