{"id":13815,"date":"2025-12-04T15:52:06","date_gmt":"2025-12-04T14:52:06","guid":{"rendered":"https:\/\/www.nouscims.com\/?p=13815"},"modified":"2025-12-04T15:54:09","modified_gmt":"2025-12-04T14:54:09","slug":"jornada-docupabilitat-creuar-mirades-per-donar-una-resposta-innovadora-a-un-repte-global","status":"publish","type":"post","link":"https:\/\/www.nouscims.com\/ca\/actualitat\/jornada-docupabilitat-creuar-mirades-per-donar-una-resposta-innovadora-a-un-repte-global\/","title":{"rendered":"Jornada d\u2019Ocupabilitat: creuar mirades per donar una resposta innovadora a un repte global"},"content":{"rendered":"<div class=\"wpb-content-wrapper\"><p>[vc_row row_height_percent=&#8221;0&#8243; overlay_alpha=&#8221;50&#8243; gutter_size=&#8221;3&#8243; column_width_percent=&#8221;100&#8243; shift_y=&#8221;0&#8243; z_index=&#8221;0&#8243; uncode_shortcode_id=&#8221;225615&#8243;][vc_column width=&#8221;1\/2&#8243;][vc_column_text uncode_shortcode_id=&#8221;212781&#8243;]<\/p>\n<h4><strong><span style=\"color: #f64943\"><span class=\"TextRun SCXW43011414 BCX0\" lang=\"ES-ES\" xml:lang=\"ES-ES\" data-contrast=\"auto\"><span class=\"NormalTextRun SCXW43011414 BCX0\">JORNADA D&#8217;OCUPABILITAT: CREUAR MIRADES PER DONAR UNA RESPOSTA INNOVADORA A UN REPTE GLOBAL<\/span><\/span><\/span><\/strong><\/h4>\n<p><em><strong><span style=\"color: #f64943\">Ana Caruezo Carnero, comunicadora cient\u00edfica i social.<\/span><\/strong><\/em><\/p>\n<p><span style=\"color: #000000\"><span class=\"TextRun SCXW53522844 BCX0\" lang=\"ES-ES\" xml:lang=\"ES-ES\" data-contrast=\"auto\">La jornada \u201cOcupabilitat Juvenil: creuar mirades per donar una resposta innovadora a un repte global\u201d, organitzada per Nous Cims en col\u00b7laboraci\u00f3 amb Escoles de Segona Oportunitat, Somos F5, Ayuda en Acci\u00f3n i Simplon.co, tenia com a prop\u00f2sit convertir-se en un espai de trobada, intercanvi i reflexi\u00f3 entre professionals que treballen en diferents pa\u00efsos per millorar les oportunitats formatives i laborals dels i les joves. <\/span><span class=\"EOP SCXW53522844 BCX0\"> <\/span><\/span>[\/vc_column_text][\/vc_column][vc_column column_width_percent=&#8221;100&#8243; gutter_size=&#8221;3&#8243; overlay_alpha=&#8221;50&#8243; shift_x=&#8221;0&#8243; shift_y=&#8221;0&#8243; shift_y_down=&#8221;0&#8243; z_index=&#8221;0&#8243; medium_width=&#8221;0&#8243; mobile_width=&#8221;0&#8243; width=&#8221;1\/2&#8243; uncode_shortcode_id=&#8221;202615&#8243;][vc_single_image media=&#8221;13823&#8243; media_width_percent=&#8221;100&#8243; uncode_shortcode_id=&#8221;157610&#8243;][\/vc_column][\/vc_row][vc_row][vc_column width=&#8221;1\/1&#8243;][vc_column_text uncode_shortcode_id=&#8221;722711&#8243;]<span style=\"color: #000000\">La trobada va posar el focus en la necessitat d\u2019acompanyar des d\u2019una mirada integral: m\u00e9s enll\u00e0 de la formaci\u00f3 t\u00e8cnica, \u00e9s imprescindible atendre el benestar emocional, les inquietuds i els contextos vitals de cada jove. <\/span><\/p>\n<p><span style=\"color: #000000\">Al llarg de la jornada es va compartir una convicci\u00f3 profunda: les joventuts obren camins. Sigui a Saint-Louis, Barcelona, Par\u00eds o Bogot\u00e0, comparteixen una mateixa for\u00e7a transformadora que convida a cooperar, a creuar mirades i a teixir una xarxa intercontinental capa\u00e7 de proposar respostes innovadores a reptes comuns.  <\/span><\/p>\n<h3><span style=\"color: #000000\"><b>Situar els i les joves al centre del canvi<\/b> <\/span><\/h3>\n<p><span style=\"color: #000000\">El primer bloc, \u201cCom transformar la formaci\u00f3 per situar els joves al centre del canvi?\u201d, va reunir diferents ponents que van coincidir en una idea clau: els i les joves no s\u00f3n beneficiaris; s\u00f3n protagonistes del seu propi proc\u00e9s formatiu i vital. <\/span><\/p>\n<p><span style=\"color: #000000\">Abans que les compet\u00e8ncies t\u00e8cniques, van destacar la necessitat de treballar l\u2019\u00e9sser: refor\u00e7ar l\u2019autoestima, canalitzar emocions, construir vincles, aprendre a treballar en equip i desenvolupar totes aquelles habilitats toves (soft skills) que sostenen l\u2019autonomia i el futur professional. Tal com va expressar Moussa Diop, CEO de GPES x Challenge Hub, \u201cQuan acompanyes joves et situes en el curt termini, per\u00f2 sempre amb una mirada de futur.\u201d <\/span><\/p>\n<p><span style=\"color: #000000\">Es va defensar una visi\u00f3 de l\u2019educaci\u00f3 com un proc\u00e9s transformador i no com l\u2019obtenci\u00f3 d\u2019un t\u00edtol, i de l\u2019ocupaci\u00f3 no nom\u00e9s com un lloc al qual accedir, sin\u00f3 com una via per construir un projecte de vida: un cam\u00ed cap a l\u2019autonomia, la dignitat i la participaci\u00f3 social. <\/span><\/p>\n<p><span style=\"color: #000000\">Des d\u2019aquesta mirada, l\u2019acompanyament ha de ser respectu\u00f3s i no impositiu. Nom\u00e9s aix\u00ed poden apar\u00e8ixer motivacions aut\u00e8ntiques que permetin a cada jove tra\u00e7ar itineraris que els ajudin a cr\u00e9ixer, descobrir-se i projectar-se m\u00e9s enll\u00e0 del curt termini.  <\/span><\/p>\n<h3><span style=\"color: #000000\"><b>Reptes compartits: construir ponts reals amb el m\u00f3n laboral<\/b> <\/span><\/h3>\n<p><span style=\"color: #000000\">El segon bloc va abordar un repte urgent: com construir ponts s\u00f2lids entre la formaci\u00f3 i el m\u00f3n laboral. Les ponents van coincidir en un diagn\u00f2stic clar: el sistema educatiu i el sistema empresarial parlen idiomes diferents.  <\/span><\/p>\n<p><span style=\"color: #000000\">Es van compartir bones pr\u00e0ctiques centrades en un principi essencial: per orientar adequadament, cal con\u00e8ixer la persona (el seu recorregut vital, les seves inquietuds i les seves il\u00b7lusions) i convertir tot aquest potencial en un actiu real per a la seva ocupabilitat. Aix\u00ed mateix, es va insistir que formar-se i explorar noves vies de vida sempre \u00e9s possible, si existeix un ecosistema que acompanyi, obri portes i faci sentir capa\u00e7os als joves.  <\/span><\/p>\n<p><span style=\"color: #000000\">Davant d\u2019aquest desencaix, el repte \u00e9s construir un pont s\u00f2lid i significatiu entre dues realitats que, massa sovint, no es comuniquen de la mateixa manera. Bouna Kane, director de SIMPLON.co \u00c0frica, comentava: \u201cHem format m\u00e9s de 30.000 persones, amb un \u00edndex d\u2019inserci\u00f3 de m\u00e9s del 90%. Qu\u00e8 fem per aconseguir aix\u00f2 a l\u2019\u00c0frica, sent un continent pobre? Hem capgirat les tornes, ens hem centrat en el m\u00e8tode i intentem reproduir el m\u00f3n empresarial a l\u2019aula.\u201d  <\/span><\/p>\n<p><span style=\"color: #000000\">I, tal com indicava Juanjo Berbel, la feina \u00e9s flexible, canviant. I per aix\u00f2 hem de combinar les 3 Cs:  <\/span><\/p>\n<ul>\n<li data-leveltext=\"\uf0b7\" data-font=\"Symbol\" data-listid=\"1\" data-aria-posinset=\"1\" data-aria-level=\"1\"><span style=\"color: #000000\">Coneixement: potenciar les soft skills, 7 de cada 10 empreses les valoren per sobre dels coneixements t\u00e8cnics. <\/span><\/li>\n<\/ul>\n<ul>\n<li data-leveltext=\"\uf0b7\" data-font=\"Symbol\" data-listid=\"1\" data-aria-posinset=\"2\" data-aria-level=\"1\"><span style=\"color: #000000\">Corresponsabilitat: exigir a les empreses transpar\u00e8ncia i inclusi\u00f3, i al sistema educatiu, obertura cap al mon laboral. <\/span><\/li>\n<\/ul>\n<ul>\n<li data-leveltext=\"\uf0b7\" data-font=\"Symbol\" data-listid=\"1\" data-aria-posinset=\"3\" data-aria-level=\"1\"><span style=\"color: #000000\">Cooperaci\u00f3: construir aliances basades en aprenentatges experiencials, itineraris pr\u00e0ctics i reptes compartits. <\/span><\/li>\n<\/ul>\n<h3><span style=\"color: #000000\"><b>Mirada de futur: innovaci\u00f3, impacte i oportunitats <\/b> <\/span><\/h3>\n<p><span style=\"color: #000000\">El tercer bloc, dedicat a la innovaci\u00f3 i a l\u2019avaluaci\u00f3 d\u2019impacte, va posar de relleu com ambd\u00f3s elements es converteixen en motors fonamentals per millorar les oportunitats laborals de les joventuts. <\/span><\/p>\n<p><span style=\"color: #000000\">La innovaci\u00f3 (tecnol\u00f2gica, social o metodol\u00f2gica) genera necessitats de formaci\u00f3 i capacitaci\u00f3, crea nous perfils professionals i obre camins que abans no existien. Aix\u00f2 la converteix en una finestra d\u2019oportunitat per als joves. Al mateix temps, les innovacions aporten avantatges competitius que les fan atractives per al mercat, generant espais on els joves poden destacar i construir traject\u00f2ries amb m\u00e9s projecci\u00f3.   <\/span><\/p>\n<p><span style=\"color: #000000\">Les ponents van subratllar, a m\u00e9s, el valor de l\u2019avaluaci\u00f3 d\u2019impacte com una eina d\u2019aprenentatge col\u00b7lectiu que permet millorar cont\u00ednuament els programes, ajustar les intervencions i garantir que aquestes responen a les necessitats reals dels joves i dels territoris. <\/span><\/p>\n<h3><span style=\"color: #000000\"> <\/span><span style=\"color: #000000\"><b>Una xarxa global per avan\u00e7ar cap a una ocupabilitat m\u00e9s justa<\/b> <\/span><\/h3>\n<p><span style=\"color: #000000\">La jornada va concloure amb una reflexi\u00f3 compartida: els reptes de les joventuts al nord i al sud del planeta comparteixen arrels comunes, tot i que s\u2019expressen en contextos culturals diferents. Desaprendre imaginaris, escoltar, compartir i cocrear es van revelar com a ingredients essencials de la innovaci\u00f3 social. <\/span><\/p>\n<p><span style=\"color: #000000\">Com a resultat de les connexions creades durant la jornada, es va anunciar la creaci\u00f3 d\u2019una coalici\u00f3 internacional per a la joventut i la innovaci\u00f3 social, destinada a continuar l\u2019intercanvi d\u2019experi\u00e8ncies, identificar innovacions replicables i promoure nous partenariats que impulsin canvis sist\u00e8mics. <\/span><\/p>\n<p><span style=\"color: #000000\">Tal com va expressar Astrith Johana Armijo, coordinadora de la Xarxa Juvenil Chocoanas de Col\u00f2mbia: \u201cEl treball en xarxa \u00e9s molt m\u00e9s poder\u00f3s i molt m\u00e9s grans s\u00f3n els fruits que podem collir.\u201d <\/span>[\/vc_column_text][\/vc_column][\/vc_row]<\/p>\n<\/div>","protected":false},"excerpt":{"rendered":"<p> JORNADA D&#8217;OCUPABILITAT: CREUAR MIRADES PER DONAR UNA RESPOSTA INNOVADORA A [&hellip;]<\/p>\n","protected":false},"author":2,"featured_media":13819,"comment_status":"closed","ping_status":"closed","sticky":false,"template":"","format":"standard","meta":{"footnotes":""},"categories":[2],"tags":[],"class_list":["post-13815","post","type-post","status-publish","format-standard","has-post-thumbnail","hentry","category-actualitat"],"yoast_head":"<!-- This site is optimized with the Yoast SEO plugin v27.4 - https:\/\/yoast.com\/product\/yoast-seo-wordpress\/ -->\n<title>Jornada d\u2019Ocupabilitat: creuar mirades per donar una resposta innovadora a un repte global - Fundaci\u00f3n Privada Nous Cims<\/title>\n<meta name=\"description\" content=\"Intercanvi entre professionals que treballen en diferents pa\u00efsos per a millorar les oportunitats formatives i laborals de les i els joves.\" \/>\n<meta name=\"robots\" content=\"index, follow, max-snippet:-1, max-image-preview:large, max-video-preview:-1\" \/>\n<link rel=\"canonical\" href=\"https:\/\/www.nouscims.com\/ca\/actualitat\/jornada-docupabilitat-creuar-mirades-per-donar-una-resposta-innovadora-a-un-repte-global\/\" \/>\n<meta property=\"og:locale\" content=\"ca_ES\" \/>\n<meta property=\"og:type\" content=\"article\" \/>\n<meta property=\"og:title\" content=\"Jornada d\u2019Ocupabilitat: creuar mirades per donar una resposta innovadora a un repte global - Fundaci\u00f3n Privada Nous Cims\" \/>\n<meta property=\"og:description\" content=\"Intercanvi entre professionals que treballen en diferents pa\u00efsos per a millorar les oportunitats formatives i laborals de les i els joves.\" \/>\n<meta property=\"og:url\" content=\"https:\/\/www.nouscims.com\/ca\/actualitat\/jornada-docupabilitat-creuar-mirades-per-donar-una-resposta-innovadora-a-un-repte-global\/\" \/>\n<meta property=\"og:site_name\" content=\"Fundaci\u00f3n Privada Nous Cims\" \/>\n<meta property=\"article:publisher\" content=\"https:\/\/www.facebook.com\/nouscims\" \/>\n<meta property=\"article:published_time\" content=\"2025-12-04T14:52:06+00:00\" \/>\n<meta property=\"article:modified_time\" content=\"2025-12-04T14:54:09+00:00\" \/>\n<meta property=\"og:image\" content=\"https:\/\/www.nouscims.com\/wp-content\/uploads\/2025\/12\/1032-scaled.jpg\" \/>\n\t<meta property=\"og:image:width\" content=\"2560\" \/>\n\t<meta property=\"og:image:height\" content=\"1707\" \/>\n\t<meta property=\"og:image:type\" content=\"image\/jpeg\" \/>\n<meta name=\"author\" content=\"Nous Cims\" \/>\n<meta name=\"twitter:card\" content=\"summary_large_image\" \/>\n<meta name=\"twitter:creator\" content=\"@nouscims\" \/>\n<meta name=\"twitter:site\" content=\"@nouscims\" \/>\n<meta name=\"twitter:label1\" content=\"Escrit per\" \/>\n\t<meta name=\"twitter:data1\" content=\"Nous Cims\" \/>\n\t<meta name=\"twitter:label2\" content=\"Temps estimat de lectura\" \/>\n\t<meta name=\"twitter:data2\" content=\"5 minuts\" \/>\n<script type=\"application\/ld+json\" class=\"yoast-schema-graph\">{\"@context\":\"https:\\\/\\\/schema.org\",\"@graph\":[{\"@type\":\"Article\",\"@id\":\"https:\\\/\\\/www.nouscims.com\\\/ca\\\/actualitat\\\/jornada-docupabilitat-creuar-mirades-per-donar-una-resposta-innovadora-a-un-repte-global\\\/#article\",\"isPartOf\":{\"@id\":\"https:\\\/\\\/www.nouscims.com\\\/ca\\\/actualitat\\\/jornada-docupabilitat-creuar-mirades-per-donar-una-resposta-innovadora-a-un-repte-global\\\/\"},\"author\":{\"name\":\"Nous Cims\",\"@id\":\"https:\\\/\\\/www.nouscims.com\\\/ca\\\/#\\\/schema\\\/person\\\/c49be7fd7667a36f1b39c1c5a2becf99\"},\"headline\":\"Jornada d\u2019Ocupabilitat: creuar mirades per donar una resposta innovadora a un repte global\",\"datePublished\":\"2025-12-04T14:52:06+00:00\",\"dateModified\":\"2025-12-04T14:54:09+00:00\",\"mainEntityOfPage\":{\"@id\":\"https:\\\/\\\/www.nouscims.com\\\/ca\\\/actualitat\\\/jornada-docupabilitat-creuar-mirades-per-donar-una-resposta-innovadora-a-un-repte-global\\\/\"},\"wordCount\":1088,\"image\":{\"@id\":\"https:\\\/\\\/www.nouscims.com\\\/ca\\\/actualitat\\\/jornada-docupabilitat-creuar-mirades-per-donar-una-resposta-innovadora-a-un-repte-global\\\/#primaryimage\"},\"thumbnailUrl\":\"https:\\\/\\\/www.nouscims.com\\\/wp-content\\\/uploads\\\/2025\\\/12\\\/1032-scaled.jpg\",\"articleSection\":[\"Actualitat\"],\"inLanguage\":\"ca\"},{\"@type\":\"WebPage\",\"@id\":\"https:\\\/\\\/www.nouscims.com\\\/ca\\\/actualitat\\\/jornada-docupabilitat-creuar-mirades-per-donar-una-resposta-innovadora-a-un-repte-global\\\/\",\"url\":\"https:\\\/\\\/www.nouscims.com\\\/ca\\\/actualitat\\\/jornada-docupabilitat-creuar-mirades-per-donar-una-resposta-innovadora-a-un-repte-global\\\/\",\"name\":\"Jornada d\u2019Ocupabilitat: creuar mirades per donar una resposta innovadora a un repte global - Fundaci\u00f3n Privada Nous Cims\",\"isPartOf\":{\"@id\":\"https:\\\/\\\/www.nouscims.com\\\/ca\\\/#website\"},\"primaryImageOfPage\":{\"@id\":\"https:\\\/\\\/www.nouscims.com\\\/ca\\\/actualitat\\\/jornada-docupabilitat-creuar-mirades-per-donar-una-resposta-innovadora-a-un-repte-global\\\/#primaryimage\"},\"image\":{\"@id\":\"https:\\\/\\\/www.nouscims.com\\\/ca\\\/actualitat\\\/jornada-docupabilitat-creuar-mirades-per-donar-una-resposta-innovadora-a-un-repte-global\\\/#primaryimage\"},\"thumbnailUrl\":\"https:\\\/\\\/www.nouscims.com\\\/wp-content\\\/uploads\\\/2025\\\/12\\\/1032-scaled.jpg\",\"datePublished\":\"2025-12-04T14:52:06+00:00\",\"dateModified\":\"2025-12-04T14:54:09+00:00\",\"author\":{\"@id\":\"https:\\\/\\\/www.nouscims.com\\\/ca\\\/#\\\/schema\\\/person\\\/c49be7fd7667a36f1b39c1c5a2becf99\"},\"description\":\"Intercanvi entre professionals que treballen en diferents pa\u00efsos per a millorar les oportunitats formatives i laborals de les i els joves.\",\"breadcrumb\":{\"@id\":\"https:\\\/\\\/www.nouscims.com\\\/ca\\\/actualitat\\\/jornada-docupabilitat-creuar-mirades-per-donar-una-resposta-innovadora-a-un-repte-global\\\/#breadcrumb\"},\"inLanguage\":\"ca\",\"potentialAction\":[{\"@type\":\"ReadAction\",\"target\":[\"https:\\\/\\\/www.nouscims.com\\\/ca\\\/actualitat\\\/jornada-docupabilitat-creuar-mirades-per-donar-una-resposta-innovadora-a-un-repte-global\\\/\"]}]},{\"@type\":\"ImageObject\",\"inLanguage\":\"ca\",\"@id\":\"https:\\\/\\\/www.nouscims.com\\\/ca\\\/actualitat\\\/jornada-docupabilitat-creuar-mirades-per-donar-una-resposta-innovadora-a-un-repte-global\\\/#primaryimage\",\"url\":\"https:\\\/\\\/www.nouscims.com\\\/wp-content\\\/uploads\\\/2025\\\/12\\\/1032-scaled.jpg\",\"contentUrl\":\"https:\\\/\\\/www.nouscims.com\\\/wp-content\\\/uploads\\\/2025\\\/12\\\/1032-scaled.jpg\",\"width\":2560,\"height\":1707},{\"@type\":\"BreadcrumbList\",\"@id\":\"https:\\\/\\\/www.nouscims.com\\\/ca\\\/actualitat\\\/jornada-docupabilitat-creuar-mirades-per-donar-una-resposta-innovadora-a-un-repte-global\\\/#breadcrumb\",\"itemListElement\":[{\"@type\":\"ListItem\",\"position\":1,\"name\":\"Portada\",\"item\":\"https:\\\/\\\/www.nouscims.com\\\/ca\\\/\"},{\"@type\":\"ListItem\",\"position\":2,\"name\":\"Jornada d\u2019Ocupabilitat: creuar mirades per donar una resposta innovadora a un repte global\"}]},{\"@type\":\"WebSite\",\"@id\":\"https:\\\/\\\/www.nouscims.com\\\/ca\\\/#website\",\"url\":\"https:\\\/\\\/www.nouscims.com\\\/ca\\\/\",\"name\":\"Fundaci\u00f3n Privada Nous Cims\",\"description\":\"Impulsamos y desarrollamos proyectos de innovaci\u00f3n social\",\"potentialAction\":[{\"@type\":\"SearchAction\",\"target\":{\"@type\":\"EntryPoint\",\"urlTemplate\":\"https:\\\/\\\/www.nouscims.com\\\/ca\\\/?s={search_term_string}\"},\"query-input\":{\"@type\":\"PropertyValueSpecification\",\"valueRequired\":true,\"valueName\":\"search_term_string\"}}],\"inLanguage\":\"ca\"},{\"@type\":\"Person\",\"@id\":\"https:\\\/\\\/www.nouscims.com\\\/ca\\\/#\\\/schema\\\/person\\\/c49be7fd7667a36f1b39c1c5a2becf99\",\"name\":\"Nous Cims\",\"image\":{\"@type\":\"ImageObject\",\"inLanguage\":\"ca\",\"@id\":\"https:\\\/\\\/secure.gravatar.com\\\/avatar\\\/1dd42f1cafb4dfa67ddb690263b49eb6dd0b847386b5e1ee729643a318a2de73?s=96&d=mm&r=g\",\"url\":\"https:\\\/\\\/secure.gravatar.com\\\/avatar\\\/1dd42f1cafb4dfa67ddb690263b49eb6dd0b847386b5e1ee729643a318a2de73?s=96&d=mm&r=g\",\"contentUrl\":\"https:\\\/\\\/secure.gravatar.com\\\/avatar\\\/1dd42f1cafb4dfa67ddb690263b49eb6dd0b847386b5e1ee729643a318a2de73?s=96&d=mm&r=g\",\"caption\":\"Nous Cims\"},\"url\":\"https:\\\/\\\/www.nouscims.com\\\/ca\\\/author\\\/edelcampo\\\/\"}]}<\/script>\n<!-- \/ Yoast SEO plugin. -->","yoast_head_json":{"title":"Jornada d\u2019Ocupabilitat: creuar mirades per donar una resposta innovadora a un repte global - Fundaci\u00f3n Privada Nous Cims","description":"Intercanvi entre professionals que treballen en diferents pa\u00efsos per a millorar les oportunitats formatives i laborals de les i els joves.","robots":{"index":"index","follow":"follow","max-snippet":"max-snippet:-1","max-image-preview":"max-image-preview:large","max-video-preview":"max-video-preview:-1"},"canonical":"https:\/\/www.nouscims.com\/ca\/actualitat\/jornada-docupabilitat-creuar-mirades-per-donar-una-resposta-innovadora-a-un-repte-global\/","og_locale":"ca_ES","og_type":"article","og_title":"Jornada d\u2019Ocupabilitat: creuar mirades per donar una resposta innovadora a un repte global - Fundaci\u00f3n Privada Nous Cims","og_description":"Intercanvi entre professionals que treballen en diferents pa\u00efsos per a millorar les oportunitats formatives i laborals de les i els joves.","og_url":"https:\/\/www.nouscims.com\/ca\/actualitat\/jornada-docupabilitat-creuar-mirades-per-donar-una-resposta-innovadora-a-un-repte-global\/","og_site_name":"Fundaci\u00f3n Privada Nous Cims","article_publisher":"https:\/\/www.facebook.com\/nouscims","article_published_time":"2025-12-04T14:52:06+00:00","article_modified_time":"2025-12-04T14:54:09+00:00","og_image":[{"width":2560,"height":1707,"url":"https:\/\/www.nouscims.com\/wp-content\/uploads\/2025\/12\/1032-scaled.jpg","type":"image\/jpeg"}],"author":"Nous Cims","twitter_card":"summary_large_image","twitter_creator":"@nouscims","twitter_site":"@nouscims","twitter_misc":{"Escrit per":"Nous Cims","Temps estimat de lectura":"5 minuts"},"schema":{"@context":"https:\/\/schema.org","@graph":[{"@type":"Article","@id":"https:\/\/www.nouscims.com\/ca\/actualitat\/jornada-docupabilitat-creuar-mirades-per-donar-una-resposta-innovadora-a-un-repte-global\/#article","isPartOf":{"@id":"https:\/\/www.nouscims.com\/ca\/actualitat\/jornada-docupabilitat-creuar-mirades-per-donar-una-resposta-innovadora-a-un-repte-global\/"},"author":{"name":"Nous Cims","@id":"https:\/\/www.nouscims.com\/ca\/#\/schema\/person\/c49be7fd7667a36f1b39c1c5a2becf99"},"headline":"Jornada d\u2019Ocupabilitat: creuar mirades per donar una resposta innovadora a un repte global","datePublished":"2025-12-04T14:52:06+00:00","dateModified":"2025-12-04T14:54:09+00:00","mainEntityOfPage":{"@id":"https:\/\/www.nouscims.com\/ca\/actualitat\/jornada-docupabilitat-creuar-mirades-per-donar-una-resposta-innovadora-a-un-repte-global\/"},"wordCount":1088,"image":{"@id":"https:\/\/www.nouscims.com\/ca\/actualitat\/jornada-docupabilitat-creuar-mirades-per-donar-una-resposta-innovadora-a-un-repte-global\/#primaryimage"},"thumbnailUrl":"https:\/\/www.nouscims.com\/wp-content\/uploads\/2025\/12\/1032-scaled.jpg","articleSection":["Actualitat"],"inLanguage":"ca"},{"@type":"WebPage","@id":"https:\/\/www.nouscims.com\/ca\/actualitat\/jornada-docupabilitat-creuar-mirades-per-donar-una-resposta-innovadora-a-un-repte-global\/","url":"https:\/\/www.nouscims.com\/ca\/actualitat\/jornada-docupabilitat-creuar-mirades-per-donar-una-resposta-innovadora-a-un-repte-global\/","name":"Jornada d\u2019Ocupabilitat: creuar mirades per donar una resposta innovadora a un repte global - Fundaci\u00f3n Privada Nous Cims","isPartOf":{"@id":"https:\/\/www.nouscims.com\/ca\/#website"},"primaryImageOfPage":{"@id":"https:\/\/www.nouscims.com\/ca\/actualitat\/jornada-docupabilitat-creuar-mirades-per-donar-una-resposta-innovadora-a-un-repte-global\/#primaryimage"},"image":{"@id":"https:\/\/www.nouscims.com\/ca\/actualitat\/jornada-docupabilitat-creuar-mirades-per-donar-una-resposta-innovadora-a-un-repte-global\/#primaryimage"},"thumbnailUrl":"https:\/\/www.nouscims.com\/wp-content\/uploads\/2025\/12\/1032-scaled.jpg","datePublished":"2025-12-04T14:52:06+00:00","dateModified":"2025-12-04T14:54:09+00:00","author":{"@id":"https:\/\/www.nouscims.com\/ca\/#\/schema\/person\/c49be7fd7667a36f1b39c1c5a2becf99"},"description":"Intercanvi entre professionals que treballen en diferents pa\u00efsos per a millorar les oportunitats formatives i laborals de les i els joves.","breadcrumb":{"@id":"https:\/\/www.nouscims.com\/ca\/actualitat\/jornada-docupabilitat-creuar-mirades-per-donar-una-resposta-innovadora-a-un-repte-global\/#breadcrumb"},"inLanguage":"ca","potentialAction":[{"@type":"ReadAction","target":["https:\/\/www.nouscims.com\/ca\/actualitat\/jornada-docupabilitat-creuar-mirades-per-donar-una-resposta-innovadora-a-un-repte-global\/"]}]},{"@type":"ImageObject","inLanguage":"ca","@id":"https:\/\/www.nouscims.com\/ca\/actualitat\/jornada-docupabilitat-creuar-mirades-per-donar-una-resposta-innovadora-a-un-repte-global\/#primaryimage","url":"https:\/\/www.nouscims.com\/wp-content\/uploads\/2025\/12\/1032-scaled.jpg","contentUrl":"https:\/\/www.nouscims.com\/wp-content\/uploads\/2025\/12\/1032-scaled.jpg","width":2560,"height":1707},{"@type":"BreadcrumbList","@id":"https:\/\/www.nouscims.com\/ca\/actualitat\/jornada-docupabilitat-creuar-mirades-per-donar-una-resposta-innovadora-a-un-repte-global\/#breadcrumb","itemListElement":[{"@type":"ListItem","position":1,"name":"Portada","item":"https:\/\/www.nouscims.com\/ca\/"},{"@type":"ListItem","position":2,"name":"Jornada d\u2019Ocupabilitat: creuar mirades per donar una resposta innovadora a un repte global"}]},{"@type":"WebSite","@id":"https:\/\/www.nouscims.com\/ca\/#website","url":"https:\/\/www.nouscims.com\/ca\/","name":"Fundaci\u00f3n Privada Nous Cims","description":"Impulsamos y desarrollamos proyectos de innovaci\u00f3n social","potentialAction":[{"@type":"SearchAction","target":{"@type":"EntryPoint","urlTemplate":"https:\/\/www.nouscims.com\/ca\/?s={search_term_string}"},"query-input":{"@type":"PropertyValueSpecification","valueRequired":true,"valueName":"search_term_string"}}],"inLanguage":"ca"},{"@type":"Person","@id":"https:\/\/www.nouscims.com\/ca\/#\/schema\/person\/c49be7fd7667a36f1b39c1c5a2becf99","name":"Nous Cims","image":{"@type":"ImageObject","inLanguage":"ca","@id":"https:\/\/secure.gravatar.com\/avatar\/1dd42f1cafb4dfa67ddb690263b49eb6dd0b847386b5e1ee729643a318a2de73?s=96&d=mm&r=g","url":"https:\/\/secure.gravatar.com\/avatar\/1dd42f1cafb4dfa67ddb690263b49eb6dd0b847386b5e1ee729643a318a2de73?s=96&d=mm&r=g","contentUrl":"https:\/\/secure.gravatar.com\/avatar\/1dd42f1cafb4dfa67ddb690263b49eb6dd0b847386b5e1ee729643a318a2de73?s=96&d=mm&r=g","caption":"Nous Cims"},"url":"https:\/\/www.nouscims.com\/ca\/author\/edelcampo\/"}]}},"_links":{"self":[{"href":"https:\/\/www.nouscims.com\/ca\/wp-json\/wp\/v2\/posts\/13815","targetHints":{"allow":["GET"]}}],"collection":[{"href":"https:\/\/www.nouscims.com\/ca\/wp-json\/wp\/v2\/posts"}],"about":[{"href":"https:\/\/www.nouscims.com\/ca\/wp-json\/wp\/v2\/types\/post"}],"author":[{"embeddable":true,"href":"https:\/\/www.nouscims.com\/ca\/wp-json\/wp\/v2\/users\/2"}],"replies":[{"embeddable":true,"href":"https:\/\/www.nouscims.com\/ca\/wp-json\/wp\/v2\/comments?post=13815"}],"version-history":[{"count":8,"href":"https:\/\/www.nouscims.com\/ca\/wp-json\/wp\/v2\/posts\/13815\/revisions"}],"predecessor-version":[{"id":13835,"href":"https:\/\/www.nouscims.com\/ca\/wp-json\/wp\/v2\/posts\/13815\/revisions\/13835"}],"wp:featuredmedia":[{"embeddable":true,"href":"https:\/\/www.nouscims.com\/ca\/wp-json\/wp\/v2\/media\/13819"}],"wp:attachment":[{"href":"https:\/\/www.nouscims.com\/ca\/wp-json\/wp\/v2\/media?parent=13815"}],"wp:term":[{"taxonomy":"category","embeddable":true,"href":"https:\/\/www.nouscims.com\/ca\/wp-json\/wp\/v2\/categories?post=13815"},{"taxonomy":"post_tag","embeddable":true,"href":"https:\/\/www.nouscims.com\/ca\/wp-json\/wp\/v2\/tags?post=13815"}],"curies":[{"name":"wp","href":"https:\/\/api.w.org\/{rel}","templated":true}]}}