{"id":13548,"date":"2025-04-24T14:05:13","date_gmt":"2025-04-24T12:05:13","guid":{"rendered":"https:\/\/www.nouscims.com\/beneficios-del-vinculo-familia-escuela\/"},"modified":"2025-11-26T14:12:38","modified_gmt":"2025-11-26T13:12:38","slug":"beneficis-del-vincle-familia-escola","status":"publish","type":"post","link":"https:\/\/www.nouscims.com\/ca\/actualitat\/beneficis-del-vincle-familia-escola\/","title":{"rendered":"Beneficis del vincle fam\u00edlia escola"},"content":{"rendered":"<div class=\"wpb-content-wrapper\"><p>[vc_row row_height_percent=&#8221;0&#8243; overlay_alpha=&#8221;50&#8243; gutter_size=&#8221;3&#8243; column_width_percent=&#8221;100&#8243; shift_y=&#8221;0&#8243; z_index=&#8221;0&#8243; uncode_shortcode_id=&#8221;225615&#8243;][vc_column width=&#8221;1\/2&#8243;][vc_column_text uncode_shortcode_id=&#8221;183412&#8243;]<\/p>\n<h4><strong><span style=\"color: #f64943\">BENEFICIS DEL VINCLE FAM\u00cdLIA ESCOLA<\/span><\/strong><\/h4>\n<p><em><strong><span style=\"color: #f64943\">Anna Fillat i Cristina Morat\u00f3, T\u00e8cnica del Programa KOA i Project Manager del Programa Komt\u00fc<\/span><\/strong><\/em><\/p>\n<p><span style=\"color: #000000\">Com podem enfortir els vincles entre les fam\u00edlies i els docents?<\/span><\/p>\n<p><span style=\"color: #000000\">Com perceben els equips educatius l\u2019esfor\u00e7 i la implicaci\u00f3 de les fam\u00edlies en l\u2019aprenentatge dels seus fills i filles?<\/span><\/p>\n<p><span style=\"color: #000000\">Pot una relaci\u00f3 m\u00e9s estreta entre fam\u00edlia i escola reduir l\u2019absentisme i millorar l\u2019\u00e8xit educatiu?<\/span><\/p>\n<p><span style=\"color: #000000\">Aquestes s\u00f3n algunes de les preguntes que ens fem des del programa Komt\u00fc i el programa KOA de la Fundaci\u00f3 Nous Cims, perqu\u00e8 sabem que la col\u00b7laboraci\u00f3 entre escola i fam\u00edlia \u00e9s clau pel benestar emocional i acad\u00e8mic dels infants i adolescents.<\/span><\/p>\n<p><span style=\"color: #000000\">Aquest article t\u00e9 com a objectiu contextualitzar la import\u00e0ncia i els beneficis del vincle entre l\u2019infant i la seva fam\u00edlia, aix\u00ed com oferir les eines clau perqu\u00e8 l\u2019escola pugui generar canvis a les seves din\u00e0miques i refor\u00e7ar una relaci\u00f3 m\u00e9s estreta i propera amb les fam\u00edlies.<\/span>[\/vc_column_text][\/vc_column][vc_column column_width_percent=&#8221;100&#8243; gutter_size=&#8221;3&#8243; overlay_alpha=&#8221;50&#8243; shift_x=&#8221;0&#8243; shift_y=&#8221;0&#8243; shift_y_down=&#8221;0&#8243; z_index=&#8221;0&#8243; medium_width=&#8221;0&#8243; mobile_width=&#8221;0&#8243; width=&#8221;1\/2&#8243; uncode_shortcode_id=&#8221;202615&#8243;][vc_single_image media=&#8221;13543&#8243; media_width_percent=&#8221;100&#8243; uncode_shortcode_id=&#8221;197595&#8243;][\/vc_column][\/vc_row][vc_row][vc_column width=&#8221;1\/1&#8243;][vc_column_text uncode_shortcode_id=&#8221;228710&#8243;]<\/p>\n<h3><span style=\"color: #000000\"><strong>Vincle fam\u00edlia-infant<\/strong><\/span><\/h3>\n<p><span style=\"color: #000000\">Els \u00e9ssers humans som \u00e9ssers socials des de que naixem. La primera relaci\u00f3 \u00e9s el vincle afectiu que estableix l\u2019infant amb la fam\u00edlia, \u00a0amb la mare, pare o la persona que li dedica m\u00e9s hores (Ramos y Gonz\u00e1lez, 2017); pel mitj\u00e0 del qual aprendr\u00e0 les primeres paraules i les primeres pautes de conducta.<\/span><\/p>\n<p><span style=\"color: #000000\">La fam\u00edlia t\u00e9 un paper fonamental en la formaci\u00f3 dels valors, actituds i h\u00e0bits de l\u2019infant. \u00c9s en aquest entorn on rep les primeres experi\u00e8ncies i estableix les primeres relacions, que esdevindran la base de les seves futures interaccions. A m\u00e9s, la fam\u00edlia \u00e9s la principal transmissora de la cultura i els valors. M\u00e9s endavant, en una segona fase de socialitzaci\u00f3, l\u2019infant s\u2019integrar\u00e0 en diferents grups socials i establir\u00e0 relacions constants amb altres persones, ja que necessita la companyia i la interacci\u00f3 amb els altres per al seu desenvolupament. En aquest proc\u00e9s, intervindran altres agents socials, com l\u2019escola o els companys, que assumiran, en major o menor grau, part de la responsabilitat educativa que inicialment corresponia a la fam\u00edlia.<\/span><\/p>\n<h3><span style=\"color: #000000\"><strong>Beneficis del vincle fam\u00edlia-escola<\/strong><\/span><\/h3>\n<p><span style=\"color: #000000\">Els vincles entre les fam\u00edlies i les escoles no sempre s\u00f3n f\u00e0cils, per\u00f2 comparteixen un objectiu com\u00fa: el benestar dels infants. La responsabilitat d\u2019ambd\u00f3s agents \u00e9s fonamental. Segons Ortiz (2011), citat en De Le\u00f3n (2011, p. 3): &#8220;L\u2019escola per si sola no pot satisfer les necessitats de formaci\u00f3 dels ciutadans, sin\u00f3 que l&#8217;organitzaci\u00f3 del sistema educatiu ha de comptar amb la col\u00b7laboraci\u00f3 dels pares i les mares, com a agents primordials a l&#8217;educaci\u00f3.\u201d<\/span><\/p>\n<p><span style=\"color: #000000\">Segons Avvisati i altres autors (2009), quan les concepcions, les viv\u00e8ncies i les pr\u00e0ctiques dins del centre educatiu deixen enrere la divisi\u00f3 entre docents i fam\u00edlies, l\u2019experi\u00e8ncia escolar millora significativament i els resultats acad\u00e8mics tendeixen a avan\u00e7ar. Aix\u00ed doncs, l\u2019escola i la fam\u00edlia no poden exercir la seva funci\u00f3 educadora de manera a\u00efllada, sin\u00f3 que \u00e9s imprescindible que treballin conjuntament.<br \/>\nJordi Collet i Antoni Tort, en el seu llibre \u201cEscola, fam\u00edlia i comunitat\u201d (2017), descriuen cinc barreres que dificulten la relaci\u00f3:<\/span><\/p>\n<ol>\n<li><span style=\"color: #000000\">Considerar que les fam\u00edlies i la comunitat no formen part de l\u2019escola.<\/span><\/li>\n<li><span style=\"color: #000000\">Creure que els docents tenen la veritat absoluta sobre l\u2019educaci\u00f3 i la comunicaci\u00f3.<\/span><\/li>\n<li><span style=\"color: #000000\">No incloure les diversitats culturals familiars.<\/span><\/li>\n<li><span style=\"color: #000000\">No tenir en compte les fam\u00edlies menys comunicatives o menys visibles.<\/span><\/li>\n<li><span style=\"color: #000000\">No entendre les desigualtats socials de les fam\u00edlies com una barrera important.<\/span><\/li>\n<\/ol>\n<p><span style=\"color: #000000\">Aquestes dificultats s\u00f3n una realitat en molts centres educatius i suposen un repte per a les escoles, que tenen la responsabilitat d\u2019impulsar una col\u00b7laboraci\u00f3 m\u00e9s estreta amb les fam\u00edlies.<\/span><\/p>\n<p><span style=\"color: #000000\"><br \/>\nEn aquesta l\u00ednia, Gonz\u00e1lez-Pienda i altres autors (2002) afirmen que la implicaci\u00f3 de les fam\u00edlies en l\u2019educaci\u00f3 dels seus fills i filles influeix positivament en el seu rendiment escolar: \u201cLes nenes i nens les fam\u00edlies dels quals estan involucrades en la seva educaci\u00f3 tendeixen a tenir un millor rendiment acad\u00e8mic, una major autoestima i una actitud m\u00e9s positiva cap a l&#8217;aprenentatge. Quan les fam\u00edlies estan involucrades en la vida escolar dels seus fills i filles, transmeten un missatge clar que l&#8217;educaci\u00f3 \u00e9s important i que estan compromeses amb l&#8217;\u00e8xit dels seus fills. Aquesta participaci\u00f3 tamb\u00e9 fomenta una connexi\u00f3 de confian\u00e7a.\u201d<br \/>\nSegons Garcia-Bacete (2003), la implicaci\u00f3 de les fam\u00edlies en l\u2019escola t\u00e9 un impacte directe en el rendiment acad\u00e8mic dels infants. Al seu estudi, es demostra que els alumnes amb millors resultats s\u00f3n aquells que han rebut m\u00e9s suport familiar, fet que afavoreix una major vinculaci\u00f3 entre les fam\u00edlies i els centres educatius.<\/span><\/p>\n<p><span style=\"color: #000000\">Per tot aix\u00f2 \u00e9s imprescindible fer conscients a les fam\u00edlies i als docents de la import\u00e0ncia que tenen al dur a terme aquest treball col\u00b7laboratiu. Per aquest motiu, proposem un seguit d\u2019eines, recursos i activitats que es poden implementar a l\u2019escola, garantint horaris accessibles per a les fam\u00edlies amb responsabilitats laborals o personals i tenint en compte la diversitat familiar present als centres educatius.<\/span><\/p>\n<h3><span style=\"color: #000000\"><strong>Eines i recursos per afavorir el vincle fam\u00edlia-escola<\/strong><\/span><\/h3>\n<ol>\n<li><span style=\"color: #000000\"><strong>Acollida i informaci\u00f3 per a les fam\u00edlies<\/strong><\/span><\/li>\n<\/ol>\n<ul>\n<li><span style=\"color: #000000\">Incorporar al Pla d\u2019Acollida <strong>espais i accions per donar a con\u00e8ixer els canals de comunicaci\u00f3 i participaci\u00f3 de les fam\u00edlies<\/strong> a la vida del centre.<\/span><\/li>\n<li><span style=\"color: #000000\"><strong>Facilitar la coneixen\u00e7a del centre<\/strong> a trav\u00e9s de visites guiades, jornades de portes obertes i informaci\u00f3 sobre els projectes educatius.<\/span><\/li>\n<li><span style=\"color: #000000\">Crear un <strong>document d\u2019acollida amb informaci\u00f3 \u00fatil<\/strong> per a les fam\u00edlies, accessible des de la web del centre i lliurat en el primer moment d\u2019arribada.<\/span><\/li>\n<\/ul>\n<ol start=\"2\">\n<li><strong><span style=\"color: #000000\">Suport i referents per a fam\u00edlies nouvingudes<\/span><\/strong><\/li>\n<\/ol>\n<ul>\n<li><span style=\"color: #000000\"><strong>Projecte Buddy:<\/strong> Assignar una fam\u00edlia amb experi\u00e8ncia a les fam\u00edlies nouvingudes, preferiblement amb un origen i una llengua similars, per facilitar l\u2019adaptaci\u00f3.<\/span><\/li>\n<li><span style=\"color: #000000\">Incorporar persones de la mateixa comunitat migrada com a <strong>referents per a fam\u00edlies i alumnat nouvingut<\/strong>, especialment per explicar el sistema educatiu en les diferents etapes i en els moments de transici\u00f3.<\/span><\/li>\n<\/ul>\n<ol start=\"3\">\n<li><span style=\"color: #000000\"><strong> Espais de trobada i intercanvi per a les fam\u00edlies<\/strong><\/span><\/li>\n<\/ol>\n<ul>\n<li><span style=\"color: #000000\">Organitzar <strong>tallers vivencials<\/strong> on pares i mares puguin experimentar, reajustar actuacions i parlar d\u2019aspectes aplicables a l\u2019educaci\u00f3 dels fills. On detectar possibles necessitats i expectatives familiars.<\/span><\/li>\n<li><span style=\"color: #000000\"><strong>Crear espais d\u2019intercanvi entre fam\u00edlies<\/strong> per debatre i compartir estrat\u00e8gies educatives, experi\u00e8ncies i recursos en relaci\u00f3 amb l\u2019educaci\u00f3 dels fills.<\/span><\/li>\n<li><span style=\"color: #000000\"><strong>Promoure f\u00f2rums i espais virtuals d\u2019intercanvi d\u2019opinions<\/strong> per afavorir la comunicaci\u00f3 entre fam\u00edlies i centre.<\/span><\/li>\n<\/ul>\n<ol start=\"4\">\n<li><span style=\"color: #000000\"><strong> Formaci\u00f3 i capacitaci\u00f3 per a fam\u00edlies<\/strong><\/span><\/li>\n<\/ol>\n<ul>\n<li><span style=\"color: #000000\">Oferir <strong>confer\u00e8ncies i tallers<\/strong> per sensibilitzar, informar i reflexionar sobre diferents tem\u00e0tiques educatives.<\/span><\/li>\n<li><span style=\"color: #000000\">Impulsar <strong>debats educatius<\/strong> amb la participaci\u00f3 de fam\u00edlies, professorat i altres professionals de l\u2019\u00e0mbit educatiu.<\/span><\/li>\n<li><span style=\"color: #000000\">Desenvolupar <strong>programes de capacitaci\u00f3 per a fam\u00edlies<\/strong>, donant-los eines per donar suport a l&#8217;aprenentatge i el desenvolupament dels fills a casa.<\/span><\/li>\n<li><span style=\"color: #000000\">Organitzar <strong>cursos de formaci\u00f3<\/strong> dirigits a tota la comunitat educativa.<\/span><\/li>\n<li><span style=\"color: #000000\"><strong>F\u00f2rums<\/strong> en espais <strong>virtuals<\/strong> d\u2019intercanvi d\u2019opinions.<\/span><\/li>\n<li style=\"list-style-type: none\"><\/li>\n<\/ul>\n<p><span style=\"color: #000000\">Entenem que el recolzament que a trav\u00e9s d\u2019aquestes estrat\u00e8gies, reben les fam\u00edlies per part de l\u2019escola, permeten desenvolupar potencialitats i estimular als infants davant de nous reptes. Per tant, les fam\u00edlies s\u2019han de poder sentir part del proc\u00e9s d\u2019aprenentatge dels seus fills i filles.<\/span><\/p>\n<p><span style=\"color: #000000\">Per nosaltres la clau \u00e9s comen\u00e7ar a generar vincles des d\u2019I3 amb l\u2019objectiu de caminar en la mateixa direcci\u00f3 i sumar en el desenvolupament dels infants. La cooperaci\u00f3 entre escola i fam\u00edlia \u00e9s essencial per a la millora acad\u00e8mica i personal dels estudiants. Les estrat\u00e8gies esmentades faciliten aquesta col\u00b7laboraci\u00f3, per\u00f2 l\u2019\u00e8xit dep\u00e8n del comprom\u00eds mutu i de la creaci\u00f3 d\u2019un espai de di\u00e0leg on es valorin les aportacions de tots els agents educatius.<\/span><\/p>\n<h4><span style=\"color: #000000\">Refer\u00e8ncies<\/span><\/h4>\n<p><span style=\"color: #000000\">Collet, J., &amp; Tort, A. (2011).\u00a0<em>Fam\u00edlies, escola i \u00e8xit: millorar els vincles per millorar els resultats<\/em>\u00a0(Vol. 87). Fundaci\u00f3 Jaume Bofill.<\/span><\/p>\n<p><span style=\"color: #000000\">Epstein, J. L. (2011). <em>School, Family, and Community Partnerships: Preparing Educators and Improving Schools<\/em>. Westview Press.<\/span><\/p>\n<p><span style=\"color: #000000\">Gonz\u00e1lez-Pienda, J. A., N\u00fa\u00f1ez, J. C., &amp; Gonz\u00e1lez-Pumariega, S. (2002). <em>Implicaci\u00f3n familiar y rendimiento escolar<\/em>. Revista de Psicodid\u00e1ctica, 7, 81-94.<\/span><\/p>\n<p><span style=\"color: #000000\">Manjarr\u00e9s Carrizalez, D., Le\u00f3n Gonz\u00e1lez, E. Y., &amp; Gait\u00e1n Luque, A. (2017).\u00a0<em>Familia y escuela: oportunidad de formaci\u00f3n, posibilidad de interacci\u00f3n<\/em>. Universidad Pedag\u00f3gica Nacional.<\/span><\/p>\n<p><span style=\"color: #000000\">Mu\u00f1oz, M. C. (2009). La importancia de la colaboraci\u00f3n familia-escuela en la educaci\u00f3n.\u00a0<em>Innov. Exp. Educ<\/em>,\u00a0<em>16<\/em>, 1-9.<\/span><\/p>\n<p><span style=\"color: #000000\">Ramos, Y., &amp; Gonz\u00e1lez, M. (2017). Un acercamiento a la funci\u00f3n educativa de la familia.\u00a0<em>Revista Cubana de Medicina General Integral<\/em>, 33(1), 100-114. Recuperado de\u00a0<a style=\"color: #000000\" href=\"http:\/\/scielo.sld.cu\/scielo.php?script=sci_arttext&amp;pid=S0864-21252017000100009\">http:\/\/scielo.sld.cu\/scielo.php?script=sci_arttext&amp;pid=S0864-21252017000100009<\/a><\/span><\/p>\n<p><span style=\"color: #000000\">Rivas-Borrell, S., &amp; Ugarte-Artal, C. (2014). Formaci\u00f3n docente y cultura participativa del centro educativo: claves para favorecer la participaci\u00f3n familia-escuela.<\/span><\/p>\n<p><span style=\"color: #000000\">Robles-Moreno, V., Arroyo, A., Mesa, J. (2024). Participaci\u00f3 a l\u2019Origen. aFFaC. https:\/\/affac.cat\/affac\/participacio-origen\/<\/span><\/p>\n<h4><span style=\"color: #000000\">Guies<\/span><\/h4>\n<p><span style=\"color: #000000\"><a style=\"color: #000000\" href=\"https:\/\/xtec.gencat.cat\/web\/.content\/comunitat\/escolaifamilia\/Continguts-Escola-i-Families-Abril-2022.pdf\">https:\/\/xtec.gencat.cat\/web\/.content\/comunitat\/escolaifamilia\/Continguts-Escola-i-Families-Abril-2022.pdf<\/a><\/span><\/p>\n<p><span style=\"color: #000000\"><a style=\"color: #000000\" href=\"https:\/\/ioc.xtec.cat\/materials\/FP\/Recursos\/fp_edi_m01_\/web\/fp_edi_m01_htmlindex\/media\/fp_edi_m01_u4_pdfindex.pdf\">https:\/\/ioc.xtec.cat\/materials\/FP\/Recursos\/fp_edi_m01_\/web\/fp_edi_m01_htmlindex\/media\/fp_edi_m01_u4_pdfindex.pdf<\/a><\/span><\/p>\n<p><span style=\"color: #000000\">Robles-Moreno, V., Arroyo, A., Mesa, J. (2024). Participaci\u00f3 a l\u2019Origen. aFFaC. https:\/\/affac.cat\/affac\/participacio-origen\/<\/span>[\/vc_column_text][\/vc_column][\/vc_row]<\/p>\n<\/div>","protected":false},"excerpt":{"rendered":"<p> BENEFICIS DEL VINCLE FAM\u00cdLIA ESCOLA Anna Fillat i Cristina Morat\u00f3, [&hellip;]<\/p>\n","protected":false},"author":1,"featured_media":13539,"comment_status":"closed","ping_status":"closed","sticky":false,"template":"","format":"standard","meta":{"footnotes":""},"categories":[2],"tags":[],"class_list":["post-13548","post","type-post","status-publish","format-standard","has-post-thumbnail","hentry","category-actualitat"],"yoast_head":"<!-- This site is optimized with the Yoast SEO plugin v27.4 - https:\/\/yoast.com\/product\/yoast-seo-wordpress\/ -->\n<title>Beneficis del vincle fam\u00edlia escola - Fundaci\u00f3n Privada Nous Cims<\/title>\n<meta name=\"robots\" content=\"index, follow, max-snippet:-1, max-image-preview:large, max-video-preview:-1\" \/>\n<link rel=\"canonical\" href=\"https:\/\/www.nouscims.com\/ca\/actualitat\/beneficis-del-vincle-familia-escola\/\" \/>\n<meta property=\"og:locale\" content=\"ca_ES\" \/>\n<meta property=\"og:type\" content=\"article\" \/>\n<meta property=\"og:title\" content=\"Beneficis del vincle fam\u00edlia escola - Fundaci\u00f3n Privada Nous Cims\" \/>\n<meta property=\"og:description\" content=\"BENEFICIS DEL VINCLE FAM\u00cdLIA ESCOLA Anna Fillat i Cristina Morat\u00f3, [&hellip;]\" \/>\n<meta property=\"og:url\" content=\"https:\/\/www.nouscims.com\/ca\/actualitat\/beneficis-del-vincle-familia-escola\/\" \/>\n<meta property=\"og:site_name\" content=\"Fundaci\u00f3n Privada Nous Cims\" \/>\n<meta property=\"article:publisher\" content=\"https:\/\/www.facebook.com\/nouscims\" \/>\n<meta property=\"article:published_time\" content=\"2025-04-24T12:05:13+00:00\" \/>\n<meta property=\"article:modified_time\" content=\"2025-11-26T13:12:38+00:00\" \/>\n<meta property=\"og:image\" content=\"https:\/\/www.nouscims.com\/wp-content\/uploads\/2025\/11\/MCH_8989-scaled-e1745416748667.jpg\" \/>\n\t<meta property=\"og:image:width\" content=\"1702\" \/>\n\t<meta property=\"og:image:height\" content=\"2073\" \/>\n\t<meta property=\"og:image:type\" content=\"image\/jpeg\" \/>\n<meta name=\"author\" content=\"nous_admin\" \/>\n<meta name=\"twitter:card\" content=\"summary_large_image\" \/>\n<meta name=\"twitter:creator\" content=\"@nouscims\" \/>\n<meta name=\"twitter:site\" content=\"@nouscims\" \/>\n<meta name=\"twitter:label1\" content=\"Escrit per\" \/>\n\t<meta name=\"twitter:data1\" content=\"nous_admin\" \/>\n\t<meta name=\"twitter:label2\" content=\"Temps estimat de lectura\" \/>\n\t<meta name=\"twitter:data2\" content=\"7 minuts\" \/>\n<script type=\"application\/ld+json\" class=\"yoast-schema-graph\">{\"@context\":\"https:\\\/\\\/schema.org\",\"@graph\":[{\"@type\":\"Article\",\"@id\":\"https:\\\/\\\/www.nouscims.com\\\/ca\\\/actualitat\\\/beneficis-del-vincle-familia-escola\\\/#article\",\"isPartOf\":{\"@id\":\"https:\\\/\\\/www.nouscims.com\\\/ca\\\/actualitat\\\/beneficis-del-vincle-familia-escola\\\/\"},\"author\":{\"name\":\"nous_admin\",\"@id\":\"https:\\\/\\\/www.nouscims.com\\\/ca\\\/#\\\/schema\\\/person\\\/98bca0bd4f2210a80be68817b89f5d33\"},\"headline\":\"Beneficis del vincle fam\u00edlia escola\",\"datePublished\":\"2025-04-24T12:05:13+00:00\",\"dateModified\":\"2025-11-26T13:12:38+00:00\",\"mainEntityOfPage\":{\"@id\":\"https:\\\/\\\/www.nouscims.com\\\/ca\\\/actualitat\\\/beneficis-del-vincle-familia-escola\\\/\"},\"wordCount\":1665,\"image\":{\"@id\":\"https:\\\/\\\/www.nouscims.com\\\/ca\\\/actualitat\\\/beneficis-del-vincle-familia-escola\\\/#primaryimage\"},\"thumbnailUrl\":\"https:\\\/\\\/www.nouscims.com\\\/wp-content\\\/uploads\\\/2025\\\/11\\\/MCH_8989-scaled-e1745416748667.jpg\",\"articleSection\":[\"Actualitat\"],\"inLanguage\":\"ca\"},{\"@type\":\"WebPage\",\"@id\":\"https:\\\/\\\/www.nouscims.com\\\/ca\\\/actualitat\\\/beneficis-del-vincle-familia-escola\\\/\",\"url\":\"https:\\\/\\\/www.nouscims.com\\\/ca\\\/actualitat\\\/beneficis-del-vincle-familia-escola\\\/\",\"name\":\"Beneficis del vincle fam\u00edlia escola - Fundaci\u00f3n Privada Nous Cims\",\"isPartOf\":{\"@id\":\"https:\\\/\\\/www.nouscims.com\\\/ca\\\/#website\"},\"primaryImageOfPage\":{\"@id\":\"https:\\\/\\\/www.nouscims.com\\\/ca\\\/actualitat\\\/beneficis-del-vincle-familia-escola\\\/#primaryimage\"},\"image\":{\"@id\":\"https:\\\/\\\/www.nouscims.com\\\/ca\\\/actualitat\\\/beneficis-del-vincle-familia-escola\\\/#primaryimage\"},\"thumbnailUrl\":\"https:\\\/\\\/www.nouscims.com\\\/wp-content\\\/uploads\\\/2025\\\/11\\\/MCH_8989-scaled-e1745416748667.jpg\",\"datePublished\":\"2025-04-24T12:05:13+00:00\",\"dateModified\":\"2025-11-26T13:12:38+00:00\",\"author\":{\"@id\":\"https:\\\/\\\/www.nouscims.com\\\/ca\\\/#\\\/schema\\\/person\\\/98bca0bd4f2210a80be68817b89f5d33\"},\"breadcrumb\":{\"@id\":\"https:\\\/\\\/www.nouscims.com\\\/ca\\\/actualitat\\\/beneficis-del-vincle-familia-escola\\\/#breadcrumb\"},\"inLanguage\":\"ca\",\"potentialAction\":[{\"@type\":\"ReadAction\",\"target\":[\"https:\\\/\\\/www.nouscims.com\\\/ca\\\/actualitat\\\/beneficis-del-vincle-familia-escola\\\/\"]}]},{\"@type\":\"ImageObject\",\"inLanguage\":\"ca\",\"@id\":\"https:\\\/\\\/www.nouscims.com\\\/ca\\\/actualitat\\\/beneficis-del-vincle-familia-escola\\\/#primaryimage\",\"url\":\"https:\\\/\\\/www.nouscims.com\\\/wp-content\\\/uploads\\\/2025\\\/11\\\/MCH_8989-scaled-e1745416748667.jpg\",\"contentUrl\":\"https:\\\/\\\/www.nouscims.com\\\/wp-content\\\/uploads\\\/2025\\\/11\\\/MCH_8989-scaled-e1745416748667.jpg\",\"width\":1702,\"height\":2073},{\"@type\":\"BreadcrumbList\",\"@id\":\"https:\\\/\\\/www.nouscims.com\\\/ca\\\/actualitat\\\/beneficis-del-vincle-familia-escola\\\/#breadcrumb\",\"itemListElement\":[{\"@type\":\"ListItem\",\"position\":1,\"name\":\"Portada\",\"item\":\"https:\\\/\\\/www.nouscims.com\\\/ca\\\/\"},{\"@type\":\"ListItem\",\"position\":2,\"name\":\"Beneficis del vincle fam\u00edlia escola\"}]},{\"@type\":\"WebSite\",\"@id\":\"https:\\\/\\\/www.nouscims.com\\\/ca\\\/#website\",\"url\":\"https:\\\/\\\/www.nouscims.com\\\/ca\\\/\",\"name\":\"Fundaci\u00f3n Privada Nous Cims\",\"description\":\"Impulsamos y desarrollamos proyectos de innovaci\u00f3n social\",\"potentialAction\":[{\"@type\":\"SearchAction\",\"target\":{\"@type\":\"EntryPoint\",\"urlTemplate\":\"https:\\\/\\\/www.nouscims.com\\\/ca\\\/?s={search_term_string}\"},\"query-input\":{\"@type\":\"PropertyValueSpecification\",\"valueRequired\":true,\"valueName\":\"search_term_string\"}}],\"inLanguage\":\"ca\"},{\"@type\":\"Person\",\"@id\":\"https:\\\/\\\/www.nouscims.com\\\/ca\\\/#\\\/schema\\\/person\\\/98bca0bd4f2210a80be68817b89f5d33\",\"name\":\"nous_admin\",\"image\":{\"@type\":\"ImageObject\",\"inLanguage\":\"ca\",\"@id\":\"https:\\\/\\\/secure.gravatar.com\\\/avatar\\\/7b0df6bab50c1a7b72afa5353b411cf571c19c3f0c19733e684b0ef25d0b347e?s=96&d=mm&r=g\",\"url\":\"https:\\\/\\\/secure.gravatar.com\\\/avatar\\\/7b0df6bab50c1a7b72afa5353b411cf571c19c3f0c19733e684b0ef25d0b347e?s=96&d=mm&r=g\",\"contentUrl\":\"https:\\\/\\\/secure.gravatar.com\\\/avatar\\\/7b0df6bab50c1a7b72afa5353b411cf571c19c3f0c19733e684b0ef25d0b347e?s=96&d=mm&r=g\",\"caption\":\"nous_admin\"},\"url\":\"https:\\\/\\\/www.nouscims.com\\\/ca\\\/author\\\/nous_admin\\\/\"}]}<\/script>\n<!-- \/ Yoast SEO plugin. -->","yoast_head_json":{"title":"Beneficis del vincle fam\u00edlia escola - Fundaci\u00f3n Privada Nous Cims","robots":{"index":"index","follow":"follow","max-snippet":"max-snippet:-1","max-image-preview":"max-image-preview:large","max-video-preview":"max-video-preview:-1"},"canonical":"https:\/\/www.nouscims.com\/ca\/actualitat\/beneficis-del-vincle-familia-escola\/","og_locale":"ca_ES","og_type":"article","og_title":"Beneficis del vincle fam\u00edlia escola - Fundaci\u00f3n Privada Nous Cims","og_description":"BENEFICIS DEL VINCLE FAM\u00cdLIA ESCOLA Anna Fillat i Cristina Morat\u00f3, [&hellip;]","og_url":"https:\/\/www.nouscims.com\/ca\/actualitat\/beneficis-del-vincle-familia-escola\/","og_site_name":"Fundaci\u00f3n Privada Nous Cims","article_publisher":"https:\/\/www.facebook.com\/nouscims","article_published_time":"2025-04-24T12:05:13+00:00","article_modified_time":"2025-11-26T13:12:38+00:00","og_image":[{"width":1702,"height":2073,"url":"https:\/\/www.nouscims.com\/wp-content\/uploads\/2025\/11\/MCH_8989-scaled-e1745416748667.jpg","type":"image\/jpeg"}],"author":"nous_admin","twitter_card":"summary_large_image","twitter_creator":"@nouscims","twitter_site":"@nouscims","twitter_misc":{"Escrit per":"nous_admin","Temps estimat de lectura":"7 minuts"},"schema":{"@context":"https:\/\/schema.org","@graph":[{"@type":"Article","@id":"https:\/\/www.nouscims.com\/ca\/actualitat\/beneficis-del-vincle-familia-escola\/#article","isPartOf":{"@id":"https:\/\/www.nouscims.com\/ca\/actualitat\/beneficis-del-vincle-familia-escola\/"},"author":{"name":"nous_admin","@id":"https:\/\/www.nouscims.com\/ca\/#\/schema\/person\/98bca0bd4f2210a80be68817b89f5d33"},"headline":"Beneficis del vincle fam\u00edlia escola","datePublished":"2025-04-24T12:05:13+00:00","dateModified":"2025-11-26T13:12:38+00:00","mainEntityOfPage":{"@id":"https:\/\/www.nouscims.com\/ca\/actualitat\/beneficis-del-vincle-familia-escola\/"},"wordCount":1665,"image":{"@id":"https:\/\/www.nouscims.com\/ca\/actualitat\/beneficis-del-vincle-familia-escola\/#primaryimage"},"thumbnailUrl":"https:\/\/www.nouscims.com\/wp-content\/uploads\/2025\/11\/MCH_8989-scaled-e1745416748667.jpg","articleSection":["Actualitat"],"inLanguage":"ca"},{"@type":"WebPage","@id":"https:\/\/www.nouscims.com\/ca\/actualitat\/beneficis-del-vincle-familia-escola\/","url":"https:\/\/www.nouscims.com\/ca\/actualitat\/beneficis-del-vincle-familia-escola\/","name":"Beneficis del vincle fam\u00edlia escola - Fundaci\u00f3n Privada Nous Cims","isPartOf":{"@id":"https:\/\/www.nouscims.com\/ca\/#website"},"primaryImageOfPage":{"@id":"https:\/\/www.nouscims.com\/ca\/actualitat\/beneficis-del-vincle-familia-escola\/#primaryimage"},"image":{"@id":"https:\/\/www.nouscims.com\/ca\/actualitat\/beneficis-del-vincle-familia-escola\/#primaryimage"},"thumbnailUrl":"https:\/\/www.nouscims.com\/wp-content\/uploads\/2025\/11\/MCH_8989-scaled-e1745416748667.jpg","datePublished":"2025-04-24T12:05:13+00:00","dateModified":"2025-11-26T13:12:38+00:00","author":{"@id":"https:\/\/www.nouscims.com\/ca\/#\/schema\/person\/98bca0bd4f2210a80be68817b89f5d33"},"breadcrumb":{"@id":"https:\/\/www.nouscims.com\/ca\/actualitat\/beneficis-del-vincle-familia-escola\/#breadcrumb"},"inLanguage":"ca","potentialAction":[{"@type":"ReadAction","target":["https:\/\/www.nouscims.com\/ca\/actualitat\/beneficis-del-vincle-familia-escola\/"]}]},{"@type":"ImageObject","inLanguage":"ca","@id":"https:\/\/www.nouscims.com\/ca\/actualitat\/beneficis-del-vincle-familia-escola\/#primaryimage","url":"https:\/\/www.nouscims.com\/wp-content\/uploads\/2025\/11\/MCH_8989-scaled-e1745416748667.jpg","contentUrl":"https:\/\/www.nouscims.com\/wp-content\/uploads\/2025\/11\/MCH_8989-scaled-e1745416748667.jpg","width":1702,"height":2073},{"@type":"BreadcrumbList","@id":"https:\/\/www.nouscims.com\/ca\/actualitat\/beneficis-del-vincle-familia-escola\/#breadcrumb","itemListElement":[{"@type":"ListItem","position":1,"name":"Portada","item":"https:\/\/www.nouscims.com\/ca\/"},{"@type":"ListItem","position":2,"name":"Beneficis del vincle fam\u00edlia escola"}]},{"@type":"WebSite","@id":"https:\/\/www.nouscims.com\/ca\/#website","url":"https:\/\/www.nouscims.com\/ca\/","name":"Fundaci\u00f3n Privada Nous Cims","description":"Impulsamos y desarrollamos proyectos de innovaci\u00f3n social","potentialAction":[{"@type":"SearchAction","target":{"@type":"EntryPoint","urlTemplate":"https:\/\/www.nouscims.com\/ca\/?s={search_term_string}"},"query-input":{"@type":"PropertyValueSpecification","valueRequired":true,"valueName":"search_term_string"}}],"inLanguage":"ca"},{"@type":"Person","@id":"https:\/\/www.nouscims.com\/ca\/#\/schema\/person\/98bca0bd4f2210a80be68817b89f5d33","name":"nous_admin","image":{"@type":"ImageObject","inLanguage":"ca","@id":"https:\/\/secure.gravatar.com\/avatar\/7b0df6bab50c1a7b72afa5353b411cf571c19c3f0c19733e684b0ef25d0b347e?s=96&d=mm&r=g","url":"https:\/\/secure.gravatar.com\/avatar\/7b0df6bab50c1a7b72afa5353b411cf571c19c3f0c19733e684b0ef25d0b347e?s=96&d=mm&r=g","contentUrl":"https:\/\/secure.gravatar.com\/avatar\/7b0df6bab50c1a7b72afa5353b411cf571c19c3f0c19733e684b0ef25d0b347e?s=96&d=mm&r=g","caption":"nous_admin"},"url":"https:\/\/www.nouscims.com\/ca\/author\/nous_admin\/"}]}},"_links":{"self":[{"href":"https:\/\/www.nouscims.com\/ca\/wp-json\/wp\/v2\/posts\/13548","targetHints":{"allow":["GET"]}}],"collection":[{"href":"https:\/\/www.nouscims.com\/ca\/wp-json\/wp\/v2\/posts"}],"about":[{"href":"https:\/\/www.nouscims.com\/ca\/wp-json\/wp\/v2\/types\/post"}],"author":[{"embeddable":true,"href":"https:\/\/www.nouscims.com\/ca\/wp-json\/wp\/v2\/users\/1"}],"replies":[{"embeddable":true,"href":"https:\/\/www.nouscims.com\/ca\/wp-json\/wp\/v2\/comments?post=13548"}],"version-history":[{"count":3,"href":"https:\/\/www.nouscims.com\/ca\/wp-json\/wp\/v2\/posts\/13548\/revisions"}],"predecessor-version":[{"id":13564,"href":"https:\/\/www.nouscims.com\/ca\/wp-json\/wp\/v2\/posts\/13548\/revisions\/13564"}],"wp:featuredmedia":[{"embeddable":true,"href":"https:\/\/www.nouscims.com\/ca\/wp-json\/wp\/v2\/media\/13539"}],"wp:attachment":[{"href":"https:\/\/www.nouscims.com\/ca\/wp-json\/wp\/v2\/media?parent=13548"}],"wp:term":[{"taxonomy":"category","embeddable":true,"href":"https:\/\/www.nouscims.com\/ca\/wp-json\/wp\/v2\/categories?post=13548"},{"taxonomy":"post_tag","embeddable":true,"href":"https:\/\/www.nouscims.com\/ca\/wp-json\/wp\/v2\/tags?post=13548"}],"curies":[{"name":"wp","href":"https:\/\/api.w.org\/{rel}","templated":true}]}}